{"id":627571,"date":"2025-12-29T12:32:17","date_gmt":"2025-12-29T12:32:17","guid":{"rendered":"https:\/\/www.europesays.com\/fr\/627571\/"},"modified":"2025-12-29T12:32:17","modified_gmt":"2025-12-29T12:32:17","slug":"arrete-par-la-police-en-partant-de-france-andy-carroll-risque-la-prison","status":"publish","type":"post","link":"https:\/\/www.europesays.com\/fr\/627571\/","title":{"rendered":"arr\u00eat\u00e9 par la police en partant de France, Andy Carroll risque la prison"},"content":{"rendered":"<p>Il y a quelques mois encore, Andy Carroll r\u00eavait d&rsquo;incarner le symbole du renouveau bordelais. En acceptant de descendre dans les bas-fonds du football amateur fran\u00e7ais pour aider une institution \u00e0 l&rsquo;agonie, l&rsquo;ancien international anglais (9 s\u00e9lections) avait regagn\u00e9 le respect des supporters. Mais derri\u00e8re les buts inscrits et l&rsquo;humilit\u00e9 affich\u00e9e en Gironde, une affaire judiciaire explosive mena\u00e7ait d&rsquo;\u00e9clater.<\/p>\n<p>Le conte de f\u00e9es a brutalement bascul\u00e9 lors d&rsquo;un retour au pays en provenance de France. Selon les r\u00e9v\u00e9lations du <a href=\"https:\/\/www.sport.es\/es\/noticias\/futbol\/problemas-andy-carroll-ex-estrella-125197676\" target=\"_blank\" rel=\"noopener\">Sun<\/a>, l\u2019attaquant de 36 ans a \u00e9t\u00e9 interpell\u00e9 par la police britannique dans un a\u00e9roport d\u00e8s sa descente d&rsquo;avion. Une sc\u00e8ne marquante : \u00ab\u00a0Cela a provoqu\u00e9 un \u00e9norme remue-m\u00e9nage car il y avait beaucoup d&rsquo;autres passagers \u00e0 l&rsquo;endroit o\u00f9 il a \u00e9t\u00e9 arr\u00eat\u00e9\u00a0\u00bb pr\u00e9cisent des sources proches de l&rsquo;enqu\u00eate.<\/p>\n<p>Jusqu&rsquo;\u00e0 cinq ans de prison<\/p>\n<p>Le motif de cette arrestation ? Le non-respect d&rsquo;une mesure judiciaire stricte datant de mars dernier. L\u2019ex-star de Liverpool est accus\u00e9e d&rsquo;avoir viol\u00e9 une ordonnance d&rsquo;\u00e9loignement, un acte p\u00e9nalement lourd outre-Manche. Alors qu\u2019il \u00e9volue d\u00e9sormais \u00e0 Dagenham &amp; Redbridge, Carroll jouera sa libert\u00e9 ce mardi 30 d\u00e9cembre devant la justice.<\/p>\n<p>Face \u00e0 la gravit\u00e9 des faits et \u00e0 la violation caract\u00e9ris\u00e9e de cette injonction, l&rsquo;ancien chouchou de Newcastle risque d\u00e9sormais une peine de prison ferme. En Angleterre, cela peut faire l&rsquo;objet de poursuites p\u00e9nales et la peine maximale requise est de cinq ans. Une sacr\u00e9e descente aux enfers !<\/p>\n<p>   Partagez cette info avec vos amis et vos proches en cliquant ici<br \/> Pour r\u00e9sumer<\/p>\n<p>Andy Carroll, symbole du renouveau des Girondins, a \u00e9t\u00e9 arr\u00eat\u00e9 au Royaume-Uni pour violation d\u2019une ordonnance d\u2019\u00e9loignement. Risquant jusqu\u2019\u00e0 cinq ans de prison, son conte de f\u00e9es en France tourne au cauchemar judiciaire.<\/p>\n<p>R\u00e9dacteur<\/p>\n<p><img decoding=\"async\" width=\"76\" height=\"76\" loading=\"lazy\" src=\"https:\/\/www.europesays.com\/fr\/wp-content\/uploads\/2025\/04\/avatar-onze.webp.webp\" alt=\"La r\u00e9daction\"\/><\/p>\n","protected":false},"excerpt":{"rendered":"Il y a quelques mois encore, Andy Carroll r\u00eavait d&rsquo;incarner le symbole du renouveau bordelais. En acceptant de&hellip;\n","protected":false},"author":2,"featured_media":627572,"comment_status":"","ping_status":"","sticky":false,"template":"","format":"standard","meta":{"footnotes":""},"categories":[2817],"tags":[1111,11,1997,1777,674,1011,27,66,12,2219,25],"class_list":{"0":"post-627571","1":"post","2":"type-post","3":"status-publish","4":"format-standard","5":"has-post-thumbnail","7":"category-bordeaux","8":"tag-actu","9":"tag-actualites","10":"tag-bordeaux","11":"tag-eu","12":"tag-europe","13":"tag-fr","14":"tag-france","15":"tag-ligue-1","16":"tag-news","17":"tag-nouvelle-aquitaine","18":"tag-republique-francaise"},"share_on_mastodon":{"url":"https:\/\/pubeurope.com\/@fr\/115802875417212760","error":""},"_links":{"self":[{"href":"https:\/\/www.europesays.com\/fr\/wp-json\/wp\/v2\/posts\/627571","targetHints":{"allow":["GET"]}}],"collection":[{"href":"https:\/\/www.europesays.com\/fr\/wp-json\/wp\/v2\/posts"}],"about":[{"href":"https:\/\/www.europesays.com\/fr\/wp-json\/wp\/v2\/types\/post"}],"author":[{"embeddable":true,"href":"https:\/\/www.europesays.com\/fr\/wp-json\/wp\/v2\/users\/2"}],"replies":[{"embeddable":true,"href":"https:\/\/www.europesays.com\/fr\/wp-json\/wp\/v2\/comments?post=627571"}],"version-history":[{"count":0,"href":"https:\/\/www.europesays.com\/fr\/wp-json\/wp\/v2\/posts\/627571\/revisions"}],"wp:featuredmedia":[{"embeddable":true,"href":"https:\/\/www.europesays.com\/fr\/wp-json\/wp\/v2\/media\/627572"}],"wp:attachment":[{"href":"https:\/\/www.europesays.com\/fr\/wp-json\/wp\/v2\/media?parent=627571"}],"wp:term":[{"taxonomy":"category","embeddable":true,"href":"https:\/\/www.europesays.com\/fr\/wp-json\/wp\/v2\/categories?post=627571"},{"taxonomy":"post_tag","embeddable":true,"href":"https:\/\/www.europesays.com\/fr\/wp-json\/wp\/v2\/tags?post=627571"}],"curies":[{"name":"wp","href":"https:\/\/api.w.org\/{rel}","templated":true}]}}