{"id":627575,"date":"2025-12-29T12:34:11","date_gmt":"2025-12-29T12:34:11","guid":{"rendered":"https:\/\/www.europesays.com\/fr\/627575\/"},"modified":"2025-12-29T12:34:11","modified_gmt":"2025-12-29T12:34:11","slug":"deux-pietonnes-fauchees-par-une-voiture-grievement-blessees","status":"publish","type":"post","link":"https:\/\/www.europesays.com\/fr\/627575\/","title":{"rendered":"Deux pi\u00e9tonnes fauch\u00e9es par une voiture gri\u00e8vement bless\u00e9es"},"content":{"rendered":"<p>Deux femmes de 30 et 45 ans ont \u00e9t\u00e9 transport\u00e9es \u00e0 l\u2019h\u00f4pital dans un \u00e9tat grave apr\u00e8s un <a href=\"https:\/\/www.20minutes.fr\/faits_divers\/4189642-20251204-gers-renverses-voiture-deux-collegiens-hospitalises\" target=\"_blank\" class=\"c-link c-link--is-underlined\" rel=\"noopener\">violent choc<\/a> avec un v\u00e9hicule, dans la nuit de dimanche \u00e0 lundi, au niveau du rond-point du Page \u00e0 <a href=\"https:\/\/www.20minutes.fr\/dossier\/colomiers\" class=\"c-link c-link--is-underlined\" target=\"_blank\" rel=\"noopener\">Colomiers<\/a> pr\u00e8s de <a href=\"https:\/\/www.20minutes.fr\/faits_divers\/faits-divers-toulouse\/4192922-20251223-toulouse-jeune-femme-presente-hopital-nourrisson-mort-sac-dos\" target=\"_blank\" class=\"c-link c-link--is-underlined\" rel=\"noopener\">Toulouse<\/a>.<\/p>\n<p>Les sapeurs-pompiers de la <a href=\"https:\/\/www.20minutes.fr\/dossier\/haute-garonne\" class=\"c-link c-link--is-underlined\" target=\"_blank\" rel=\"noopener\">Haute-Garonne<\/a> ont \u00e9t\u00e9 alert\u00e9s vers 0h20, ce lundi, selon Ici Occitanie. Une voiture a percut\u00e9 les deux pi\u00e9tonnes aux abords de ce rond-point, tout pr\u00e8s de la N124 qui m\u00e8ne \u00e0 la rocade de Toulouse.<\/p>\n<\/p>\n<p>Les circonstances de l\u2019accident encore inconnues<\/p>\n<p>Les deux victimes ont \u00e9t\u00e9 prises en charge en urgence absolue et \u00e9vacu\u00e9es vers un centre hospitalier du secteur, selon le Service d\u00e9partemental d\u2019incendie et de secours (SDIS) 31. Deux \u00e9quipes du SMUR, treize pompiers et cinq engins de secours ont \u00e9t\u00e9 mobilis\u00e9s sur place, ainsi que la police nationale.<\/p>\n<p>Les circonstances exactes de l\u2019accident restent pour l\u2019instant inconnues. Une enqu\u00eate est en cours pour les d\u00e9terminer.<\/p>\n","protected":false},"excerpt":{"rendered":"Deux femmes de 30 et 45 ans ont \u00e9t\u00e9 transport\u00e9es \u00e0 l\u2019h\u00f4pital dans un \u00e9tat grave apr\u00e8s un&hellip;\n","protected":false},"author":2,"featured_media":627576,"comment_status":"","ping_status":"","sticky":false,"template":"","format":"standard","meta":{"footnotes":""},"categories":[2816],"tags":[119,4376,1111,47,11,41590,1777,674,118,6738,1011,27,2722,2721,12,2680,10636,25,2312],"class_list":{"0":"post-627575","1":"post","2":"type-post","3":"status-publish","4":"format-standard","5":"has-post-thumbnail","7":"category-toulouse","8":"tag-accident","9":"tag-accident-de-la-route","10":"tag-actu","11":"tag-actualite","12":"tag-actualites","13":"tag-colomiers","14":"tag-eu","15":"tag-europe","16":"tag-faits-divers","17":"tag-faits-divers-toulouse","18":"tag-fr","19":"tag-france","20":"tag-haute-garonne","21":"tag-midi-pyrenees","22":"tag-news","23":"tag-occitanie","24":"tag-pietons","25":"tag-republique-francaise","26":"tag-toulouse"},"share_on_mastodon":{"url":"https:\/\/pubeurope.com\/@fr\/115802882925684043","error":""},"_links":{"self":[{"href":"https:\/\/www.europesays.com\/fr\/wp-json\/wp\/v2\/posts\/627575","targetHints":{"allow":["GET"]}}],"collection":[{"href":"https:\/\/www.europesays.com\/fr\/wp-json\/wp\/v2\/posts"}],"about":[{"href":"https:\/\/www.europesays.com\/fr\/wp-json\/wp\/v2\/types\/post"}],"author":[{"embeddable":true,"href":"https:\/\/www.europesays.com\/fr\/wp-json\/wp\/v2\/users\/2"}],"replies":[{"embeddable":true,"href":"https:\/\/www.europesays.com\/fr\/wp-json\/wp\/v2\/comments?post=627575"}],"version-history":[{"count":0,"href":"https:\/\/www.europesays.com\/fr\/wp-json\/wp\/v2\/posts\/627575\/revisions"}],"wp:featuredmedia":[{"embeddable":true,"href":"https:\/\/www.europesays.com\/fr\/wp-json\/wp\/v2\/media\/627576"}],"wp:attachment":[{"href":"https:\/\/www.europesays.com\/fr\/wp-json\/wp\/v2\/media?parent=627575"}],"wp:term":[{"taxonomy":"category","embeddable":true,"href":"https:\/\/www.europesays.com\/fr\/wp-json\/wp\/v2\/categories?post=627575"},{"taxonomy":"post_tag","embeddable":true,"href":"https:\/\/www.europesays.com\/fr\/wp-json\/wp\/v2\/tags?post=627575"}],"curies":[{"name":"wp","href":"https:\/\/api.w.org\/{rel}","templated":true}]}}