{"id":627579,"date":"2025-12-29T12:37:11","date_gmt":"2025-12-29T12:37:11","guid":{"rendered":"https:\/\/www.europesays.com\/fr\/627579\/"},"modified":"2025-12-29T12:37:11","modified_gmt":"2025-12-29T12:37:11","slug":"carte-decouvrez-les-17-points-de-collecte-pour-recycler-votre-sapin-de-noel-a-lille","status":"publish","type":"post","link":"https:\/\/www.europesays.com\/fr\/627579\/","title":{"rendered":"CARTE. D\u00e9couvrez les 17 points de collecte pour recycler votre sapin de No\u00ebl \u00e0 Lille"},"content":{"rendered":"<p class=\"article__intro\">Apr\u00e8s les f\u00eates de fin d&rsquo;ann\u00e9e, la Ville de Lille renouvelle son op\u00e9ration \u00ab\u00a0Une seconde vie pour votre sapin\u00a0\u00bb et met en place 17 points de collecte de sapins de No\u00ebl dans les quartiers de la ville. Les habitants pourront les d\u00e9poser du 3 au 25 janvier 2026.<\/p>\n<p>\n      L\u2019actu des r\u00e9gions\n    <\/p>\n<p>\n      Chaque jour, un tour d\u2019horizon des principales infos de toutes les r\u00e9gions.\n    <\/p>\n<p>    France T\u00e9l\u00e9visions utilise votre adresse e-mail afin de vous envoyer la newsletter \u00ab\u00a0L\u2019actu des r\u00e9gions\u00a0\u00bb. Vous pouvez vous d\u00e9sinscrire \u00e0 tout moment via le lien en bas de cette newsletter. <a target=\"_blank\" href=\"https:\/\/www.francetelevisions.fr\/groupe\/confidentialite\/politique-de-confidentialite\/politique-de-confidentialite-de-france-televisions-6503\" rel=\"noopener\">Notre politique de confidentialit\u00e9<\/a><\/p>\n<p>Que faire de son <a href=\"https:\/\/france3-regions.franceinfo.fr\/hauts-de-france\/nord-0\/lille-metropole\/un-cote-exceptionnel-le-sapin-de-noel-geant-fait-son-grand-retour-sur-la-grande-place-3254224.html\" target=\"_blank\" rel=\"noopener noreferrer nofollow\" data-tooltip-url=\"https:\/\/france3-regions.franceinfo.fr\/hauts-de-france\/nord-0\/lille-metropole\/un-cote-exceptionnel-le-sapin-de-noel-geant-fait-son-grand-retour-sur-la-grande-place-3254224.html\">sapin de No\u00ebl<\/a> apr\u00e8s les f\u00eates ? Pour celles et ceux qui se posent la question chaque ann\u00e9e, l&rsquo;op\u00e9ration \u00ab\u00a0Une seconde vie pour votre sapin\u00a0\u00bb fait son retour \u00e0 Lille (Nord) pour apporter une seconde vie \u00e0 ces arbres. <\/p>\n<p>Du vendredi 3 au dimanche 25 janvier 2026, la Ville de Lille propose de recycler son sapin en le d\u00e9posant gratuitement dans l&rsquo;un de ses 17 points de collecte \u00e0 travers la ville.<\/p>\n<p>Ces points de collectes sont r\u00e9partis \u00e0 travers les diff\u00e9rents quartiers lillois. La Ville pr\u00e9cise que seuls \u00ab\u00a0les sapins naturels, sans d\u00e9coration ni neige artificielle, sans sacs ni pieds clou\u00e9s, sont accept\u00e9s\u00a0\u00bb.<\/p>\n<\/p>\n<p>Une fois r\u00e9colt\u00e9s, les sapins seront broy\u00e9s et transform\u00e9s en copeaux pour \u00eatre utilis\u00e9 dans les jardins publics. Ils permettront de favoriser le maintien de l&rsquo;humidit\u00e9 au sol et d&rsquo;\u00e9viter les gel\u00e9es tardives. Cette technique vise \u00e0 limiter les op\u00e9rations de d\u00e9sherbage. Les op\u00e9rations de broyage auront lieu sur les points de collecte pour r\u00e9duire les allers-retours des camions transportant les sapins vers la Citadelle.<\/p>\n<p>D&rsquo;autres solutions existent pour se d\u00e9barrasser de son sapin naturel. Ils peuvent \u00eatre d\u00e9pos\u00e9s dans la d\u00e9chetterie la plus proche de chez vous. <a href=\"https:\/\/www.ohlesfleurs.com\/nos-conseils\/sapin-de-noel-entreprise-lille-livraison-de-sapin-decore-ou-naturel\/\" target=\"_blank\" rel=\"noopener noreferrer nofollow\" data-tooltip-url=\"https:\/\/www.ohlesfleurs.com\/nos-conseils\/sapin-de-noel-entreprise-lille-livraison-de-sapin-decore-ou-naturel\/\">Certains magasins<\/a> proposent \u00e9galement de les r\u00e9cup\u00e9rer et de les recycler en copeaux pour compost.<\/p>\n<p>Attention, toutefois, il est interdit de d\u00e9poser son sapin dans la rue. Tout d\u00e9p\u00f4t de d\u00e9chets sur la voie publique entra\u00eene <a href=\"https:\/\/www.service-public.gouv.fr\/particuliers\/vosdroits\/F36492\/0?idFicheParent=F31963\" target=\"_blank\" rel=\"noopener noreferrer nofollow\" data-tooltip-url=\"https:\/\/www.service-public.gouv.fr\/particuliers\/vosdroits\/F36492\/0?idFicheParent=F31963\">une amende de 135 \u20ac.<\/a> L&rsquo;Office national des for\u00eats (ONF) indique qu&rsquo;il est \u00e9galement interdit de jeter son sapin dans une for\u00eat. \u00ab\u00a0Au m\u00eame titre que les autres d\u00e9tritus, s\u2019en d\u00e9barrasser en l&rsquo;abandonnant dans un milieu naturel constitue une infraction passible d&rsquo;une amende pouvant aller jusqu&rsquo;\u00e0 1 500 euros\u00a0\u00bb, explique <a href=\"https:\/\/www.onf.fr\/vivre-la-foret\/+\/2adc::pourquoi-ne-faut-il-pas-jeter-son-sapin-de-noel-usage-en-foret.html\" target=\"_blank\" rel=\"noopener noreferrer nofollow\" data-tooltip-url=\"https:\/\/www.onf.fr\/vivre-la-foret\/+\/2adc::pourquoi-ne-faut-il-pas-jeter-son-sapin-de-noel-usage-en-foret.html\">sur son site l&rsquo;ONF.<\/a><\/p>\n","protected":false},"excerpt":{"rendered":"Apr\u00e8s les f\u00eates de fin d&rsquo;ann\u00e9e, la Ville de Lille renouvelle son op\u00e9ration \u00ab\u00a0Une seconde vie pour votre&hellip;\n","protected":false},"author":2,"featured_media":627580,"comment_status":"","ping_status":"","sticky":false,"template":"","format":"standard","meta":{"footnotes":""},"categories":[2815],"tags":[1111,11,1777,674,1011,27,811,1307,12,25],"class_list":{"0":"post-627579","1":"post","2":"type-post","3":"status-publish","4":"format-standard","5":"has-post-thumbnail","7":"category-lille","8":"tag-actu","9":"tag-actualites","10":"tag-eu","11":"tag-europe","12":"tag-fr","13":"tag-france","14":"tag-hauts-de-france","15":"tag-lille","16":"tag-news","17":"tag-republique-francaise"},"share_on_mastodon":{"url":"","error":""},"_links":{"self":[{"href":"https:\/\/www.europesays.com\/fr\/wp-json\/wp\/v2\/posts\/627579","targetHints":{"allow":["GET"]}}],"collection":[{"href":"https:\/\/www.europesays.com\/fr\/wp-json\/wp\/v2\/posts"}],"about":[{"href":"https:\/\/www.europesays.com\/fr\/wp-json\/wp\/v2\/types\/post"}],"author":[{"embeddable":true,"href":"https:\/\/www.europesays.com\/fr\/wp-json\/wp\/v2\/users\/2"}],"replies":[{"embeddable":true,"href":"https:\/\/www.europesays.com\/fr\/wp-json\/wp\/v2\/comments?post=627579"}],"version-history":[{"count":0,"href":"https:\/\/www.europesays.com\/fr\/wp-json\/wp\/v2\/posts\/627579\/revisions"}],"wp:featuredmedia":[{"embeddable":true,"href":"https:\/\/www.europesays.com\/fr\/wp-json\/wp\/v2\/media\/627580"}],"wp:attachment":[{"href":"https:\/\/www.europesays.com\/fr\/wp-json\/wp\/v2\/media?parent=627579"}],"wp:term":[{"taxonomy":"category","embeddable":true,"href":"https:\/\/www.europesays.com\/fr\/wp-json\/wp\/v2\/categories?post=627579"},{"taxonomy":"post_tag","embeddable":true,"href":"https:\/\/www.europesays.com\/fr\/wp-json\/wp\/v2\/tags?post=627579"}],"curies":[{"name":"wp","href":"https:\/\/api.w.org\/{rel}","templated":true}]}}