{"id":627581,"date":"2025-12-29T12:38:10","date_gmt":"2025-12-29T12:38:10","guid":{"rendered":"https:\/\/www.europesays.com\/fr\/627581\/"},"modified":"2025-12-29T12:38:10","modified_gmt":"2025-12-29T12:38:10","slug":"rencontre-avec-le-chercheur-marseillais-tout-juste-prime","status":"publish","type":"post","link":"https:\/\/www.europesays.com\/fr\/627581\/","title":{"rendered":"rencontre avec le chercheur marseillais tout juste prim\u00e9"},"content":{"rendered":"<p>Une conviction\u00a0: la recherche vaincra les <a href=\"https:\/\/www.laprovence.com\/article\/sante\/8482651360003114\/fibromyalgie-comment-mieux-vivre-avec-la-douleur\" target=\"_blank\" rel=\"noopener\">douleurs aigu\u00ebs et chroniques<\/a>. Aziz Moqrich vient de recevoir la m\u00e9daille de l\u2019innovation du CNRS et le prix de recherche fondamentale Axel-Kahn de la Ligue contre le cancer. Directeur de recherche au CNRS \u00e0 la t\u00eate d\u2019une \u00e9quipe \u00e0 l\u2019Institut de Biologie du D\u00e9veloppement de Marseille, il est distingu\u00e9 pour sa contribution \u00e0 la compr\u00e9hension des m\u00e9canismes mol\u00e9culaires de la douleur et au d\u00e9veloppement d\u2019un antidouleur novateur sans effets secondaires et de risque d\u2019accoutumance.<\/p>\n<p>Tout commence en\u00a02000. Apr\u00e8s une th\u00e8se en neurosciences \u00e0 Aix-Marseille Universit\u00e9, Aziz Moqrich rejoint l\u2019institut de recherche biom\u00e9dicale Scripps de San Diego aux \u00c9tats-Unis. Premier post-doctorant au laboratoire du professeur Ardem Patapoutian, qui obtiendra le prix Nobel de m\u00e9decine en\u00a02021, il participe directement \u00e0 la d\u00e9couverte des r\u00e9cepteurs de la temp\u00e9rature et du toucher. \u00ab\u00a0C\u2019est l\u00e0 qu\u2019est n\u00e9e ma passion pour le syst\u00e8me nerveux p\u00e9riph\u00e9rique et son r\u00f4le dans la propagation de <a href=\"https:\/\/www.laprovence.com\/article\/sante\/8260260296861714\/bpco-une-maladie-frequente-et-severe-qui-s-attaque-aux-poumons-et-au-coeur\" target=\"_blank\" rel=\"noopener\">la douleur<\/a>.\u00a0\u00bb<\/p>\n<p>\u00ab\u00a0Je voulais rendre au syst\u00e8me fran\u00e7ais ce qu\u2019il m\u2019a donn\u00e9\u00a0\u00bb<\/p>\n<p>Cinq ans plus tard et d\u00e9j\u00e0 publi\u00e9 dans les plus grandes revues scientifiques internationales (Nature, Cell, Science&#8230;<\/p>\n","protected":false},"excerpt":{"rendered":"Une conviction\u00a0: la recherche vaincra les douleurs aigu\u00ebs et chroniques. Aziz Moqrich vient de recevoir la m\u00e9daille de&hellip;\n","protected":false},"author":2,"featured_media":627582,"comment_status":"","ping_status":"","sticky":false,"template":"","format":"standard","meta":{"footnotes":""},"categories":[2814],"tags":[17,1111,11,73690,5029,1444,5899,1777,674,1011,27,33258,884,73691,12,882,5486,25,71],"class_list":{"0":"post-627581","1":"post","2":"type-post","3":"status-publish","4":"format-standard","5":"has-post-thumbnail","7":"category-marseille","8":"tag-17","9":"tag-actu","10":"tag-actualites","11":"tag-aziz","12":"tag-chronique","13":"tag-contre","14":"tag-douleur","15":"tag-eu","16":"tag-europe","17":"tag-fr","18":"tag-france","19":"tag-lespoir","20":"tag-marseille","21":"tag-moqrich","22":"tag-news","23":"tag-provence-alpes-cote-dazur","24":"tag-rencontre","25":"tag-republique-francaise","26":"tag-sante"},"share_on_mastodon":{"url":"","error":""},"_links":{"self":[{"href":"https:\/\/www.europesays.com\/fr\/wp-json\/wp\/v2\/posts\/627581","targetHints":{"allow":["GET"]}}],"collection":[{"href":"https:\/\/www.europesays.com\/fr\/wp-json\/wp\/v2\/posts"}],"about":[{"href":"https:\/\/www.europesays.com\/fr\/wp-json\/wp\/v2\/types\/post"}],"author":[{"embeddable":true,"href":"https:\/\/www.europesays.com\/fr\/wp-json\/wp\/v2\/users\/2"}],"replies":[{"embeddable":true,"href":"https:\/\/www.europesays.com\/fr\/wp-json\/wp\/v2\/comments?post=627581"}],"version-history":[{"count":0,"href":"https:\/\/www.europesays.com\/fr\/wp-json\/wp\/v2\/posts\/627581\/revisions"}],"wp:featuredmedia":[{"embeddable":true,"href":"https:\/\/www.europesays.com\/fr\/wp-json\/wp\/v2\/media\/627582"}],"wp:attachment":[{"href":"https:\/\/www.europesays.com\/fr\/wp-json\/wp\/v2\/media?parent=627581"}],"wp:term":[{"taxonomy":"category","embeddable":true,"href":"https:\/\/www.europesays.com\/fr\/wp-json\/wp\/v2\/categories?post=627581"},{"taxonomy":"post_tag","embeddable":true,"href":"https:\/\/www.europesays.com\/fr\/wp-json\/wp\/v2\/tags?post=627581"}],"curies":[{"name":"wp","href":"https:\/\/api.w.org\/{rel}","templated":true}]}}