{"id":627583,"date":"2025-12-29T12:39:14","date_gmt":"2025-12-29T12:39:14","guid":{"rendered":"https:\/\/www.europesays.com\/fr\/627583\/"},"modified":"2025-12-29T12:39:14","modified_gmt":"2025-12-29T12:39:14","slug":"le-corps-dun-homme-repeche-dans-le-port-du-frioul","status":"publish","type":"post","link":"https:\/\/www.europesays.com\/fr\/627583\/","title":{"rendered":"le corps d\u2019un homme rep\u00each\u00e9 dans le port du Frioul"},"content":{"rendered":"<p>\n    Le cadavre a \u00e9t\u00e9 retrouv\u00e9 par les marins-pompiers de Marseille dimanche en d\u00e9but d\u2019apr\u00e8s-midi. La victime est un homme \u00e2g\u00e9 d\u2019une quarantaine d\u2019ann\u00e9es.<\/p>\n<p class=\"fig-paragraph\">Le corps d\u2019un homme \u00e2g\u00e9 d\u2019une quarantaine d\u2019ann\u00e9es a \u00e9t\u00e9 rep\u00each\u00e9 dans le\u00a0<a href=\"http:\/\/www.lefigaro.fr\/marseille\/marseille-un-corps-en-etat-de-decomposition-decouvert-au-large-des-iles-du-frioul-20240326\" data-fig-type=\"NewsFlash\" data-gtm-custom-categorie=\"navigation\" data-gtm-custom-action=\"crossclick\" data-gtm-custom-label=\"Contextuel\" data-gtm-event=\"customEventSPE\" data-fig-domain=\"LEFIGARO\" target=\"_blank\" rel=\"noopener\">port du Frioul<\/a>\u00a0dimanche apr\u00e8s-midi \u00e0 Marseille, a appris Le Figaro de sources concordantes, qui confirment une information de\u00a0<a href=\"https:\/\/www.laprovence.com\/article\/faits-divers-justice\/1775536443719215\/le-corps-dun-homme-retrouve-flottant-dans-le-port-du-frioul-a-marseille\" target=\"_blank\" rel=\"sponsored noopener\" data-gtm-custom-categorie=\"navigation\" data-gtm-custom-action=\"crossclick\" data-gtm-custom-label=\"Contextuel\" data-gtm-event=\"customEventSPE\">La Provence<\/a> .<\/p>\n<p class=\"fig-paragraph\">Les marins-pompiers ont \u00e9t\u00e9 alert\u00e9s peu avant 15 heures qu\u2019un corps flottait dans les eaux de l\u2019archipel. Les secours n\u2019ont rien pu faire pour sauver la victime, qui vivait sur un bateau amarr\u00e9 dans le secteur selon une source polici\u00e8re. Les causes de la mort de la victime n\u2019\u00e9taient pas encore connues ce lundi matin.<\/p>\n<p>                                            <a class=\"fig-a11y-skip\" href=\"#fig-a11y-skip-main-inarticle\" data-module=\"a11y-skip\" data-context=\"was @visible\"><br \/>\n    Passer la publicit\u00e9<br \/>\n<\/a>            <\/p>\n<p>                                            Enqu\u00eate ouverte<\/p>\n<p class=\"fig-paragraph\">Une enqu\u00eate a \u00e9t\u00e9 ouverte et confi\u00e9e \u00e0 la direction interd\u00e9partementale de la police nationale des Bouches-du-Rh\u00f4ne (DIPN 13). L\u2019an dernier, deux corps avaient \u00e9galement \u00e9t\u00e9 retrouv\u00e9s au large des \u00eeles du Frioul. L\u2019un d\u2019eux \u00e9tait celui d\u2019<a href=\"http:\/\/www.lefigaro.fr\/marseille\/marseille-un-apneiste-trouve-la-mort-pres-de-l-archipel-du-frioul-20240723\" data-fig-type=\"NewsFlash\" data-gtm-custom-categorie=\"navigation\" data-gtm-custom-action=\"crossclick\" data-gtm-custom-label=\"Contextuel\" data-gtm-event=\"customEventSPE\" data-fig-domain=\"LEFIGARO\" target=\"_blank\" rel=\"noopener\">un apn\u00e9iste de 75 ans<\/a>\u00a0qui avait perdu la vie en mer.<\/p>\n","protected":false},"excerpt":{"rendered":"Le cadavre a \u00e9t\u00e9 retrouv\u00e9 par les marins-pompiers de Marseille dimanche en d\u00e9but d\u2019apr\u00e8s-midi. La victime est un&hellip;\n","protected":false},"author":2,"featured_media":627584,"comment_status":"","ping_status":"","sticky":false,"template":"","format":"standard","meta":{"footnotes":""},"categories":[2814],"tags":[1111,11,6725,1777,674,1011,27,884,6127,12,882,25],"class_list":{"0":"post-627583","1":"post","2":"type-post","3":"status-publish","4":"format-standard","5":"has-post-thumbnail","7":"category-marseille","8":"tag-actu","9":"tag-actualites","10":"tag-corps","11":"tag-eu","12":"tag-europe","13":"tag-fr","14":"tag-france","15":"tag-marseille","16":"tag-mer","17":"tag-news","18":"tag-provence-alpes-cote-dazur","19":"tag-republique-francaise"},"share_on_mastodon":{"url":"https:\/\/pubeurope.com\/@fr\/115802902668092721","error":""},"_links":{"self":[{"href":"https:\/\/www.europesays.com\/fr\/wp-json\/wp\/v2\/posts\/627583","targetHints":{"allow":["GET"]}}],"collection":[{"href":"https:\/\/www.europesays.com\/fr\/wp-json\/wp\/v2\/posts"}],"about":[{"href":"https:\/\/www.europesays.com\/fr\/wp-json\/wp\/v2\/types\/post"}],"author":[{"embeddable":true,"href":"https:\/\/www.europesays.com\/fr\/wp-json\/wp\/v2\/users\/2"}],"replies":[{"embeddable":true,"href":"https:\/\/www.europesays.com\/fr\/wp-json\/wp\/v2\/comments?post=627583"}],"version-history":[{"count":0,"href":"https:\/\/www.europesays.com\/fr\/wp-json\/wp\/v2\/posts\/627583\/revisions"}],"wp:featuredmedia":[{"embeddable":true,"href":"https:\/\/www.europesays.com\/fr\/wp-json\/wp\/v2\/media\/627584"}],"wp:attachment":[{"href":"https:\/\/www.europesays.com\/fr\/wp-json\/wp\/v2\/media?parent=627583"}],"wp:term":[{"taxonomy":"category","embeddable":true,"href":"https:\/\/www.europesays.com\/fr\/wp-json\/wp\/v2\/categories?post=627583"},{"taxonomy":"post_tag","embeddable":true,"href":"https:\/\/www.europesays.com\/fr\/wp-json\/wp\/v2\/tags?post=627583"}],"curies":[{"name":"wp","href":"https:\/\/api.w.org\/{rel}","templated":true}]}}