{"id":627585,"date":"2025-12-29T12:40:12","date_gmt":"2025-12-29T12:40:12","guid":{"rendered":"https:\/\/www.europesays.com\/fr\/627585\/"},"modified":"2025-12-29T12:40:12","modified_gmt":"2025-12-29T12:40:12","slug":"lyon-ce-supermarche-installe-des-cameras-sur-ses-caisses-automatiques-lia-vous-surveille","status":"publish","type":"post","link":"https:\/\/www.europesays.com\/fr\/627585\/","title":{"rendered":"Lyon. Ce supermarch\u00e9 installe des cam\u00e9ras sur ses caisses automatiques : l&rsquo;IA vous surveille"},"content":{"rendered":"<p>                    Par<br \/>\n        <strong><br \/>\n            <a href=\"https:\/\/actu.fr\/auteur\/ludivine-caporal\" title=\"Consulter tous les articles de Ludivine Caporal\" target=\"_blank\" rel=\"noopener\">Ludivine Caporal<\/a><br \/>\n                    <\/strong><\/p>\n<p>        Publi\u00e9 le<\/p>\n<p>            29 d\u00e9c. 2025 \u00e0 12h27        <\/p>\n<p>\u00ab\u2009Souriez, vous \u00eates film\u00e9s\u2009\u00bb. Enfin, seulement vos mains.<br \/>Depuis fin novembre, des petites cam\u00e9ras ont fait leur apparition sur les caisses automatiques et en libre-service du supermarch\u00e9 <a href=\"https:\/\/actu.fr\/tag\/monoprix\" target=\"_blank\" rel=\"noopener\">Monoprix<\/a> de Cordeliers, situ\u00e9 rue de la R\u00e9publique \u00e0 <a href=\"https:\/\/actu.fr\/auvergne-rhone-alpes\/lyon_69123\" target=\"_blank\" rel=\"noopener\">Lyon<\/a>. Un dispositif qui <strong>intrigue<\/strong> <strong>les clients<\/strong>, tant par sa forme que par son objectif. Nous avons r\u00e9ussi \u00e0 obtenir quelques explications de la part du g\u00e9ant de la grande\u00a0distribution.<\/p>\n<p>D\u00e9tecter les \u00ab\u2009anomalies\u2009\u00bb<\/p>\n<p class=\" wall-content\">C\u2019est un petit message en rouge, affich\u00e9 sur la caisse automatique du magasin, qui nous a d\u2019abord alert\u00e9 sur la mise en place de ce nouveau syst\u00e8me.<\/p>\n<p>    <img   decoding=\"async\" loading=\"lazy\" src=\"https:\/\/www.europesays.com\/fr\/wp-content\/uploads\/2025\/12\/monoprix-lyon-cameras-4-960x640.jpg\" alt=\"Depuis fin novembre, des petites cam\u00e9ras ont fait leur apparition sur les caisses automatiques et en libre-service du supermarch\u00e9 Monoprix de Cordeliers, situ\u00e9 rue de la R\u00e9publique \u00e0 Lyon.\" width=\"960\" height=\"640\"\/><br \/>\n    Des petites cam\u00e9ras ont fait leur apparition sur les caisses automatiques et en libre-service du supermarch\u00e9 Monoprix de Cordeliers, situ\u00e9 rue de la R\u00e9publique \u00e0 Lyon. (\u00a9Ludivine Caporal \/ actu Lyon)<\/p>\n<p class=\" wall-content\">Une fa\u00e7on de pr\u00e9venir le client qu\u2019une fois le premier article scann\u00e9, un \u00e9cran s\u2019affichera d\u00e9sormais sur la droite et montrera, en temps r\u00e9el, ce que la cam\u00e9ra filme de nous. \u00c0 savoir nos mains et les gestes que nous faisons pour d\u00e9tecter <strong>les oublis de scan, les articles mal scann\u00e9s ou les substitutions de codes EAN,<\/strong> \u00ab\u2009le plus souvent involontaires\u2009\u00bb, nous explique-t-on.<\/p>\n<p class=\" wall-content\">Si une anomalie est rep\u00e9r\u00e9e, l\u2019intervention d\u2019un h\u00f4te de caisse est ensuite exig\u00e9e afin de proc\u00e9der \u00e0 une v\u00e9rification. Ce qui, en soi, existe d\u00e9j\u00e0 aujourd\u2019hui, mais<strong> uniquement de mani\u00e8re al\u00e9atoire.<\/strong><\/p>\n<p>    <img   decoding=\"async\" loading=\"lazy\" src=\"https:\/\/www.europesays.com\/fr\/wp-content\/uploads\/2025\/12\/monoprix-lyon-cameras-960x640.jpg\" alt=\"Depuis fin novembre, des petites cam\u00e9ras ont fait leur apparition sur les caisses automatiques et en libre-service du supermarch\u00e9 Monoprix de Cordeliers, situ\u00e9 rue de la R\u00e9publique \u00e0 Lyon.\" width=\"960\" height=\"640\"\/><br \/>\n    Le Monoprix de Cordeliers renforce la s\u00e9curit\u00e9 face aux vols \u00e0 l\u2019\u00e9talage avec l\u2019installation de cam\u00e9ras sur ses caisses automatiques. (\u00a9Ludivine Caporal \/ actu Lyon)D\u00e9j\u00e0 adopt\u00e9es par Intermarch\u00e9<\/p>\n<p class=\" wall-content\">Mais si Monoprix ne le dit pas directement et pr\u00e9f\u00e8re nous parler de \u00ab\u2009pr\u00e9vention des pertes\u2009\u00bb, ces cam\u00e9ras qui analysent les images <strong>gr\u00e2ce \u00e0 l\u2019intelligence artificielle<\/strong> servent en fait surtout \u00e0 emp\u00eacher les vols \u00e0 l\u2019\u00e9talage, en constante augmentation selon les derniers chiffres du minist\u00e8re de l\u2019Int\u00e9rieur, et <a href=\"https:\/\/actu.fr\/economie\/caisses-automatiques-libre-service-quand-les-supermarches-facilitent-involontairement-le-vol_62439699.html\" target=\"_blank\" rel=\"noopener\">favoris\u00e9s par l\u2019apparition des caisses automatiques<\/a>.<\/p>\n<p>Votre r\u00e9gion, votre actu !<\/p>\n<p>Recevez chaque jour les infos qui comptent pour vous.<\/p>\n<p>\t<a href=\"https:\/\/actu.fr\/newsletter\" class=\"ac-btn ac-btn--corner ac-btn--medium ac-btn--blue800\" target=\"_blank\" rel=\"noopener\">S&rsquo;incrire<\/a><\/p>\n<p>    <img   decoding=\"async\" loading=\"lazy\" src=\"https:\/\/www.europesays.com\/fr\/wp-content\/uploads\/2025\/12\/monoprix-lyon-cameras-3-960x640.jpg\" alt=\"Depuis fin novembre, des petites cam\u00e9ras ont fait leur apparition sur les caisses automatiques et en libre-service du supermarch\u00e9 Monoprix de Cordeliers, situ\u00e9 rue de la R\u00e9publique \u00e0 Lyon.\" width=\"960\" height=\"640\"\/><br \/>\n    Ces cam\u00e9ras analysent les images gr\u00e2ce \u00e0 l\u2019intelligence artificielle. (\u00a9Ludivine Caporal \/ actu Lyon)<\/p>\n<p class=\" wall-content\">D\u00e9j\u00e0 d\u00e9ploy\u00e9e dans d\u2019autres magasins de France, <a href=\"https:\/\/actu.fr\/sciences-technologie\/grace-a-l-ia-intermarche-va-surveiller-tous-vos-faits-et-gestes-aux-caisses-automatiques_62119171.html\" target=\"_blank\" rel=\"noopener\">notamment du c\u00f4t\u00e9 d\u2019Intermarch\u00e9<\/a>, l\u2019utilisation de telles cam\u00e9ras a par ailleurs d\u00e9j\u00e0 fait ses preuves en permettant de r\u00e9duire nettement la part des \u00ab\u2009pertes\u2009\u00bb mentionn\u00e9es.<\/p>\n<p>Bient\u00f4t une extension \u00ab\u2009plus large\u2009\u00bb\u2009?<\/p>\n<p class=\" wall-content\">Men\u00e9e \u00e0 titre op\u00e9rationnel \u00e0 Cordeliers, la mise en place du dispositif est pour le moment \u00ab\u2009\u00e9valu\u00e9 avant toute extension plus large\u2009\u00bb, nous indique-t-on du c\u00f4t\u00e9 de Monoprix, qui assure \u00e9galement que celui-ci est \u00ab\u2009strictement encadr\u00e9 par la r\u00e9glementation en mati\u00e8re de protection des donn\u00e9es personnelles\u2009\u00bb et qu\u2019\u00ab\u2009aucune reconnaissance faciale ne peut \u00eatre mise en \u0153uvre et aucune d\u00e9cision ne peut \u00eatre prise sans intervention humaine\u2009\u00bb.<\/p>\n<p class=\" wall-content\">Personnalisez votre actualit\u00e9 en ajoutant vos villes et m\u00e9dias en favori avec <a href=\"https:\/\/moncompte.actu.fr\" title=\"D\u00e9couvez Mon Actu\" rel=\"nofollow noopener\" data-trk=\"{&quot;cta&quot;:{&quot;action&quot;:&quot;https:\\\/\\\/moncompte.actu.fr&quot;,&quot;category&quot;:&quot;mon compte&quot;,&quot;from&quot;:&quot;article footer&quot;,&quot;name&quot;:&quot;Mon actu&quot;,&quot;type&quot;:&quot;cta&quot;}}\" target=\"_blank\">Mon Actu<\/a>.<\/p>\n","protected":false},"excerpt":{"rendered":"Par Ludivine Caporal Publi\u00e9 le 29 d\u00e9c. 2025 \u00e0 12h27 \u00ab\u2009Souriez, vous \u00eates film\u00e9s\u2009\u00bb. Enfin, seulement vos mains.Depuis&hellip;\n","protected":false},"author":2,"featured_media":627586,"comment_status":"","ping_status":"","sticky":false,"template":"","format":"standard","meta":{"footnotes":""},"categories":[1889],"tags":[1111,11,2430,1777,674,1011,27,2428,34256,12,25,104],"class_list":{"0":"post-627585","1":"post","2":"type-post","3":"status-publish","4":"format-standard","5":"has-post-thumbnail","7":"category-lyon","8":"tag-actu","9":"tag-actualites","10":"tag-auvergne-rhone-alpes","11":"tag-eu","12":"tag-europe","13":"tag-fr","14":"tag-france","15":"tag-lyon","16":"tag-monoprix","17":"tag-news","18":"tag-republique-francaise","19":"tag-societe"},"share_on_mastodon":{"url":"https:\/\/pubeurope.com\/@fr\/115802906758825978","error":""},"_links":{"self":[{"href":"https:\/\/www.europesays.com\/fr\/wp-json\/wp\/v2\/posts\/627585","targetHints":{"allow":["GET"]}}],"collection":[{"href":"https:\/\/www.europesays.com\/fr\/wp-json\/wp\/v2\/posts"}],"about":[{"href":"https:\/\/www.europesays.com\/fr\/wp-json\/wp\/v2\/types\/post"}],"author":[{"embeddable":true,"href":"https:\/\/www.europesays.com\/fr\/wp-json\/wp\/v2\/users\/2"}],"replies":[{"embeddable":true,"href":"https:\/\/www.europesays.com\/fr\/wp-json\/wp\/v2\/comments?post=627585"}],"version-history":[{"count":0,"href":"https:\/\/www.europesays.com\/fr\/wp-json\/wp\/v2\/posts\/627585\/revisions"}],"wp:featuredmedia":[{"embeddable":true,"href":"https:\/\/www.europesays.com\/fr\/wp-json\/wp\/v2\/media\/627586"}],"wp:attachment":[{"href":"https:\/\/www.europesays.com\/fr\/wp-json\/wp\/v2\/media?parent=627585"}],"wp:term":[{"taxonomy":"category","embeddable":true,"href":"https:\/\/www.europesays.com\/fr\/wp-json\/wp\/v2\/categories?post=627585"},{"taxonomy":"post_tag","embeddable":true,"href":"https:\/\/www.europesays.com\/fr\/wp-json\/wp\/v2\/tags?post=627585"}],"curies":[{"name":"wp","href":"https:\/\/api.w.org\/{rel}","templated":true}]}}