{"id":627597,"date":"2025-12-29T12:47:15","date_gmt":"2025-12-29T12:47:15","guid":{"rendered":"https:\/\/www.europesays.com\/fr\/627597\/"},"modified":"2025-12-29T12:47:15","modified_gmt":"2025-12-29T12:47:15","slug":"lauteur-sous-oqtf-etait-en-realite-francais-depuis-2018","status":"publish","type":"post","link":"https:\/\/www.europesays.com\/fr\/627597\/","title":{"rendered":"l\u2019auteur, sous OQTF, \u00e9tait en r\u00e9alit\u00e9 Fran\u00e7ais depuis 2018"},"content":{"rendered":"<p>                    Par<br \/>\n        <strong><br \/>\n            <a href=\"https:\/\/actu.fr\/auteur\/redaction-paris\" title=\"Consulter tous les articles de R\u00e9daction Paris\" target=\"_blank\" rel=\"noopener\">R\u00e9daction Paris<\/a><br \/>\n                    <\/strong><\/p>\n<p>        Publi\u00e9 le<\/p>\n<p>            29 d\u00e9c. 2025 \u00e0 11h48        <\/p>\n<p>Un imbroglio administratif. L\u2019homme soup\u00e7onn\u00e9 <a href=\"https:\/\/actu.fr\/ile-de-france\/paris_75056\/agresseur-sexuel-sous-oqtf-ce-que-l-on-sait-du-suspect-des-attaques-au-couteau-dans-le-metro-a-paris_63626987.html\" target=\"_blank\" rel=\"noopener\">d\u2019avoir agress\u00e9 au couteau trois femmes dans le m\u00e9tro<\/a> \u00e0 <a href=\"https:\/\/actu.fr\/paris\/\" target=\"_blank\" rel=\"noopener\">Paris<\/a> vendredi, pr\u00e9sent\u00e9 comme un ressortissant malien ayant fait l\u2019objet d\u2019une OQTF, dispose d\u2019un passeport fran\u00e7ais, a indiqu\u00e9 lundi \u00e0 l\u2019AFP le <strong>minist\u00e8re de l\u2019Int\u00e9rieur<\/strong>, confirmant une information de RTL.<\/p>\n<p class=\" wall-content\">Selon une source proche du dossier, il a obtenu la nationalit\u00e9 fran\u00e7aise en 2018. Apr\u00e8s \u00ab\u00a0son arrestation vendredi dernier \u00e0 la suite de l\u2019agression de trois femmes dans le m\u00e9tro parisien, l\u2019enqu\u00eate a fait appara\u00eetre un<strong> passeport fran\u00e7ais appartenant au suspect<\/strong>\u00ab\u00a0, a expliqu\u00e9 le minist\u00e8re de l\u2019Int\u00e9rieur.<\/p>\n<p>\u00ab\u00a0Rien ne permet de remettre en cause qu\u2019il soit fran\u00e7ais\u00a0\u00bb<\/p>\n<p class=\" wall-content\">\u00ab\u00a0A aucun moment, il n\u2019a \u00e9voqu\u00e9 cette nationalit\u00e9 dans les diff\u00e9rentes proc\u00e9dures auxquelles il a \u00e9t\u00e9 confront\u00e9 depuis trois ans: proc\u00e8s, pr\u00e9sentation devant le JLD (juge des libert\u00e9s et de la d\u00e9tention)\u2026\u00a0\u00bb, fait savoir place Beauvau. \u00ab\u00a0A ce stade des v\u00e9rifications, rien ne permet de remettre en cause le fait qu\u2019il soit fran\u00e7ais\u00a0\u00bb, ajoute-t-on de m\u00eame source, pr\u00e9cisant que \u00ab\u00a0les v\u00e9rifications sont actuellement en cours et se termineront dans les prochaines heures\u00a0\u00bb.<\/p>\n<p class=\" wall-content\">Dans un communiqu\u00e9 vendredi soir, le minist\u00e8re de l\u2019Int\u00e9rieur avait indiqu\u00e9 que l\u2019assaillant pr\u00e9sum\u00e9 \u00e9tait \u00ab\u00a0de nationalit\u00e9 malienne\u00a0\u00bb et \u00ab\u00a0en situation irr\u00e9guli\u00e8re sur le territoire national\u00a0\u00bb. \u00ab\u00a0D\u00e9j\u00e0 connu pour destruction de biens sous l\u2019emprise de stup\u00e9fiants\u00a0\u00bb, il avait \u00ab\u00a0\u00e9t\u00e9 \u00e9crou\u00e9 en janvier 2024 pour vol aggrav\u00e9 et agression sexuelle apr\u00e8s avoir \u00e9t\u00e9 condamn\u00e9 p\u00e9nalement\u00a0\u00bb, selon le minist\u00e8re.<\/p>\n<p class=\" wall-content\">Lib\u00e9r\u00e9 en juillet, \u00ab\u00a0il a fait l\u2019objet d\u2019une obligation de quitter le territoire fran\u00e7ais (OQTF) et a \u00e9t\u00e9 plac\u00e9 en <a href=\"https:\/\/actu.fr\/ile-de-france\/vincennes_94080\/reportage-au-coeur-du-centre-de-retention-administrative-de-vincennes-ou-l-ennui-cotoie-l-angoisse_62901817.html\" target=\"_blank\" rel=\"noopener\">centre de r\u00e9tention administrative<\/a>\u00ab\u00a0, avait ajout\u00e9 Beauvau. \u00ab\u00a0L\u2019\u00e9loignement n\u2019ayant pu aboutir dans le d\u00e9lai l\u00e9gal des 90 jours, faute d\u2019obtention d\u2019un laisser-passer consulaire en l\u2019absence de titre d\u2019identit\u00e9 valide, il a \u00e9t\u00e9 lib\u00e9r\u00e9 avec assignation \u00e0 r\u00e9sidence\u00a0\u00bb, avait encore expliqu\u00e9 le minist\u00e8re, pr\u00e9cisant qu\u2019il \u00e9tait alors \u00ab\u00a0sous mandat de recherche\u00a0\u00bb.<\/p>\n<p>Garde \u00e0 vue lev\u00e9e pour raisons psychiatriques\u00a0<\/p>\n<p class=\" wall-content\">La garde \u00e0 vue de cet homme de 25 ans <a href=\"https:\/\/actu.fr\/ile-de-france\/paris_75056\/triple-agression-au-couteau-dans-le-metro-a-paris-la-garde-a-vue-du-suspect-levee-pour-raison-psychiatrique_63627893.html\" target=\"_blank\" rel=\"noopener\">a \u00e9t\u00e9 lev\u00e9e samedi soir pour raison psychiatrique<\/a>, selon le parquet de Paris. Son \u00e9tat a \u00ab\u00a0\u00e9t\u00e9 consid\u00e9r\u00e9 comme incompatible\u00a0\u00bb avec une garde \u00e0 vue et il a \u00ab\u00a0\u00e9t\u00e9 conduit \u00e0 l\u2019infirmerie psychiatrique\u00a0\u00bb, a soulign\u00e9 le minist\u00e8re public. Cet homme, soup\u00e7onn\u00e9 d\u2019avoir bless\u00e9 l\u00e9g\u00e8rement trois femmes vendredi apr\u00e8s-midi sur la ligne 3 du m\u00e9tro parisien avant de prendre la fuite, avait \u00e9t\u00e9 identifi\u00e9 \u00ab\u00a0gr\u00e2ce aux images de vid\u00e9osurveillance\u00a0\u00bb. Il avait ensuite \u00e9t\u00e9 interpell\u00e9 dans le <a href=\"https:\/\/actu.fr\/la-gazette-du-val-d-oise\/\" target=\"_blank\" rel=\"noopener\">Val-d\u2019Oise<\/a>, au nord de Paris, via \u00ab\u00a0la g\u00e9olocalisation de son t\u00e9l\u00e9phone portable\u00a0\u00bb, avait expliqu\u00e9 le parquet vendredi soir.<\/p>\n<p class=\" wall-content\">Avec AFP\u00a0\u00a0<br \/>\u00a0<br \/>\u00a0<br \/>\u00a0<br \/>\u00a0<br \/>\u00a0<\/p>\n<p class=\" wall-content\">Personnalisez votre actualit\u00e9 en ajoutant vos villes et m\u00e9dias en favori avec <a href=\"https:\/\/moncompte.actu.fr\" title=\"D\u00e9couvez Mon Actu\" rel=\"nofollow noopener\" data-trk=\"{&quot;cta&quot;:{&quot;action&quot;:&quot;https:\\\/\\\/moncompte.actu.fr&quot;,&quot;category&quot;:&quot;mon compte&quot;,&quot;from&quot;:&quot;article footer&quot;,&quot;name&quot;:&quot;Mon actu&quot;,&quot;type&quot;:&quot;cta&quot;}}\" target=\"_blank\">Mon Actu<\/a>.<\/p>\n","protected":false},"excerpt":{"rendered":"Par R\u00e9daction Paris Publi\u00e9 le 29 d\u00e9c. 2025 \u00e0 11h48 Un imbroglio administratif. L\u2019homme soup\u00e7onn\u00e9 d\u2019avoir agress\u00e9 au&hellip;\n","protected":false},"author":2,"featured_media":627598,"comment_status":"","ping_status":"","sticky":false,"template":"","format":"standard","meta":{"footnotes":""},"categories":[1888],"tags":[11,1777,674,118,1011,27,12,626,25],"class_list":{"0":"post-627597","1":"post","2":"type-post","3":"status-publish","4":"format-standard","5":"has-post-thumbnail","7":"category-paris","8":"tag-actualites","9":"tag-eu","10":"tag-europe","11":"tag-faits-divers","12":"tag-fr","13":"tag-france","14":"tag-news","15":"tag-paris","16":"tag-republique-francaise"},"share_on_mastodon":{"url":"https:\/\/pubeurope.com\/@fr\/115802934537657582","error":""},"_links":{"self":[{"href":"https:\/\/www.europesays.com\/fr\/wp-json\/wp\/v2\/posts\/627597","targetHints":{"allow":["GET"]}}],"collection":[{"href":"https:\/\/www.europesays.com\/fr\/wp-json\/wp\/v2\/posts"}],"about":[{"href":"https:\/\/www.europesays.com\/fr\/wp-json\/wp\/v2\/types\/post"}],"author":[{"embeddable":true,"href":"https:\/\/www.europesays.com\/fr\/wp-json\/wp\/v2\/users\/2"}],"replies":[{"embeddable":true,"href":"https:\/\/www.europesays.com\/fr\/wp-json\/wp\/v2\/comments?post=627597"}],"version-history":[{"count":0,"href":"https:\/\/www.europesays.com\/fr\/wp-json\/wp\/v2\/posts\/627597\/revisions"}],"wp:featuredmedia":[{"embeddable":true,"href":"https:\/\/www.europesays.com\/fr\/wp-json\/wp\/v2\/media\/627598"}],"wp:attachment":[{"href":"https:\/\/www.europesays.com\/fr\/wp-json\/wp\/v2\/media?parent=627597"}],"wp:term":[{"taxonomy":"category","embeddable":true,"href":"https:\/\/www.europesays.com\/fr\/wp-json\/wp\/v2\/categories?post=627597"},{"taxonomy":"post_tag","embeddable":true,"href":"https:\/\/www.europesays.com\/fr\/wp-json\/wp\/v2\/tags?post=627597"}],"curies":[{"name":"wp","href":"https:\/\/api.w.org\/{rel}","templated":true}]}}