{"id":627599,"date":"2025-12-29T12:48:23","date_gmt":"2025-12-29T12:48:23","guid":{"rendered":"https:\/\/www.europesays.com\/fr\/627599\/"},"modified":"2025-12-29T12:48:23","modified_gmt":"2025-12-29T12:48:23","slug":"le-plan-devra-etre-signe-par-lukraine-leurope-lamerique-et-la-russie-fort-de-son-passage-en-floride-zelensky-souhaite-accelerer-le-mouvemen","status":"publish","type":"post","link":"https:\/\/www.europesays.com\/fr\/627599\/","title":{"rendered":"\u00ab\u00a0Le plan devra \u00eatre sign\u00e9 par l\u2019Ukraine, l\u2019Europe, l\u2019Am\u00e9rique et la Russie\u00a0\u00bb\u00a0: fort de son passage en Floride, Zelensky souhaite acc\u00e9l\u00e9rer le mouvement"},"content":{"rendered":"<p>R\u00e9unis dans la r\u00e9sidence Mar-a-Lago, \u00e0 Palm Beach (Floride), dimanche 28\u00a0d\u00e9cembre, Donald Trump et Volodymyr Zelensky ont laiss\u00e9 para\u00eetre leur r\u00e9jouissance \u2013 sinc\u00e8re ou de fa\u00e7ade, la suite nous le dira. Selon les deux chefs d\u2019\u00c9tats, les <a href=\"https:\/\/www.humanite.fr\/monde\/donald-trump\/guerre-en-ukraine-en-visite-en-floride-zelensky-cherche-des-gages-aupres-de-trump\" target=\"_blank\" rel=\"noopener\">n\u00e9gociations \u00e0 propos d\u2019un accord de paix<\/a> avec la Russie feraient l\u2019objet de \u00ab\u00a0nombreux progr\u00e8s\u00a0\u00bb.<\/p>\n<p>De \u00ab\u00a0grandes avanc\u00e9es\u00a0\u00bb auraient, <a href=\"https:\/\/www.humanite.fr\/monde\/guerre-en-ukraine\/guerre-en-ukraine-de-berlin-a-bruxelles-une-semaine-decisive-pour-kiev\" target=\"_blank\" rel=\"noopener\">selon le pr\u00e9sident de l\u2019Ukraine<\/a>, \u00e9t\u00e9 r\u00e9alis\u00e9es lors de cette r\u00e9union en pr\u00e9sence de plusieurs hauts responsables des deux interlocuteurs. Ainsi, Volodymyr Zelensky l\u2019a affirm\u00e9 face \u00e0 un parterre de journalistes\u00a0: \u00ab\u00a090\u00a0%\u00a0\u00bb du plan de paix en vingt points,<a href=\"https:\/\/www.humanite.fr\/monde\/etats-unis\/guerre-en-ukraine-derriere-le-plan-de-paix-de-donald-trump-le-triomphe-du-business\" target=\"_blank\" rel=\"noopener\"> concoct\u00e9 par la Maison Blanche avec l\u2019assistance du Kremlin<\/a>, a \u00e9t\u00e9 \u00ab\u00a0approuv\u00e9\u00a0\u00bb. Reste \u00e0 s\u2019accorder sur des \u00ab\u00a0garanties de s\u00e9curit\u00e9\u00a0\u00bb pour l\u2019Ukraine, ainsi que sur \u00ab\u00a0un plan de prosp\u00e9rit\u00e9\u00a0\u00bb, qui serait \u00ab\u00a0en cours de finalisation\u00a0\u00bb.<\/p>\n<p>Une r\u00e9union des alli\u00e9s de Kiev \u00e0 Paris<\/p>\n<p>\u00ab\u00a0\u00c7a a \u00e9t\u00e9 une n\u00e9gociation tr\u00e8s difficile\u00a0\u00bb, a quant \u00e0 lui l\u00e2ch\u00e9 le pr\u00e9sident \u00e9tats-unien. \u00ab\u00a0Je ne veux pas dire quand, mais je pense que nous allons y arriver\u00a0\u00bb, a-t-il poursuivi, avant de proposer de venir s\u2019exprimer devant le Parlement ukrainien. Ce dernier pourrait \u00eatre appel\u00e9 \u00e0 se prononcer sur le plan de paix, sauf mise en place par Kiev d\u2019un r\u00e9f\u00e9rendum sur la question.<\/p>\n<p>Les dirigeants \u00e9tats-unien et ukrainien ont aussi indiqu\u00e9 que les n\u00e9gociations se poursuivront avec la Russie durant le mois de janvier. Le lendemain, c\u2019est le pr\u00e9sident fran\u00e7ais, Emmanuel Macron, qui a pris la parole pour annoncer <a href=\"https:\/\/www.humanite.fr\/monde\/diplomatie\/guerre-en-ukraine-apres-berlin-leurope-confirme-son-influence-dans-les-negociations-de-paix-menees-par-donald-trump\" target=\"_blank\" rel=\"noopener\">une r\u00e9union des alli\u00e9s de Kiev<\/a>, \u00e0 Paris, au d\u00e9but du mois. Au m\u00eame moment, Volodymyr Zelensky estimait, lors d\u2019une conf\u00e9rence de presse en ligne, \u00ab\u00a0le plan (de paix) devra \u00eatre sign\u00e9 par quatre parties\u00a0: l\u2019Ukraine, l\u2019Europe, l\u2019Am\u00e9rique et la Russie\u00a0\u00bb. Le dirigeant en a aussi profit\u00e9 pour critiquer Vladimir Poutine, dont les agissements, via l\u2019arm\u00e9e russe en Ukraine, ne correspondent pas \u00e0 ses propos \u00ab\u00a0pacifiques\u00a0\u00bb aupr\u00e8s de Donald Trump<\/p>\n<p>Malgr\u00e9 cet enthousiasme affich\u00e9 depuis deux jours, plusieurs points de frictions restent \u00e0 discuter. L\u2019un des enjeux primordiaux de Kiev reste la r\u00e9gion du Donbass. Alors que de nombreuses zones sont contr\u00f4l\u00e9es par les troupes russes, les Ukrainiens refusent de retirer leurs troupes afin d\u2019y cr\u00e9er une zone d\u00e9militaris\u00e9e. Le nouveau document pr\u00e9sent\u00e9 ce week-end par la d\u00e9l\u00e9gation ukrainienne laisse ainsi de c\u00f4t\u00e9 cette exigence russe pour la mise en place d\u2019une<a href=\"https:\/\/www.humanite.fr\/monde\/guerre-en-ukraine\/guerre-en-ukraine-volodymyr-zelensky-propose-la-creation-dune-zone-demilitarisee-dans-la-region-de-donetsk-pour-favoriser-un-accord-de-paix\" target=\"_blank\" rel=\"noopener\"> zone \u00e9conomique sp\u00e9ciale<\/a> sous juridiction internationale.<\/p>\n<p>\u00ab\u00a0Disposer de garanties de s\u00e9curit\u00e9 d\u00e8s le premier jour\u00a0\u00bb<\/p>\n<p><a href=\"https:\/\/www.humanite.fr\/monde\/guerre-en-ukraine\/guerre-en-ukraine-a-paris-volodymyr-zelensky-tente-tant-bien-que-mal-de-ne-pas-etre-simple-spectateur-de-lavenir-de-son-pays\" target=\"_blank\" rel=\"noopener\">Volodymyr Zelensky<\/a> a de son c\u00f4t\u00e9 assur\u00e9 que la Maison Blanche est align\u00e9e \u2013 voire \u00ab\u00a0totalement d\u2019accord\u00a0\u00bb, selon ses mots \u2013 sur les exigences de Kiev quant aux garanties de s\u00e9curit\u00e9. Le pr\u00e9sident ukrainien jouait gros \u00e0 travers la rencontre avec son homologue, soucieux surtout d\u2019obtenir sa validation sur cette nouvelle version du plan de paix, pr\u00e9sent\u00e9 il y a pr\u00e8s d\u2019un mois.<\/p>\n<p>La nouvelle mouture propose notamment un gel du front sur les positions actuelles sans offrir de solution imm\u00e9diate face aux <a href=\"https:\/\/www.humanite.fr\/monde\/donald-trump\/zone-demilitarisee-dans-lest-de-lukraine-accord-de-paix-avant-noel-washington-simpatiente-zelensky-tente-de-peser-sur-les-negociations\" target=\"_blank\" rel=\"noopener\">revendications territoriales de la Russie<\/a>, qui contr\u00f4le environ 20\u00a0% de l\u2019Ukraine. Les \u00c9tats-Unis ont propos\u00e9 \u00e0 l\u2019Ukraine des garanties de s\u00e9curit\u00e9 \u00ab\u00a0solides\u00a0\u00bb pour une p\u00e9riode de quinze ans prolongeable face \u00e0 la Russie, a indiqu\u00e9 lundi le pr\u00e9sident ukrainien, ajoutant avoir demand\u00e9 \u00e0 Washington une dur\u00e9e plus longue.<\/p>\n<p>\u00ab\u00a0Je lui ai dit que nous voulons vraiment consid\u00e9rer la possibilit\u00e9 de trente, quarante, cinquante ans\u00a0\u00bb, a l\u00e2ch\u00e9 Volodymyr Zelensky, pr\u00e9cisant que Donald Trump lui avait assur\u00e9 qu\u2019il allait r\u00e9fl\u00e9chir \u00e0 cette possibilit\u00e9. L\u2019obtention par Kiev de garanties de s\u00e9curit\u00e9 sera la condition pour la lev\u00e9e en Ukraine de la loi martiale \u2013 en vigueur depuis le premier jour de l\u2019invasion russe de f\u00e9vrier 2022 -, a poursuivi le chef d\u2019\u00c9tat. Lui et Donald Trump n\u2019avaient pas, lors de leur point avec la presse, abord\u00e9 ces points en profondeur, comme l\u2019adh\u00e9sion \u00e0 l\u2019Union europ\u00e9enne et, surtout, \u00e0 l\u2019Otan.<\/p>\n<p>Apr\u00e8s avoir \u00e9chang\u00e9, quelques heures avant la rencontre, <a href=\"https:\/\/www.humanite.fr\/monde\/guerre-en-ukraine\/guerre-en-ukraine-vladimir-poutine-dessine-des-pourparlers-encore-long-lors-de-sa-conference-annuelle\" target=\"_blank\" rel=\"noopener\">avec Vladimir Poutine<\/a>, Donald Trump a assist\u00e9 \u00e0 un appel avec son homologue ukrainien et ses partenaires europ\u00e9ens. Les dirigeants de l\u2019Otan, de la France, de la Norv\u00e8ge, de l\u2019Italie, de la Finlande, de la Pologne, du Royaume-Uni, de l\u2019Allemagne \u00e9taient pr\u00e9sents. \u00ab\u00a0L\u2019\u00e9l\u00e9ment primordial de cet effort est de disposer de garanties de s\u00e9curit\u00e9 in\u00e9branlables d\u00e8s le premier jour\u00a0\u00bb, a estim\u00e9 la pr\u00e9sidente de la Commission europ\u00e9enne, <a href=\"https:\/\/www.humanite.fr\/monde\/armement\/ursula-von-der-leyen-accelere-la-militarisation-de-leconomie-europeenne\" target=\"_blank\" rel=\"noopener\">Ursula von\u00a0der\u00a0Leyen<\/a>, sur X.<\/p>\n<p>\u00ab\u00a0l\u2019Europe et l\u2019Union europ\u00e9enne sont devenues le principal obstacle \u00e0 la paix\u00a0\u00bb<\/p>\n<p>Tandis qu\u2019un sommet avec les dirigeants europ\u00e9ens \u00e0 Washington a \u00e9t\u00e9 abord\u00e9, ces derniers ont insist\u00e9 sur le maintien d\u2019une pression forte contre Vladimir Poutine. Donald Trump a pr\u00e9f\u00e9r\u00e9 affirmer que son homologue russe est tout aussi \u00ab\u00a0s\u00e9rieux\u00a0\u00bb que Volodymyr Zelensky dans sa volont\u00e9 de mettre fin au conflit.<\/p>\n<p>Le Kremlin a, pour sa part, de nouveau appel\u00e9 l\u2019Ukraine \u00e0 prendre \u00ab\u00a0la d\u00e9cision courageuse\u00a0\u00bb de se retirer de la partie orientale de la<a href=\"https:\/\/www.humanite.fr\/monde\/donbass\/guerre-en-ukraine-meurtrie-par-les-bombardements-la-ville-de-kramatorsk-respire-encore-mais-a-voix-basse\" target=\"_blank\" rel=\"noopener\"> r\u00e9gion de Donetsk<\/a> qu\u2019elle contr\u00f4le encore. \u00ab\u00a0Il y aura des garanties de s\u00e9curit\u00e9, a assur\u00e9 Donald Trump. Elles seront fortes et les pays europ\u00e9ens sont tr\u00e8s impliqu\u00e9s.\u00a0\u00bb<\/p>\n<p>Pourtant \u00ab\u00a0l\u2019Europe et l\u2019Union europ\u00e9enne sont devenues le principal obstacle \u00e0 la paix\u00a0\u00bb, selon le ministre des Affaires \u00e9trang\u00e8res, Sergue\u00ef Lavrov. \u00ab\u00a0Bien s\u00fbr\u00a0\u00bb, a n\u00e9anmoins r\u00e9pondu, lundi, \u00e0 la presse, le porte-parole de la pr\u00e9sidence russe, Dmitri Peskov, lorsqu\u2019on lui a demand\u00e9 si Moscou partageait l\u2019avis de Donald Trump. Jusqu\u2019au prochain revirement.<\/p>\n<p>\u00catre le journal de la paix, notre d\u00e9fi quotidien<\/p>\n<p>Depuis Jaur\u00e8s, la d\u00e9fense de la paix est dans notre ADN.<\/p>\n<ul class=\"wp-block-list\">\n<li>Qui informe encore aujourd\u2019hui sur <strong>les actions des pacifistes<\/strong> pour le d\u00e9sarmement\u00a0?<\/li>\n<li>Combien de m\u00e9dias rappellent que <strong>les combats de d\u00e9colonisation <\/strong>ont encore cours, et qu\u2019ils doivent \u00eatre soutenus\u00a0?<\/li>\n<li>Combien valorisent les <strong>solidarit\u00e9s internationales<\/strong>, et s\u2019engagent sans ambigu\u00eft\u00e9 aux c\u00f4t\u00e9s des exil\u00e9s\u00a0?<\/li>\n<\/ul>\n<p><strong>Nos valeurs n\u2019ont pas de fronti\u00e8res.<\/strong><\/p>\n<p>Aidez-nous \u00e0 soutenir le droit \u00e0 l\u2019autod\u00e9termination et l\u2019option de la paix.<br \/><a href=\"https:\/\/www.humanite.fr\/lhumanite-cest-vous\" target=\"_blank\" rel=\"noopener\">Je veux en savoir plus\u00a0!<\/a><\/p>\n","protected":false},"excerpt":{"rendered":"R\u00e9unis dans la r\u00e9sidence Mar-a-Lago, \u00e0 Palm Beach (Floride), dimanche 28\u00a0d\u00e9cembre, Donald Trump et Volodymyr Zelensky ont laiss\u00e9&hellip;\n","protected":false},"author":2,"featured_media":627600,"comment_status":"","ping_status":"","sticky":false,"template":"","format":"standard","meta":{"footnotes":""},"categories":[1591],"tags":[11,1887,12,1885,1886,132],"class_list":{"0":"post-627599","1":"post","2":"type-post","3":"status-publish","4":"format-standard","5":"has-post-thumbnail","7":"category-russie","8":"tag-actualites","9":"tag-federation-de-russie","10":"tag-news","11":"tag-russia","12":"tag-russian-federation","13":"tag-russie"},"share_on_mastodon":{"url":"https:\/\/pubeurope.com\/@fr\/115802938071205413","error":""},"_links":{"self":[{"href":"https:\/\/www.europesays.com\/fr\/wp-json\/wp\/v2\/posts\/627599","targetHints":{"allow":["GET"]}}],"collection":[{"href":"https:\/\/www.europesays.com\/fr\/wp-json\/wp\/v2\/posts"}],"about":[{"href":"https:\/\/www.europesays.com\/fr\/wp-json\/wp\/v2\/types\/post"}],"author":[{"embeddable":true,"href":"https:\/\/www.europesays.com\/fr\/wp-json\/wp\/v2\/users\/2"}],"replies":[{"embeddable":true,"href":"https:\/\/www.europesays.com\/fr\/wp-json\/wp\/v2\/comments?post=627599"}],"version-history":[{"count":0,"href":"https:\/\/www.europesays.com\/fr\/wp-json\/wp\/v2\/posts\/627599\/revisions"}],"wp:featuredmedia":[{"embeddable":true,"href":"https:\/\/www.europesays.com\/fr\/wp-json\/wp\/v2\/media\/627600"}],"wp:attachment":[{"href":"https:\/\/www.europesays.com\/fr\/wp-json\/wp\/v2\/media?parent=627599"}],"wp:term":[{"taxonomy":"category","embeddable":true,"href":"https:\/\/www.europesays.com\/fr\/wp-json\/wp\/v2\/categories?post=627599"},{"taxonomy":"post_tag","embeddable":true,"href":"https:\/\/www.europesays.com\/fr\/wp-json\/wp\/v2\/tags?post=627599"}],"curies":[{"name":"wp","href":"https:\/\/api.w.org\/{rel}","templated":true}]}}