{"id":627601,"date":"2025-12-29T12:49:13","date_gmt":"2025-12-29T12:49:13","guid":{"rendered":"https:\/\/www.europesays.com\/fr\/627601\/"},"modified":"2025-12-29T12:49:13","modified_gmt":"2025-12-29T12:49:13","slug":"zelensky-perplexe-apres-une-phrase-de-trump","status":"publish","type":"post","link":"https:\/\/www.europesays.com\/fr\/627601\/","title":{"rendered":"Zelensky perplexe apr\u00e8s une phrase de Trump"},"content":{"rendered":"<p>\n    Le pr\u00e9sident ukrainien Volodymyr Zelensky semblait interloqu\u00e9, dimanche 28 d\u00e9cembre, apr\u00e8s les propos pour le moins surprenants de Donald Trump sur une suppos\u00e9e volont\u00e9 de Vladimir Poutine d\u2019aider l\u2019Ukraine \u00e0 \u00abr\u00e9ussir\u00bb.<\/p>\n<p class=\"fig-paragraph\">Un sourire bref et contenu, presque diplomatique, lorsque\u00a0<a href=\"http:\/\/www.lefigaro.fr\/international\/en-floride-trump-et-zelensky-affichent-un-optimisme-prudent-pour-la-conclusion-d-un-accord-de-paix-20251229\" target=\"_blank\" data-fig-type=\"Article\" rel=\"noopener\" data-gtm-custom-categorie=\"navigation\" data-gtm-custom-action=\"crossclick\" data-gtm-custom-label=\"Contextuel\" data-gtm-event=\"customEventSPE\" data-fig-domain=\"LEFIGARO\">Donald Trump<\/a>\u00a0assure que Vladimir Poutine souhaite voir l\u2019Ukraine \u00abr\u00e9ussir\u00bb. La sc\u00e8ne a quelque chose d\u2019irr\u00e9el ce dimanche 28 d\u00e9cembre \u00e0 Mar-a-Lago, en Floride. Le pr\u00e9sident am\u00e9ricain \u00e9voque un Kremlin soudain magnanime, pr\u00eat \u00e0 aider Kiev en fournissant \u00e9nergie et \u00e9lectricit\u00e9 \u00e0 bas prix. Une g\u00e9n\u00e9rosit\u00e9 qui, dans le contexte d\u2019une guerre toujours en cours, ne peut que surprendre.<\/p>\n<p class=\"fig-paragraph\">Dans sa r\u00e9ponse, le pr\u00e9sident am\u00e9ricain s\u2019applique \u00e0 pr\u00e9senter\u00a0<a href=\"http:\/\/www.lefigaro.fr\/international\/guerre-en-ukraine-si-vladimir-poutine-refuse-la-paix-un-fidele-allie-de-donald-trump-preconise-de-recourir-au-missile-tomahawk-20251223\" target=\"_blank\" data-fig-type=\"NewsFlash\" rel=\"noopener\" data-gtm-custom-categorie=\"navigation\" data-gtm-custom-action=\"crossclick\" data-gtm-custom-label=\"Contextuel\" data-gtm-event=\"customEventSPE\" data-fig-domain=\"LEFIGARO\">Vladimir Poutine<\/a>\u00a0comme un acteur cl\u00e9, presque incontournable, de la future reconstruction ukrainienne en expliquant avoir \u00e9voqu\u00e9 avec le pr\u00e9sident russe la \u00abresponsabilit\u00e9\u00bb de Moscou dans l\u2019apr\u00e8s-guerre. Il insiste, une fois encore, sur le fait que Vladimir Poutine se serait montr\u00e9 \u00abtr\u00e8s g\u00e9n\u00e9reux dans sa volont\u00e9 de voir l\u2019Ukraine r\u00e9ussir\u00bb, \u00e9voquant la fourniture d\u2019\u00ab\u00e9nergie, d\u2019\u00e9lectricit\u00e9 et d\u2019autres ressources \u00e0 des prix tr\u00e8s bas\u00bb, un soutien \u00e9conomique pr\u00e9sent\u00e9 comme devant accompagner un \u00e9ventuel accord politique.<\/p>\n<p>                                            <a class=\"fig-a11y-skip\" href=\"#fig-a11y-skip-main-inarticle\" data-module=\"a11y-skip\" data-context=\"was @visible\"><br \/>\n    Passer la publicit\u00e9<br \/>\n<\/a>            <\/p>\n<p class=\"fig-paragraph\">Trump pr\u00e9sente ainsi son\u00a0<a href=\"http:\/\/www.lefigaro.fr\/international\/a-moscou-les-envoyes-de-donald-trump-defendent-son-plan-de-paix-pour-l-ukraine-devant-vladimir-poutine-20251202\" target=\"_blank\" data-fig-type=\"Article\" rel=\"noopener\" data-gtm-custom-categorie=\"navigation\" data-gtm-custom-action=\"crossclick\" data-gtm-custom-label=\"Contextuel\" data-gtm-event=\"customEventSPE\" data-fig-domain=\"LEFIGARO\">coup de fil<\/a>\u00a0comme un tournant\u00a0: \u00abbeaucoup de bonnes choses sont sorties de cet appel\u00bb, en l\u2019inscrivant dans un travail pr\u00e9paratoire plus large men\u00e9, dit-il, depuis deux semaines par ses conseillers, afin de donner du corps \u00e0 l\u2019id\u00e9e que la Russie ne serait plus seulement l\u2019agresseur, mais un futur partenaire de la renaissance ukrainienne.<\/p>\n","protected":false},"excerpt":{"rendered":"Le pr\u00e9sident ukrainien Volodymyr Zelensky semblait interloqu\u00e9, dimanche 28 d\u00e9cembre, apr\u00e8s les propos pour le moins surprenants de&hellip;\n","protected":false},"author":2,"featured_media":627602,"comment_status":"","ping_status":"","sticky":false,"template":"","format":"standard","meta":{"footnotes":""},"categories":[1590],"tags":[11,75,1777,674,131,12,220,134],"class_list":{"0":"post-627601","1":"post","2":"type-post","3":"status-publish","4":"format-standard","5":"has-post-thumbnail","7":"category-ukraine","8":"tag-actualites","9":"tag-donald-trump","10":"tag-eu","11":"tag-europe","12":"tag-guerre-en-ukraine","13":"tag-news","14":"tag-ukraine","15":"tag-volodymyr-zelensky"},"share_on_mastodon":{"url":"https:\/\/pubeurope.com\/@fr\/115802942063020743","error":""},"_links":{"self":[{"href":"https:\/\/www.europesays.com\/fr\/wp-json\/wp\/v2\/posts\/627601","targetHints":{"allow":["GET"]}}],"collection":[{"href":"https:\/\/www.europesays.com\/fr\/wp-json\/wp\/v2\/posts"}],"about":[{"href":"https:\/\/www.europesays.com\/fr\/wp-json\/wp\/v2\/types\/post"}],"author":[{"embeddable":true,"href":"https:\/\/www.europesays.com\/fr\/wp-json\/wp\/v2\/users\/2"}],"replies":[{"embeddable":true,"href":"https:\/\/www.europesays.com\/fr\/wp-json\/wp\/v2\/comments?post=627601"}],"version-history":[{"count":0,"href":"https:\/\/www.europesays.com\/fr\/wp-json\/wp\/v2\/posts\/627601\/revisions"}],"wp:featuredmedia":[{"embeddable":true,"href":"https:\/\/www.europesays.com\/fr\/wp-json\/wp\/v2\/media\/627602"}],"wp:attachment":[{"href":"https:\/\/www.europesays.com\/fr\/wp-json\/wp\/v2\/media?parent=627601"}],"wp:term":[{"taxonomy":"category","embeddable":true,"href":"https:\/\/www.europesays.com\/fr\/wp-json\/wp\/v2\/categories?post=627601"},{"taxonomy":"post_tag","embeddable":true,"href":"https:\/\/www.europesays.com\/fr\/wp-json\/wp\/v2\/tags?post=627601"}],"curies":[{"name":"wp","href":"https:\/\/api.w.org\/{rel}","templated":true}]}}