{"id":627605,"date":"2025-12-29T12:51:13","date_gmt":"2025-12-29T12:51:13","guid":{"rendered":"https:\/\/www.europesays.com\/fr\/627605\/"},"modified":"2025-12-29T12:51:13","modified_gmt":"2025-12-29T12:51:13","slug":"onzieme-demission-dans-le-staff-dharry-et-meghan","status":"publish","type":"post","link":"https:\/\/www.europesays.com\/fr\/627605\/","title":{"rendered":"Onzi\u00e8me d\u00e9mission dans le staff d&rsquo;Harry et Meghan"},"content":{"rendered":"<p>Et de onze\u00a0! Meredith Maines, engag\u00e9 en mars 20025 pour s\u2019occuper des relations publiques d\u2019<a target=\"_blank\" href=\"https:\/\/www.pointdevue.fr\/grand-angle\/biographies\/prince-harry\" rel=\"noopener\">Harry<\/a> et <a target=\"_blank\" href=\"https:\/\/www.pointdevue.fr\/grand-angle\/biographies\/meghan-markle\" rel=\"noopener\">Meghan<\/a> vient de d\u00e9missionner trois mois apr\u00e8s sa prise de fonction. Presque une habitude parmi les collaborateurs du couple. Josh Kettler, ancien comme chef de cabinet avait \u00e9galement tenu trois mois, comme Emily Robinson, elle aussi ancienne directrice de communication.<\/p>\n<p><img decoding=\"async\" src=\"https:\/\/www.europesays.com\/fr\/wp-content\/uploads\/2025\/12\/ABACA_969506_001YIoQxcd0UV.jpg\" alt=\"Meghan \u00e0 la sortie d'un d\u00e9jeuner avec Serena Williams \u00e0 New York, en octobre 2025.\"\/><strong>Meghan \u00e0 la sortie d&rsquo;un d\u00e9jeuner avec Serena Williams \u00e0 New York, en octobre 2025.<\/strong> \u00a9 Dylan Travis\/ABACA<\/p>\n<p>Au cours de son mandat, Meredith Maines, peut se targuer d\u2019avoir r\u00e9ussi \u00e0 renouer le contact entre le roi et son fils. Son fait de gloire restera ainsi <a target=\"_blank\" href=\"https:\/\/www.pointdevue.fr\/royal\/royaume-uni\/le-rapprochement-entre-le-prince-harry-et-charles-iii-en-bonne-voie-oui-mais\" rel=\"noopener\">son rendez-vous \u00e0 Londres<\/a>, le 9 juillet dernier avec Tobyn Andreae, directeur de la communication de <a href=\"https:\/\/www.pointdevue.fr\/grand-angle\/biographies\/charles-iii\" target=\"_blank\" rel=\"noopener\">Charles III<\/a> pour dessiner les contours de la rencontre entre Harry et le roi. Celle-ci a finalement eu lieu, <a target=\"_blank\" href=\"https:\/\/www.pointdevue.fr\/royal\/royaume-uni\/tea-for-two-le-prince-harry-recu-par-charles-iii-54-minutes-pour-un-retour-en-grace\" rel=\"noopener\">le 10 septembre<\/a>. Un exploit au vu de la m\u00e9fiance du palais de Buckingham envers les confessions m\u00e9diatiques incontr\u00f4lables du duc de Sussex. H\u00e9las, il ne semble pas avoir \u00e9t\u00e9 suffisamment \u00e9panouissant pour donner envie \u00e0 Meredith Maines de poursuivre son aventure professionnelle avec le couple.<\/p>\n<p><img decoding=\"async\" src=\"https:\/\/www.europesays.com\/fr\/wp-content\/uploads\/2025\/12\/ABACA_966032_00800L5LrUI5c.jpg\" alt=\"Meghan au concert organis\u00e9 par Kevin Costner pour les pompiers de Santa-Barbara le 20 septembre 2025.\"\/><strong>Meghan au concert organis\u00e9 par Kevin Costner pour les pompiers de Santa-Barbara le 20 septembre 2025.<\/strong> \u00a9 Zuma\/ABACA<\/p>\n<p>Cette onzi\u00e8me d\u00e9mission en cinq ans d\u2019un charg\u00e9 de relations publiques d\u2019Harry et Meghan pose question. Trois anciens collaborateurs du couple, \u00e0 l\u2019\u00e9poque o\u00f9 ils habitaient encore la Grande-Bretagne avaient m\u00eame mont\u00e9 un club\u00a0:\u00a0\u00ab\u00a0Les survivants des Sussex\u00a0\u00bb. P\u00eale-m\u00eale, ils d\u00e9non\u00e7aient une forme d\u2019immaturit\u00e9 et d\u2019absence de coh\u00e9rence dans la mani\u00e8re dont le duc et la duchesse de Sussex g\u00e9raient leurs projets. D\u2019autres t\u00e9moignages avaient fait \u00e9tat des exigences de Meghan, notamment concernant des d\u00e9lais de r\u00e9ponse \u00e0 ses messages, hors des heures de travail. Et, certains dirigeants ont m\u00eame supprim\u00e9 de leur CV, leur collaboration avec les Sussex.<\/p>\n<p><img decoding=\"async\" src=\"https:\/\/www.europesays.com\/fr\/wp-content\/uploads\/2025\/12\/ABACA_968514_001dabSE4bELP.jpg\" alt=\"Meghan lors de la fashion week parisienne en octobre 2025.\"\/><strong>Meghan lors de la fashion week parisienne en octobre 2025.<\/strong> \u00a9 Aissaoui Nacer\/Splash News\/ABACA<\/p>\n<p>\u00a0<\/p>\n<p>Cinq ans apr\u00e8s leur installation aux \u00c9tats-Unis, le couple ne semble toujours pas avoir trouv\u00e9 son rythme de croisi\u00e8re au niveau professionnel. Ils viennent de d\u00e9cider de changer les statuts administratifs d&rsquo;Archewell, de mani\u00e8re \u00e0 rendre les dons envers leur fondation plus attractifs fiscalement. Cette nouvelle \u00e9tape ne masque pas la difficult\u00e9 qu\u2019ils rencontrent \u00e0 conserver les m\u00eames collaborateurs. Une difficult\u00e9 qui ne peut que nuire \u00e0 l\u2019avanc\u00e9e de leurs projets<strong>. <\/strong>\u00c0 moins que le manque de clart\u00e9 de ces derniers ne d\u00e9courage les bonnes volont\u00e9s.<\/p>\n<p>Lire aussi &gt;&gt;<a target=\"_blank\" href=\"https:\/\/www.pointdevue.fr\/royal\/royaume-uni\/meghan-et-harry-prives-de-noel-cette-annonce-qui-pourrait-empecher-le-couple-de-reveillonner\" rel=\"noopener\">Meghan et Harry priv\u00e9s de No\u00ebl ? Cette annonce qui pourrait emp\u00eacher le couple de r\u00e9veillonner<\/a><\/p>\n","protected":false},"excerpt":{"rendered":"Et de onze\u00a0! Meredith Maines, engag\u00e9 en mars 20025 pour s\u2019occuper des relations publiques d\u2019Harry et Meghan vient&hellip;\n","protected":false},"author":2,"featured_media":627606,"comment_status":"","ping_status":"","sticky":false,"template":"","format":"standard","meta":{"footnotes":""},"categories":[1588],"tags":[11,1777,674,12,473,1853,1851,1850,1852],"class_list":{"0":"post-627605","1":"post","2":"type-post","3":"status-publish","4":"format-standard","5":"has-post-thumbnail","7":"category-royaume-uni","8":"tag-actualites","9":"tag-eu","10":"tag-europe","11":"tag-news","12":"tag-royaume-uni","13":"tag-royaume-uni-de-grande-bretagne-et-dirlande-du-nord","14":"tag-uk","15":"tag-united-kingdom","16":"tag-united-kingdom-of-great-britain-and-northern-ireland"},"share_on_mastodon":{"url":"https:\/\/pubeurope.com\/@fr\/115802950239427557","error":""},"_links":{"self":[{"href":"https:\/\/www.europesays.com\/fr\/wp-json\/wp\/v2\/posts\/627605","targetHints":{"allow":["GET"]}}],"collection":[{"href":"https:\/\/www.europesays.com\/fr\/wp-json\/wp\/v2\/posts"}],"about":[{"href":"https:\/\/www.europesays.com\/fr\/wp-json\/wp\/v2\/types\/post"}],"author":[{"embeddable":true,"href":"https:\/\/www.europesays.com\/fr\/wp-json\/wp\/v2\/users\/2"}],"replies":[{"embeddable":true,"href":"https:\/\/www.europesays.com\/fr\/wp-json\/wp\/v2\/comments?post=627605"}],"version-history":[{"count":0,"href":"https:\/\/www.europesays.com\/fr\/wp-json\/wp\/v2\/posts\/627605\/revisions"}],"wp:featuredmedia":[{"embeddable":true,"href":"https:\/\/www.europesays.com\/fr\/wp-json\/wp\/v2\/media\/627606"}],"wp:attachment":[{"href":"https:\/\/www.europesays.com\/fr\/wp-json\/wp\/v2\/media?parent=627605"}],"wp:term":[{"taxonomy":"category","embeddable":true,"href":"https:\/\/www.europesays.com\/fr\/wp-json\/wp\/v2\/categories?post=627605"},{"taxonomy":"post_tag","embeddable":true,"href":"https:\/\/www.europesays.com\/fr\/wp-json\/wp\/v2\/tags?post=627605"}],"curies":[{"name":"wp","href":"https:\/\/api.w.org\/{rel}","templated":true}]}}