{"id":627616,"date":"2025-12-29T12:57:11","date_gmt":"2025-12-29T12:57:11","guid":{"rendered":"https:\/\/www.europesays.com\/fr\/627616\/"},"modified":"2025-12-29T12:57:11","modified_gmt":"2025-12-29T12:57:11","slug":"can-2025-plusieurs-personnes-interpellees-et-deux-blesses-en-france-lors-de-heurts-apres-la-victoire-de-lalgerie","status":"publish","type":"post","link":"https:\/\/www.europesays.com\/fr\/627616\/","title":{"rendered":"CAN 2025\u00a0: plusieurs personnes interpell\u00e9es et deux bless\u00e9s en France lors de heurts apr\u00e8s la victoire de l\u2019Alg\u00e9rie"},"content":{"rendered":"<p class=\"paragraph text_align_left lp-f-body-02\">Marseille, Lille, Roubaix, Toulouse\u2026 Un peu partout dans l\u2019hexagone, les supporters alg\u00e9riens sont sortis dimanche soir dans la rue pour c\u00e9l\u00e9brer <a href=\"https:\/\/www.leparisien.fr\/sports\/football\/coupe-d-afrique-des-nations\/can-2025-du-lourd-attend-lalgerie-apres-sa-qualification-pour-les-huitiemes-de-finale-28-12-2025-ZWYO5ZYJMRAIHHUMAIFXDOLNBY.php\" target=\"_self\" rel=\"noopener\">la qualification pour les huiti\u00e8mes de finale de la CAN<\/a>, apr\u00e8s la victoire de leur \u00e9quipe face au Burkina Faso (1-0). Mais des heurts ont \u00e9clat\u00e9 en fin de soir\u00e9e dans plusieurs villes, a appris Le Parisien de sources polici\u00e8res, confirmant une information du <a href=\"https:\/\/www.lefigaro.fr\/faits-divers\/tirs-de-mortiers-degradations-des-heurts-eclatent-dans-plusieurs-villes-de-france-apres-la-victoire-de-l-algerie-a-la-can-20251229\" target=\"_self\" rel=\"noopener\">Figaro<\/a>.<\/p>\n<p class=\"\">\u00c0 Lille (Nord), une centaine de supporters ont bloqu\u00e9 les routes, tout en tirant des mortiers d\u2019artifices et des fumig\u00e8nes. Certains d\u2019entre eux ont ensuite secou\u00e9 un v\u00e9hicule dont la conductrice, prise de panique, a roul\u00e9 sur le pied d\u2019un adolescent. Ce dernier a \u00e9t\u00e9 transport\u00e9 \u00e0 l\u2019h\u00f4pital sans que son pronostic vital ne soit engag\u00e9. Au total, quatre personnes, dont la conductrice, ont \u00e9t\u00e9 interpell\u00e9es et plac\u00e9es en garde \u00e0 vue. Aucun policier pr\u00e9sent sur les lieux n\u2019a \u00e9t\u00e9 bless\u00e9 et vers 22h30, le calme \u00e9tait r\u00e9tabli.<\/p>\n<p class=\"\">\u00c0 quelques kilom\u00e8tres de l\u00e0, \u00e0 Roubaix (<a href=\"https:\/\/www.leparisien.fr\/nord-59\/\" target=\"_self\" rel=\"noopener\">Nord<\/a>), des supporters ont tir\u00e9 des mortiers d\u2019artifice en direction des forces de l\u2019ordre, et ont br\u00fbl\u00e9 des caddies et des r\u00e9frig\u00e9rateurs sur la voie publique. Si aucun bless\u00e9 n\u2019est \u00e0 recenser c\u00f4t\u00e9 policier, une personne a \u00e9t\u00e9 renvers\u00e9e. Comme \u00e0 Lille, certains supporters ont secou\u00e9 un v\u00e9hicule, dont la conductrice a perdu le contr\u00f4le et percut\u00e9 un pi\u00e9ton, occasionnant une fracture du tibia. Elle sera convoqu\u00e9e ult\u00e9rieurement par la justice.<\/p>\n<p>Aucun bless\u00e9 dans le sud, mais plusieurs personnes interpell\u00e9es<\/p>\n<p class=\"\">Dans le sud de la France, des heurts ont \u00e9galement \u00e9clat\u00e9. \u00c0 <a href=\"https:\/\/www.leparisien.fr\/bouches-du-rhone-13\/\" target=\"_self\" rel=\"noopener\">Marseille<\/a> (Bouches-du-Rh\u00f4ne), vers 21 heures, pas moins de 800 supporters se sont rassembl\u00e9s sur la Canebi\u00e8re, avant de se scinder en plusieurs petits groupes, errant dans le centre-ville. Un tramway a \u00e9t\u00e9 d\u00e9grad\u00e9, entra\u00eenant l\u2019arr\u00eat de l\u2019ensemble du r\u00e9seau. Vers 23h30, les forces de l\u2019ordre ont \u00e9t\u00e9 vis\u00e9es par des tirs de mortiers d\u2019artifice, au niveau du quai des Belges, sans qu\u2019aucun bless\u00e9 ne soit d\u00e9plor\u00e9. Deux personnes ont \u00e9t\u00e9 interpell\u00e9es et plac\u00e9es en garde \u00e0 vue.<\/p>\n<p class=\"lp-card-podcast-highlighting__title  lp-f-subtitle-05\">[2\/2] Vengeance et colis pi\u00e9g\u00e9\u00a0: le myst\u00e9rieux attentat de La\u00a0Baule<\/p>\n<p><a class=\"lp-card-podcast-highlighting__call-to-action\" data-page-type=\"HP\" data-block-name=\"podcast-highlight\">\u00c9couter<\/a><\/p>\n<p class=\"\">Enfin \u00e0 Toulouse (<a href=\"https:\/\/www.leparisien.fr\/haute-garonne-31\/\" target=\"_self\" rel=\"noopener\">Haute-Garonne<\/a>), vers 21h15, une vingtaine d\u2019individus ont tent\u00e9 d\u2019arracher le drapeau fran\u00e7ais de la mairie de quartier rue Henri Desbals, avant de viser les policiers avec des mortiers d\u2019artifice. 10 minutes plus tard, une cinquantaine d\u2019individus ont bloqu\u00e9 le rond point all\u00e9e Bellefontaine de la ville rose, \u00e0 proximit\u00e9 du commissariat de quartier et ont tir\u00e9 des mortiers d\u2019artifice en direction des policiers. Aucun bless\u00e9 n\u2019a n\u00e9anmoins \u00e9t\u00e9 d\u00e9plor\u00e9.<\/p>\n","protected":false},"excerpt":{"rendered":"Marseille, Lille, Roubaix, Toulouse\u2026 Un peu partout dans l\u2019hexagone, les supporters alg\u00e9riens sont sortis dimanche soir dans la&hellip;\n","protected":false},"author":2,"featured_media":627617,"comment_status":"","ping_status":"","sticky":false,"template":"","format":"standard","meta":{"footnotes":""},"categories":[4],"tags":[11,459,118,1011,27,12,25],"class_list":{"0":"post-627616","1":"post","2":"type-post","3":"status-publish","4":"format-standard","5":"has-post-thumbnail","7":"category-france","8":"tag-actualites","9":"tag-departements-horsidfo","10":"tag-faits-divers","11":"tag-fr","12":"tag-france","13":"tag-news","14":"tag-republique-francaise"},"share_on_mastodon":{"url":"https:\/\/pubeurope.com\/@fr\/115802973315678828","error":""},"_links":{"self":[{"href":"https:\/\/www.europesays.com\/fr\/wp-json\/wp\/v2\/posts\/627616","targetHints":{"allow":["GET"]}}],"collection":[{"href":"https:\/\/www.europesays.com\/fr\/wp-json\/wp\/v2\/posts"}],"about":[{"href":"https:\/\/www.europesays.com\/fr\/wp-json\/wp\/v2\/types\/post"}],"author":[{"embeddable":true,"href":"https:\/\/www.europesays.com\/fr\/wp-json\/wp\/v2\/users\/2"}],"replies":[{"embeddable":true,"href":"https:\/\/www.europesays.com\/fr\/wp-json\/wp\/v2\/comments?post=627616"}],"version-history":[{"count":0,"href":"https:\/\/www.europesays.com\/fr\/wp-json\/wp\/v2\/posts\/627616\/revisions"}],"wp:featuredmedia":[{"embeddable":true,"href":"https:\/\/www.europesays.com\/fr\/wp-json\/wp\/v2\/media\/627617"}],"wp:attachment":[{"href":"https:\/\/www.europesays.com\/fr\/wp-json\/wp\/v2\/media?parent=627616"}],"wp:term":[{"taxonomy":"category","embeddable":true,"href":"https:\/\/www.europesays.com\/fr\/wp-json\/wp\/v2\/categories?post=627616"},{"taxonomy":"post_tag","embeddable":true,"href":"https:\/\/www.europesays.com\/fr\/wp-json\/wp\/v2\/tags?post=627616"}],"curies":[{"name":"wp","href":"https:\/\/api.w.org\/{rel}","templated":true}]}}