{"id":627618,"date":"2025-12-29T13:00:10","date_gmt":"2025-12-29T13:00:10","guid":{"rendered":"https:\/\/www.europesays.com\/fr\/627618\/"},"modified":"2025-12-29T13:00:10","modified_gmt":"2025-12-29T13:00:10","slug":"rayasi-deja-vers-un-depart-de-lubb-des-clubs-francais-a-laffut","status":"publish","type":"post","link":"https:\/\/www.europesays.com\/fr\/627618\/","title":{"rendered":"Rayasi d\u00e9j\u00e0 vers un d\u00e9part de l&rsquo;UBB ? Des clubs fran\u00e7ais \u00e0 l&rsquo;aff\u00fbt"},"content":{"rendered":"<p>C\u2019est s\u00fbrement <strong>l\u2019une des bonnes pioches du recrutement girondin<\/strong>. Arriv\u00e9 en provenance de <a data-ilj-link-preview=\"true\" data-excerpt=\"Fond\u00e9 en 1950, le RC Vannes a gravi les \u00e9chelons pour atteindre l&#039;\u00e9lite du rugby fran\u00e7ais. Le club, qui \u00e9volue d\u00e9sormais en Top 14, incarne l&#039;ambition et la pers\u00e9v\u00e9rance du rugby breton.&#013;&#010;Staff et pr\u00e9sidence :&#013;&#010;&#013;&#010; &#009;Pr\u00e9sident : Olivier Cloarec&#013;&#010; &#009;Entra\u00eeneur : Jean-No\u00ebl Spitzer (manager g\u00e9n\u00e9ral)&#013;&#010; &#009;Entra\u00eeneurs adjoints : Pierre Venayre (arri\u00e8res), St\u00e9phane Trainini (avants), Tom Smith (comp\u00e9tences sp\u00e9cifiques)&#013;&#010;&#013;&#010;Palmar\u00e8s du RC Vannes&#013;&#010;&#013;&#010;&#013;&#010;&#013;&#010;Comp\u00e9tition&#013;&#010;Titres&#013;&#010;Ann\u00e9es des victoires&#013;&#010;&#013;&#010;&#013;&#010;&#013;&#010;&#013;&#010;Championnat de France F\u00e9d\u00e9rale 1&#013;&#010;1&#013;&#010;2016&#013;&#010;&#013;&#010;&#013;&#010;Championnat de Pro D2&#013;&#010;1&#013;&#010;2024 (accession en Top 14)\" href=\"https:\/\/www.xvovalie.com\/tag\/rc-vannes\/\" target=\"_blank\" rel=\"noopener\">Vannes<\/a> cet \u00e9t\u00e9, <strong>Salesi Rayasi est devenu l\u2019un des \u00e9l\u00e9ments importants de la ligne d\u2019attaque de l\u2019UBB<\/strong>, au milieu de cette constellation d\u2019\u00e9toiles. S\u2019il est souvent utilis\u00e9 comme supersub, l\u2019international fidjien rayonne et confirme toutes les promesses entrevues. <\/p>\n<p>D\u00e9j\u00e0 au RCV, <strong>il \u00e9tait l\u2019une des attractions<\/strong>, d\u00e9barqu\u00e9 de <a data-ilj-link-preview=\"true\" data-featured-image=\"\" data-excerpt=\"Les All Blacks, l&#039;\u00e9quipe nationale de rugby de la Nouvelle-Z\u00e9lande, est l&#039;une des \u00e9quipes les plus dominantes de l&#039;histoire du sport. Depuis leur cr\u00e9ation en 1903, ils ont remport\u00e9 de nombreux titres majeurs, notamment la Coupe du Monde de Rugby \u00e0 trois reprises, en 1987, 2011 et 2015. Les n\u00e9o-z\u00e9landais ont une r\u00e9putation mondiale de\u2026\" href=\"https:\/\/www.xvovalie.com\/all-blacks-nouvelle-zelande\/\" target=\"_blank\" rel=\"noopener\">Nouvelle-Z\u00e9lande<\/a> avec un beau pedigree. Mais le joueur de 29 ans, <strong>pourrait ne pas s\u2019\u00e9terniser dans les trav\u00e9es de Chaban-Delmas<\/strong>. <\/p>\n<p>Bayonne et le Stade Fran\u00e7ais le surveillent<\/p>\n<p>En effet, si l\u2019on en croit Midi Olympique, <strong>l\u2019Aviron Bayonnais souhaite attirer Rayasi<\/strong> dans ses filets et aurait jet\u00e9 son d\u00e9volu sur l\u2019ailier ou arri\u00e8re au d\u00e9triment de Dimitri Delibes. Pour rappel, Rayasi est en fin de contrat \u00e0 Bordeaux. La formation girondine <strong>souhaite le conserver mais est bloqu\u00e9e par le salary cap<\/strong> et les Basques pourraient donc en profiter. <\/p>\n<p>Le bihebdomadaire ajoute que <strong>le <a data-ilj-link-preview=\"true\" data-excerpt=\"Le Stade Fran\u00e7ais est un club de rugby professionnel bas\u00e9 \u00e0 Paris. Il a \u00e9t\u00e9 fond\u00e9 en 1883 et est l&#039;un des clubs les plus prestigieux de France. Le Stade Fran\u00e7ais \u00e9volue en Top 14.&#013;&#010;Staff et pr\u00e9sidence :&#013;&#010;&#013;&#010; &#009;Pr\u00e9sident : Hans-Peter Wild&#013;&#010; &#009;Entra\u00eeneur : Laurent Labit (directeur du rugby)&#013;&#010; &#009;Karim Ghezal (entra\u00eeneur en chef)&#013;&#010; &#009;Paul Gustard (d\u00e9fense)&#013;&#010;&#013;&#010;Palmar\u00e8s du Stade fran\u00e7ais :&#013;&#010;&#013;&#010;&#013;&#010;&#013;&#010;Comp\u00e9titions&#013;&#010;Titres&#013;&#010;Ann\u00e9es&#013;&#010;&#013;&#010;&#013;&#010;Championnat de France&#013;&#010;Champion&#013;&#010;1893, 1894, 1895, 1897, 1898, 1901, 1903, 1908, 1998, 2000, 2003, 2004, 2007, 2015&#013;&#010;&#013;&#010;&#013;&#010;Vice-champion&#013;&#010;1892, 1896, 1899, 1904, 1905, 1906, 1907, 1927, 2005&#013;&#010;&#013;&#010;&#013;&#010;Challenge europ\u00e9en&#013;&#010;Vainqueur&#013;&#010;2017&#013;&#010;&#013;&#010;&#013;&#010;Coupe de France&#013;&#010;Vainqueur&#013;&#010;1999\" href=\"https:\/\/www.xvovalie.com\/stade-francais\/\" target=\"_blank\" rel=\"noopener\">Stade Fran\u00e7ais<\/a> a aussi fait une proposition au Fidjien<\/strong> aux quatre s\u00e9lections. Auteur de six essais en dix matchs avec la tunique bordelo-b\u00e9glaise, Salesi Rayasi prolongera-t-il son bail ou s\u2019envolera-t-il pour une autre \u00e9curie de Top 14 ? <\/p>\n<p>Biberonn\u00e9 au rugby, tomb\u00e9 malade de ce sport lors de la Coupe du Monde 2003, alors que je savais \u00e0 peine marcher, je suis le seul sudiste ayant reni\u00e9 le Stade Toulousain pour l\u2019autre Stade\u2026 Fran\u00e7ais. Condamn\u00e9 \u00e0 souffrir avec mon club de c\u0153ur, j\u2019esp\u00e8re vous transmettre mon amour pour la balle ovale \u00e0 travers XV Ovalie !<\/p>\n","protected":false},"excerpt":{"rendered":"C\u2019est s\u00fbrement l\u2019une des bonnes pioches du recrutement girondin. Arriv\u00e9 en provenance de Vannes cet \u00e9t\u00e9, Salesi Rayasi&hellip;\n","protected":false},"author":2,"featured_media":627498,"comment_status":"","ping_status":"","sticky":false,"template":"","format":"standard","meta":{"footnotes":""},"categories":[1416],"tags":[4736,1011,27,479,1468,73692,60,10673,478,10662,15607],"class_list":{"0":"post-627618","1":"post","2":"type-post","3":"status-publish","4":"format-standard","5":"has-post-thumbnail","7":"category-rugby","8":"tag-aviron-bayonnais","9":"tag-fr","10":"tag-france","11":"tag-rugby","12":"tag-rugby-football","13":"tag-salesi-rayasi","14":"tag-sports","15":"tag-stade-franu00e7ais","16":"tag-top-14","17":"tag-transferts","18":"tag-union-bordeaux-bu00e8gles"},"share_on_mastodon":{"url":"https:\/\/pubeurope.com\/@fr\/115802985155506281","error":""},"_links":{"self":[{"href":"https:\/\/www.europesays.com\/fr\/wp-json\/wp\/v2\/posts\/627618","targetHints":{"allow":["GET"]}}],"collection":[{"href":"https:\/\/www.europesays.com\/fr\/wp-json\/wp\/v2\/posts"}],"about":[{"href":"https:\/\/www.europesays.com\/fr\/wp-json\/wp\/v2\/types\/post"}],"author":[{"embeddable":true,"href":"https:\/\/www.europesays.com\/fr\/wp-json\/wp\/v2\/users\/2"}],"replies":[{"embeddable":true,"href":"https:\/\/www.europesays.com\/fr\/wp-json\/wp\/v2\/comments?post=627618"}],"version-history":[{"count":0,"href":"https:\/\/www.europesays.com\/fr\/wp-json\/wp\/v2\/posts\/627618\/revisions"}],"wp:featuredmedia":[{"embeddable":true,"href":"https:\/\/www.europesays.com\/fr\/wp-json\/wp\/v2\/media\/627498"}],"wp:attachment":[{"href":"https:\/\/www.europesays.com\/fr\/wp-json\/wp\/v2\/media?parent=627618"}],"wp:term":[{"taxonomy":"category","embeddable":true,"href":"https:\/\/www.europesays.com\/fr\/wp-json\/wp\/v2\/categories?post=627618"},{"taxonomy":"post_tag","embeddable":true,"href":"https:\/\/www.europesays.com\/fr\/wp-json\/wp\/v2\/tags?post=627618"}],"curies":[{"name":"wp","href":"https:\/\/api.w.org\/{rel}","templated":true}]}}