{"id":627621,"date":"2025-12-29T13:05:11","date_gmt":"2025-12-29T13:05:11","guid":{"rendered":"https:\/\/www.europesays.com\/fr\/627621\/"},"modified":"2025-12-29T13:05:11","modified_gmt":"2025-12-29T13:05:11","slug":"cc-zonhoven-les-elites-francais-engages-actualite","status":"publish","type":"post","link":"https:\/\/www.europesays.com\/fr\/627621\/","title":{"rendered":"CC &#8211; Zonhoven : Les \u00c9lites fran\u00e7ais engag\u00e9s &#8211; Actualit\u00e9"},"content":{"rendered":"<p class=\"text-left\">La neuvi\u00e8me manche de la Coupe du Monde de cyclo-cross se disputera le dimanche 4 janvier \u00e0 Zonhoven en province de Limbourg (Belgique). Seules les deux courses \u00c9lites figurent au programme. Voici les coureurs fran\u00e7ais qui seront engag\u00e9s.<\/p>\n<p class=\"text-left\"><strong>Les \u00c9lites fran\u00e7ais engag\u00e9s :<br \/><\/strong><strong>Femmes<\/strong><strong><br \/><\/strong><a href=\"https:\/\/www.directvelo.com\/coureur\/18316\/helene-clauzel\" target=\"_blank\" rel=\"noopener\">Hel\u00e8ne CLAUZEL<\/a>\u00a0<br \/><a href=\"https:\/\/www.directvelo.com\/coureur\/18310\/perrine-clauzel\" target=\"_blank\" rel=\"noopener\">Perrine CLAUZEL<\/a> (Sebmotobikes CX Team)<br \/><a href=\"https:\/\/www.directvelo.com\/coureur\/47395\/lison-desprez\" target=\"_blank\" rel=\"noopener\">Lison DESPREZ<\/a> (ACT Cycling)\u00a0<br \/><a class=\"rider-link mention\" href=\"https:\/\/www.directvelo.com\/coureur\/25212\/amandine-fouquenet\" rel=\"external noopener\" data-rider=\"25212\" target=\"_blank\">Amandine FOUQUENET<\/a> (Pauwels Sauzen-Altez)\u00a0<br \/><a class=\"rider-link mention\" href=\"https:\/\/www.directvelo.com\/coureur\/36873\/celia-gery\" rel=\"external noopener\" data-rider=\"36873\" target=\"_blank\">C\u00e9lia GERY<\/a>\u00a0(AS Bike Racing-France Literie)\u00a0<br \/><a href=\"https:\/\/www.directvelo.com\/coureur\/43367\/anais-moulin\" target=\"_blank\" rel=\"noopener\">Ana\u00efs MOULIN<\/a> (UC Aubenas)<br \/><a class=\"rider-link mention\" href=\"https:\/\/www.directvelo.com\/coureur\/43366\/amandine-muller\" rel=\"external noopener\" data-rider=\"43366\" target=\"_blank\">Amandine MULLER<\/a> (AS Bike Racing-France Literie)\u00a0<\/p>\n<p>Rempla\u00e7antes<br \/><a class=\"rider-link mention\" style=\"color: #000000;\" href=\"https:\/\/www.directvelo.com\/coureur\/30708\/lauriane-duraffourg\" rel=\"external noopener\" data-rider=\"30708\" target=\"_blank\">Lauriane DURAFFOURG<\/a>\u00a0(VC Ornans)<strong><br \/><\/strong><a style=\"color: #000000; text-decoration: underline;\" href=\"https:\/\/www.directvelo.com\/coureur\/36869\/line-burquier\" target=\"_blank\" rel=\"noopener\">Line BURQUIER<\/a> (Trinity Racing)<\/p>\n<p><strong>Hommes<br \/><\/strong><a href=\"https:\/\/www.directvelo.com\/coureur\/37792\/leo-bisiaux\" target=\"_blank\" rel=\"noopener\">L\u00e9o BISIAUX<\/a><strong> <\/strong>(Decathlon AG2R La Mondiale) &#8211; notre photo<br \/><a class=\"rider-link mention\" href=\"https:\/\/www.directvelo.com\/coureur\/37495\/nathan-bommenel\" rel=\"external noopener\" data-rider=\"37495\" target=\"_blank\">Nathan BOMMENEL<\/a> \u00a0(ACT Cycling)<br \/><a class=\"rider-link mention\" href=\"https:\/\/www.directvelo.com\/coureur\/30794\/remi-lelandais\" rel=\"external noopener\" data-rider=\"30794\" target=\"_blank\">R\u00e9mi LELANDAIS<\/a> (Bourg-en-Bresse Ain Cyclisme)<br \/><a href=\"https:\/\/www.directvelo.com\/coureur\/4395\/david-menut\" target=\"_blank\" rel=\"noopener\">David MENUT<\/a>\u00a0\u00a0(AS Bike Racing-France Literie)<br \/><a class=\"rider-link mention\" href=\"https:\/\/www.directvelo.com\/coureur\/43346\/jules-simon\" rel=\"external noopener\" data-rider=\"43346\" target=\"_blank\">Jules SIMON<\/a> (AS Bike Racing-France Literie)<br \/><a class=\"rider-link mention\" href=\"https:\/\/www.directvelo.com\/coureur\/43328\/aubin-sparfel\" rel=\"external noopener\" data-rider=\"43328\" target=\"_blank\">Aubin SPARFEL<\/a> (Decathlon AG2R La Mondiale DT)<br \/><a href=\"https:\/\/www.directvelo.com\/coureur\/24644\/theo-thomas\" target=\"_blank\" rel=\"noopener\">Th\u00e9o THOMAS<\/a>\u00a0(Sebmotobikes CX Team)<\/p>\n<p>Rempla\u00e7ants<br \/><a href=\"https:\/\/www.directvelo.com\/coureur\/26071\/damien-beton\" target=\"_blank\" rel=\"noopener\">Damien BETON<\/a> (UC P\u00e9lusin Loire Pilat)<br \/><a href=\"https:\/\/www.directvelo.com\/coureur\/29349\/timothe-gabriel\" target=\"_blank\" rel=\"noopener\">Timoth\u00e9 GABRIEL<\/a> (Team CX TPM)<\/p>\n","protected":false},"excerpt":{"rendered":"La neuvi\u00e8me manche de la Coupe du Monde de cyclo-cross se disputera le dimanche 4 janvier \u00e0 Zonhoven&hellip;\n","protected":false},"author":2,"featured_media":627622,"comment_status":"","ping_status":"","sticky":false,"template":"","format":"standard","meta":{"footnotes":""},"categories":[1411],"tags":[834,828,836,829,837,827,83,826,824,823,1154,207,814,817,815,816,822,821,832,211,839,1011,27,820,818,819,835,831,830,833,838,60,212,208,825],"class_list":{"0":"post-627621","1":"post","2":"type-post","3":"status-publish","4":"format-standard","5":"has-post-thumbnail","7":"category-cyclisme","8":"tag-attaque","9":"tag-belgique","10":"tag-braquet","11":"tag-bretagne","12":"tag-chute","13":"tag-competition","14":"tag-coupe-de-france","15":"tag-coureur","16":"tag-course-cyclisme","17":"tag-course-cycliste","18":"tag-cycling","19":"tag-cyclisme","20":"tag-direct","21":"tag-direct-velo","22":"tag-directvelo","23":"tag-directvelo-com","24":"tag-epreuve","25":"tag-epreuve-cycliste","26":"tag-federation-francaise-de-cyclisme","27":"tag-ffc","28":"tag-flandres","29":"tag-fr","30":"tag-france","31":"tag-live","32":"tag-live-course","33":"tag-live-epreuve","34":"tag-peloton","35":"tag-radio-peloton","36":"tag-radio-tour","37":"tag-ravitaillement","38":"tag-relance","39":"tag-sports","40":"tag-uci","41":"tag-velo","42":"tag-velos"},"share_on_mastodon":{"url":"https:\/\/pubeurope.com\/@fr\/115803004731877240","error":""},"_links":{"self":[{"href":"https:\/\/www.europesays.com\/fr\/wp-json\/wp\/v2\/posts\/627621","targetHints":{"allow":["GET"]}}],"collection":[{"href":"https:\/\/www.europesays.com\/fr\/wp-json\/wp\/v2\/posts"}],"about":[{"href":"https:\/\/www.europesays.com\/fr\/wp-json\/wp\/v2\/types\/post"}],"author":[{"embeddable":true,"href":"https:\/\/www.europesays.com\/fr\/wp-json\/wp\/v2\/users\/2"}],"replies":[{"embeddable":true,"href":"https:\/\/www.europesays.com\/fr\/wp-json\/wp\/v2\/comments?post=627621"}],"version-history":[{"count":0,"href":"https:\/\/www.europesays.com\/fr\/wp-json\/wp\/v2\/posts\/627621\/revisions"}],"wp:featuredmedia":[{"embeddable":true,"href":"https:\/\/www.europesays.com\/fr\/wp-json\/wp\/v2\/media\/627622"}],"wp:attachment":[{"href":"https:\/\/www.europesays.com\/fr\/wp-json\/wp\/v2\/media?parent=627621"}],"wp:term":[{"taxonomy":"category","embeddable":true,"href":"https:\/\/www.europesays.com\/fr\/wp-json\/wp\/v2\/categories?post=627621"},{"taxonomy":"post_tag","embeddable":true,"href":"https:\/\/www.europesays.com\/fr\/wp-json\/wp\/v2\/tags?post=627621"}],"curies":[{"name":"wp","href":"https:\/\/api.w.org\/{rel}","templated":true}]}}