{"id":627623,"date":"2025-12-29T13:06:10","date_gmt":"2025-12-29T13:06:10","guid":{"rendered":"https:\/\/www.europesays.com\/fr\/627623\/"},"modified":"2025-12-29T13:06:10","modified_gmt":"2025-12-29T13:06:10","slug":"psg-un-interet-pour-ousmane-diomande-maxifoot","status":"publish","type":"post","link":"https:\/\/www.europesays.com\/fr\/627623\/","title":{"rendered":"PSG : un int\u00e9r\u00eat pour Ousmane Diomand\u00e9 ? &#8211; Maxifoot"},"content":{"rendered":"<ol>\n<li><a href=\"https:\/\/news.google.com\/rss\/articles\/CBMiggFBVV95cUxNZmdWUFpic0cxVGZldU1PSE9QQ0RzYWhIM0VhbWwwbjF3M0FvSUlndG1Jc1NCdDloU0NNTnVlZ0JNblczV3poaFdWbkd2OFZyVk05WWRVeS1KTmpsVWRmdXNHTW0xdDl3dGxrTkpmaUlXUzJHQUtCUUlUS3VReDdHOXFB0gGCAUFVX3lxTE9teE1Bc0Y3RDczS3d4ejdib0stQ0J5RzVtNVNWSk1Ec3hRYWstN1lkYi15TU1VS3hpbHotbm5WTHBYcHNIVlhfN3dFS1JzSFIzNTVvbGJ2RjJ1aHhYMnp4bFNSWFFEVEpNOWhUakt2OVFSaTQwMncxRm9WVG5lckktQnc?oc=5\" target=\"_blank\" rel=\"noopener\">PSG : un int\u00e9r\u00eat pour Ousmane Diomand\u00e9 ?<\/a>&nbsp;&nbsp;Maxifoot<\/li>\n<li><a href=\"https:\/\/news.google.com\/rss\/articles\/CBMigAJBVV95cUxQcGNwM1A3Um90UC1heDVLeUlkZjNxY3NmUWxkcjBUS1hNNVZKNUFOanItRjB4LWd4eGRpdmlyNkQzQ1E5bUhpZUlxWUdhellmUUhpcm9yRFY5WVd1dURCREVKdllYZktBOTRNbHdzc2Z0aW5SNmY0QkV2SHdjdWp1ZENBVUJUaERKOFV3OEN5TGMwN2YxS010cnVyMTR6cWdLeVdDZ205azBHaDFoN2lyeXRCTzZFYTMxSUgtRWFmYU5aT2ExRTczUmZjNEJzVkVDN1hkX041ck91TnVLblNVRnVpdVY2YU1URmxsUnNDSW91S2lEM2lGNy1sbEF4YWto?oc=5\" target=\"_blank\" rel=\"noopener\">Diomand\u00e9, priorit\u00e9 du PSG ? Les 6 infos mercato de lundi<\/a>&nbsp;&nbsp;Eurosport<\/li>\n<li><a href=\"https:\/\/news.google.com\/rss\/articles\/CBMixAFBVV95cUxPNTlWWFZ6OVp2WURnN2hYcXpKcUFZZHB6ZW1BZ1RnYk5FUXNqd1JhR21ROFJjVW0wNE9qcGRwWnBpNE5nQXJCUjVpb19RTmZ3cHBFV1h1QXN0RlFDQXBhX2dfLXRxU2pIenFRN2FudTgyamdrV3BVWDN4UFA0R0EzSzRiYWI2QTExSE9GTUpqWktqMjRONkFZTHh1a0dBUUFMemdJaVExMzdHRm1FZkF5amVSUjNaLXFlNXVob1lLNU0ydkNp?oc=5\" target=\"_blank\" rel=\"noopener\">PSG : les 2 joueurs pist\u00e9s pour le mercato hivernal<\/a>&nbsp;&nbsp;Foot Mercato<\/li>\n<li><a href=\"https:\/\/news.google.com\/rss\/articles\/CBMi0gFBVV95cUxNVnBwRUgzbWt0YjZlb2ZGVWtOcFYzbXFON0ptRnJVaWRvZzJWelIxTHZMWk9GTmQtZWtFR2VHVV8xclZZelNlekdiZF96dGpETDlMcTYyMXdpWFFteEVrYmJLQ3paVldSWnBtUlkxcTZoQjlaWVdNM3htZDExWkRIaVo0NWZVM0JGOE0zcHhGY05mMnVSeHREbUxHU0YzQnNRNVJkMXFrTFVZVDNySTg2Y1ZUQ0ExYWxmQzgyYzNPUjBWQm9vOEwtQnZ2TkNZUmhYRVE?oc=5\" target=\"_blank\" rel=\"noopener\">Mercato PSG : Les deux pistes made in Portugal du PSG pour le mercato d&rsquo;hiver<\/a>&nbsp;&nbsp;MadeinFoot.com<\/li>\n<li><a href=\"https:\/\/news.google.com\/rss\/articles\/CBMif0FVX3lxTE1keXZwdUx1b2tUbGc4MWEwREMwNHUzZ21jMjV5VXM4aXlxR19jVXZrczhveVFXbFNreU1TUE8xb1hVSkQtdFFkTG1BNmlMX3FacVVFX0xvRTJMUVZTMGpoM1NiUG9nRHJJYWVKR21KdXhSQ0p1U3QxVlk0QldzOTA?oc=5\" target=\"_blank\" rel=\"noopener\">PSG : Paris l\u00e2che 45ME pour un \u00e9norme d\u00e9fenseur<\/a>&nbsp;&nbsp;Foot01<\/li>\n<\/ol>\n","protected":false},"excerpt":{"rendered":"PSG : un int\u00e9r\u00eat pour Ousmane Diomand\u00e9 ?&nbsp;&nbsp;Maxifoot Diomand\u00e9, priorit\u00e9 du PSG ? Les 6 infos mercato de&hellip;\n","protected":false},"author":2,"featured_media":627624,"comment_status":"","ping_status":"","sticky":false,"template":"","format":"standard","meta":{"footnotes":""},"categories":[1410],"tags":[2266,2262,2261,1981,83,2260,451,2263,462,2269,2257,63,1011,27,2265,1441,453,66,447,2267,955,2268,241,149,70,1817,93,2264,2258,2259,60,969,455],"class_list":{"0":"post-627623","1":"post","2":"type-post","3":"status-publish","4":"format-standard","5":"has-post-thumbnail","7":"category-football","8":"tag-as-monaco","9":"tag-bundesligua","10":"tag-calcio","11":"tag-classement","12":"tag-coupe-de-france","13":"tag-coupe-de-la-ligue","14":"tag-coupe-du-monde","15":"tag-equipe","16":"tag-fc-nantes","17":"tag-fifa","18":"tag-foot","19":"tag-football","20":"tag-fr","21":"tag-france","22":"tag-girondins-bordeaux","23":"tag-joueur","24":"tag-liga","25":"tag-ligue-1","26":"tag-ligue-des-champions","27":"tag-losc","28":"tag-match","29":"tag-ogc-nice","30":"tag-ol","31":"tag-om","32":"tag-premier-league","33":"tag-pronostic","34":"tag-psg","35":"tag-rc-lens","36":"tag-resultat","37":"tag-score","38":"tag-sports","39":"tag-transfert","40":"tag-uefa"},"share_on_mastodon":{"url":"https:\/\/pubeurope.com\/@fr\/115803009063430789","error":""},"_links":{"self":[{"href":"https:\/\/www.europesays.com\/fr\/wp-json\/wp\/v2\/posts\/627623","targetHints":{"allow":["GET"]}}],"collection":[{"href":"https:\/\/www.europesays.com\/fr\/wp-json\/wp\/v2\/posts"}],"about":[{"href":"https:\/\/www.europesays.com\/fr\/wp-json\/wp\/v2\/types\/post"}],"author":[{"embeddable":true,"href":"https:\/\/www.europesays.com\/fr\/wp-json\/wp\/v2\/users\/2"}],"replies":[{"embeddable":true,"href":"https:\/\/www.europesays.com\/fr\/wp-json\/wp\/v2\/comments?post=627623"}],"version-history":[{"count":0,"href":"https:\/\/www.europesays.com\/fr\/wp-json\/wp\/v2\/posts\/627623\/revisions"}],"wp:featuredmedia":[{"embeddable":true,"href":"https:\/\/www.europesays.com\/fr\/wp-json\/wp\/v2\/media\/627624"}],"wp:attachment":[{"href":"https:\/\/www.europesays.com\/fr\/wp-json\/wp\/v2\/media?parent=627623"}],"wp:term":[{"taxonomy":"category","embeddable":true,"href":"https:\/\/www.europesays.com\/fr\/wp-json\/wp\/v2\/categories?post=627623"},{"taxonomy":"post_tag","embeddable":true,"href":"https:\/\/www.europesays.com\/fr\/wp-json\/wp\/v2\/tags?post=627623"}],"curies":[{"name":"wp","href":"https:\/\/api.w.org\/{rel}","templated":true}]}}