{"id":627625,"date":"2025-12-29T13:07:09","date_gmt":"2025-12-29T13:07:09","guid":{"rendered":"https:\/\/www.europesays.com\/fr\/627625\/"},"modified":"2025-12-29T13:07:09","modified_gmt":"2025-12-29T13:07:09","slug":"pascal-praud-sans-filtre-sur-ses-confreres-qui-lui-donnent-une-image-insultante-cest-la-rancon","status":"publish","type":"post","link":"https:\/\/www.europesays.com\/fr\/627625\/","title":{"rendered":"Pascal Praud sans filtre sur ses confr\u00e8res qui lui donnent une image \u00ab\u00a0insultante\u00a0\u00bb : \u00ab\u00a0C&rsquo;est la ran\u00e7on&#8230;\u00a0\u00bb"},"content":{"rendered":"<p>Par <a class=\"author_recette\" id=\"author_name\" href=\"https:\/\/www.nextplz.fr\/auteur\/laura-angelo\" target=\"_blank\" rel=\"noopener\">Laura<br \/>\nD\u2019Angelo<\/a> &#8211;<br \/>\nPubli\u00e9 le 29 D\u00e9c 2025 \u00e0<br \/>\n12:30<\/p>\n<p class=\"article-intro excerpt\">Interrog\u00e9 sur Europe 1, Pascal<br \/>\nPraud n\u2019a pas h\u00e9sit\u00e9 \u00e0 se confier sur les attaques qu\u2019il re\u00e7oit de<br \/>\nses confr\u00e8res.<\/p>\n<p>Il est devenu l\u2019un des visages les plus comment\u00e9s, et les plus<br \/>\ncritiqu\u00e9s, du paysage m\u00e9diatique fran\u00e7ais. \u00c0 60 ans pass\u00e9s, Pascal<br \/>\nPraud assume une exposition constante, entre ses \u00e9missions sur<br \/>\nEurope 1 et CNews. Une visibilit\u00e9 qui s\u2019accompagne, selon lui,<br \/>\n<a href=\"https:\/\/www.nextplz.fr\/people\/524293-ils-ont-la-trouille-les-revelations-fracassantes-de-pascal-praud-sur-ses-rivaux\" target=\"_blank\" rel=\"noopener\"><br \/>\nd\u2019attaques r\u00e9p\u00e9t\u00e9es venant de certains confr\u00e8res<\/a>.<\/p>\n<p>Une situation sur laquelle il a accept\u00e9 de revenir sans d\u00e9tour<br \/>\nau micro d\u2019Olivier Guenec. Dans une vid\u00e9o diffus\u00e9e vendredi 26<br \/>\nd\u00e9cembre, son camarade sur Europe 1 pose le constat d\u2019entr\u00e9e de jeu<br \/>\n: \u00ab\u00a0C\u2019est l\u2019ann\u00e9e durant laquelle, je trouve, vous vous \u00eates<br \/>\nfait le plus attaquer par les confr\u00e8res, dans les m\u00e9dias, \u00e0 travers<br \/>\nles Unes\u2026\u00a0\u00bb. Une remarque \u00e0 laquelle Pascal Praud r\u00e9pond d\u2019un<br \/>\nsimple \u00ab\u00a0Oui\u00a0\u00bb, avant d\u2019assumer pleinement cette exposition.<br \/>\n\u00ab\u00a0C\u2019est la ran\u00e7on\u2026 <strong>On est expos\u00e9s et c\u2019est<br \/>\nainsi\u2026\u00a0\u00bb<\/strong>, l\u00e2che-t-il, lucide. S\u2019il assure ne pas se<br \/>\nlaisser atteindre moralement, l\u2019animateur reconna\u00eet n\u00e9anmoins une<br \/>\nforme d\u2019injustice dans le traitement m\u00e9diatique dont il fait<br \/>\nl\u2019objet. \u00ab\u00a0Je ne vous dis pas que \u00e7a fait plaisir, l\u2019image qui<br \/>\nest donn\u00e9e de soi n\u2019est pas juste, et elle est souvent<br \/>\ninsultante\u00a0\u00bb, confie-t-il, visiblement agac\u00e9 mais d\u00e9termin\u00e9 \u00e0<br \/>\nne pas se poser en victime.<\/p>\n<p>Le journaliste est-il critiqu\u00e9 ?<\/p>\n<p>Pascal Praud tente aussi d\u2019analyser cette hostilit\u00e9 persistante.<br \/>\n\u00ab\u00a0Comme je travaille beaucoup, que je suis toujours \u00e0 Europe 1,<br \/>\n\u00e0 CNews, au fond, <strong>c\u2019est un monde assez herm\u00e9tique<\/strong><br \/>\net je sors peu, finalement, dans la rue\u00a0\u00bb, explique-t-il,<br \/>\nsugg\u00e9rant un d\u00e9calage entre la perception m\u00e9diatique et la r\u00e9alit\u00e9<br \/>\nde ses relations professionnelles. Celui qui a r\u00e9cemment d\u00e9clin\u00e9<br \/>\nune proposition de BFM TV estime que la r\u00e9p\u00e9tition des critiques<br \/>\nfinit par tourner en rond. Interrog\u00e9 sur la tentation de r\u00e9pondre<br \/>\npubliquement, il nuance. <strong>\u00ab\u00a0Parfois tu<br \/>\nr\u00e9agis\u00a0\u00bb,<\/strong> admet-il, avant d\u2019ajouter aussit\u00f4t :<br \/>\n\u00ab\u00a0Mais souvent, \u00e7a ne sert \u00e0 rien\u00a0\u00bb. Une posture qu\u2019il<br \/>\njustifie par la nature m\u00eame des articles qui lui sont consacr\u00e9s.<br \/>\n\u00ab\u00a0Dans ces papiers, il n\u2019y a rien. C\u2019est toujours le m\u00eame<br \/>\npapier, c\u2019est formidable d\u2019ailleurs\u00a0\u00bb, ironise-t-il.<\/p>\n<blockquote class=\"instagram-media\" data-instgrm-captioned=\"\" data-instgrm-permalink=\"https:\/\/www.instagram.com\/reel\/DSvIR5Bj2GH\/?utm_source=ig_embed&amp;utm_campaign=loading\" data-instgrm-version=\"14\" style=\"background:#FFF; border:0; border-radius:3px; box-shadow:0 0 1px 0 rgba(0,0,0,0.5),0 1px 10px 0 rgba(0,0,0,0.15); margin: 1px; max-width:540px; min-width:326px; padding:0; width:99.375%; width:-webkit-calc(100% - 2px); width:calc(100% - 2px);\">\n<\/blockquote>\n<p>\u00ab\u00a0L\u00a0\u00bb\u00e9lection pr\u00e9sidentielle<br \/>\narrive\u00a0\u00bb<\/p>\n<p>Avec un sourire, <a href=\"https:\/\/www.nextplz.fr\/people\/523681-pascal-praud-moi-si-ma-fille-de-15-ans-etait-ce-parallele-douteux-avec-le-couple-macron\" target=\"_blank\" rel=\"noopener\"><br \/>\nPascal Praud, qui s&rsquo;est confi\u00e9 sur sa vie priv\u00e9e<\/a>, pointe m\u00eame<br \/>\nun paradoxe : \u00ab\u00a0\u00c0 chaque fois, les journalistes interrogent tous<br \/>\nles gens qui ont travaill\u00e9 avec moi. Comme, manifestement, ils ne<br \/>\ndisent pas de mal, bah ils disparaissent dans le papier, il n\u2019y a<br \/>\npas de t\u00e9moignage\u00a0\u00bb. Une mani\u00e8re, selon lui, de construire un<br \/>\nr\u00e9cit sans contradiction. Enfin, le journaliste relie ces attaques<br \/>\n\u00e0 un contexte politique plus tendu. \u00ab\u00a0<strong>\u00c7a se tend un peu<br \/>\npolitiquement.<\/strong> L\u2019\u00e9lection pr\u00e9sidentielle arrive. On te<br \/>\ntient responsable de, parfois, certains courants politiques\u00a0\u00bb,<br \/>\nobserve-t-il encore, avant de conclure que \u00ab\u00a0ce ne sont pas les<br \/>\nm\u00e9dias qui font les courants politiques\u00a0\u00bb. Un discours frontal,<br \/>\nassum\u00e9, \u00e0 l\u2019image d\u2019un homme d\u00e9sormais habitu\u00e9 \u00e0 \u00e9voluer sous le<br \/>\nfeu des projecteurs.<\/p>\n<p><script async src=\"\/\/www.instagram.com\/embed.js\"><\/script><\/p>\n","protected":false},"excerpt":{"rendered":"Par Laura D\u2019Angelo &#8211; Publi\u00e9 le 29 D\u00e9c 2025 \u00e0 12:30 Interrog\u00e9 sur Europe 1, Pascal Praud n\u2019a&hellip;\n","protected":false},"author":2,"featured_media":627626,"comment_status":"","ping_status":"","sticky":false,"template":"","format":"standard","meta":{"footnotes":""},"categories":[1359],"tags":[58,59,1011,27,973,65861],"class_list":{"0":"post-627625","1":"post","2":"type-post","3":"status-publish","4":"format-standard","5":"has-post-thumbnail","7":"category-people","8":"tag-divertissement","9":"tag-entertainment","10":"tag-fr","11":"tag-france","12":"tag-people","13":"tag-trend"},"share_on_mastodon":{"url":"https:\/\/pubeurope.com\/@fr\/115803012722261847","error":""},"_links":{"self":[{"href":"https:\/\/www.europesays.com\/fr\/wp-json\/wp\/v2\/posts\/627625","targetHints":{"allow":["GET"]}}],"collection":[{"href":"https:\/\/www.europesays.com\/fr\/wp-json\/wp\/v2\/posts"}],"about":[{"href":"https:\/\/www.europesays.com\/fr\/wp-json\/wp\/v2\/types\/post"}],"author":[{"embeddable":true,"href":"https:\/\/www.europesays.com\/fr\/wp-json\/wp\/v2\/users\/2"}],"replies":[{"embeddable":true,"href":"https:\/\/www.europesays.com\/fr\/wp-json\/wp\/v2\/comments?post=627625"}],"version-history":[{"count":0,"href":"https:\/\/www.europesays.com\/fr\/wp-json\/wp\/v2\/posts\/627625\/revisions"}],"wp:featuredmedia":[{"embeddable":true,"href":"https:\/\/www.europesays.com\/fr\/wp-json\/wp\/v2\/media\/627626"}],"wp:attachment":[{"href":"https:\/\/www.europesays.com\/fr\/wp-json\/wp\/v2\/media?parent=627625"}],"wp:term":[{"taxonomy":"category","embeddable":true,"href":"https:\/\/www.europesays.com\/fr\/wp-json\/wp\/v2\/categories?post=627625"},{"taxonomy":"post_tag","embeddable":true,"href":"https:\/\/www.europesays.com\/fr\/wp-json\/wp\/v2\/tags?post=627625"}],"curies":[{"name":"wp","href":"https:\/\/api.w.org\/{rel}","templated":true}]}}