{"id":627627,"date":"2025-12-29T13:08:27","date_gmt":"2025-12-29T13:08:27","guid":{"rendered":"https:\/\/www.europesays.com\/fr\/627627\/"},"modified":"2025-12-29T13:08:27","modified_gmt":"2025-12-29T13:08:27","slug":"photos-la-nature-dans-le-doubs-nos-plus-beaux-cliches-de-2025","status":"publish","type":"post","link":"https:\/\/www.europesays.com\/fr\/627627\/","title":{"rendered":"Photos. La nature dans le Doubs :\u00a0nos\u00a0plus beaux clich\u00e9s de 2025"},"content":{"rendered":"<p>Passionn\u00e9 par la nature et anim\u00e9 par une curiosit\u00e9 pour le monde animal, Fran\u00e7ois Vuillemin est \u00e0 la fois correspondant local pour L\u2019Est R\u00e9publicain et photographe animalier. Il consacre une grande partie de son temps, de sa patience et de son \u00e9nergie \u00e0 observer et comprendre les esp\u00e8ces qu\u2019il photographie, ainsi que les \u00e9cosyst\u00e8mes dans lesquels elles \u00e9voluent. Chaque clich\u00e9 est le fruit d\u2019une minutieuse pr\u00e9paration et d\u2019une connaissance approfondie des comportements animaux, parfois obtenue dans des conditions particuli\u00e8rement exigeantes, au c\u0153ur de la nature sauvage. Son objectif\u200a: capturer des instants rares et authentiques, r\u00e9v\u00e9lant \u00e0 la fois la beaut\u00e9, la fragilit\u00e9 et la diversit\u00e9 du monde animal, tout en sensibilisant le public \u00e0 la richesse de la biodiversit\u00e9. Pour partager sa passion, Fran\u00e7ois Vuillemin propose chaque dimanche un diaporama destin\u00e9 aux amateurs de nature et de photographie. Ces projections permettent de d\u00e9couvrir des sc\u00e8nes in\u00e9dites et \u00e9mouvantes de la faune locale. Cette r\u00e9trospective de l\u2019ann\u00e9e \u00e9coul\u00e9e retrace les moments les plus marquants et les rencontres les plus surprenantes avec les animaux sauvages.<\/p>\n","protected":false},"excerpt":{"rendered":"Passionn\u00e9 par la nature et anim\u00e9 par une curiosit\u00e9 pour le monde animal, Fran\u00e7ois Vuillemin est \u00e0 la&hellip;\n","protected":false},"author":2,"featured_media":627628,"comment_status":"","ping_status":"","sticky":false,"template":"","format":"standard","meta":{"footnotes":""},"categories":[1358],"tags":[1867,1348,1384,1385,73699,73703,73694,1386,58,8026,14383,14384,59,436,73698,73702,1011,27,5325,2798,73700,73695,73701,67125,67124,73697,11058,104,73696],"class_list":{"0":"post-627627","1":"post","2":"type-post","3":"status-publish","4":"format-standard","5":"has-post-thumbnail","7":"category-arts-et-design","8":"tag-animaux","9":"tag-arts","10":"tag-arts-and-design","11":"tag-arts-et-design","12":"tag-bonnevaux-le-prieure","13":"tag-cc-des-portes-du-haut-doubs-25a","14":"tag-consolation-maisonnettes","15":"tag-design","16":"tag-divertissement","17":"tag-doubs","18":"tag-edition-besancon","19":"tag-edition-pontarlier-haut-doubs","20":"tag-entertainment","21":"tag-environnement","22":"tag-flangebouche","23":"tag-fournets-luisans","24":"tag-fr","25":"tag-france","26":"tag-galerie-media","27":"tag-galerie-photo","28":"tag-guyans-vennes","29":"tag-les-premiers-sapins","30":"tag-longemaison","31":"tag-loray","32":"tag-orchamps-vennes","33":"tag-pierrefontaine-les-varans","34":"tag-region-franche-comte","35":"tag-societe","36":"tag-vennes"},"share_on_mastodon":{"url":"","error":"Validation failed: Text character limit of 500 exceeded"},"_links":{"self":[{"href":"https:\/\/www.europesays.com\/fr\/wp-json\/wp\/v2\/posts\/627627","targetHints":{"allow":["GET"]}}],"collection":[{"href":"https:\/\/www.europesays.com\/fr\/wp-json\/wp\/v2\/posts"}],"about":[{"href":"https:\/\/www.europesays.com\/fr\/wp-json\/wp\/v2\/types\/post"}],"author":[{"embeddable":true,"href":"https:\/\/www.europesays.com\/fr\/wp-json\/wp\/v2\/users\/2"}],"replies":[{"embeddable":true,"href":"https:\/\/www.europesays.com\/fr\/wp-json\/wp\/v2\/comments?post=627627"}],"version-history":[{"count":0,"href":"https:\/\/www.europesays.com\/fr\/wp-json\/wp\/v2\/posts\/627627\/revisions"}],"wp:featuredmedia":[{"embeddable":true,"href":"https:\/\/www.europesays.com\/fr\/wp-json\/wp\/v2\/media\/627628"}],"wp:attachment":[{"href":"https:\/\/www.europesays.com\/fr\/wp-json\/wp\/v2\/media?parent=627627"}],"wp:term":[{"taxonomy":"category","embeddable":true,"href":"https:\/\/www.europesays.com\/fr\/wp-json\/wp\/v2\/categories?post=627627"},{"taxonomy":"post_tag","embeddable":true,"href":"https:\/\/www.europesays.com\/fr\/wp-json\/wp\/v2\/tags?post=627627"}],"curies":[{"name":"wp","href":"https:\/\/api.w.org\/{rel}","templated":true}]}}