{"id":627629,"date":"2025-12-29T13:10:10","date_gmt":"2025-12-29T13:10:10","guid":{"rendered":"https:\/\/www.europesays.com\/fr\/627629\/"},"modified":"2025-12-29T13:10:10","modified_gmt":"2025-12-29T13:10:10","slug":"le-champion-vincent-evince-de-tout-le-monde-veut-prendre-sa-place","status":"publish","type":"post","link":"https:\/\/www.europesays.com\/fr\/627629\/","title":{"rendered":"Le champion Vincent \u00e9vinc\u00e9 de Tout le monde veut prendre sa place\u00a0?"},"content":{"rendered":"<p>\n\t\t\t\t\t\tPubli\u00e9 le 29\/12\/2025 \u00e0 11:45<\/p>\n<p>Apr\u00e8s avoir franchi le cap des 100 victoires la veille, <strong>Vincent<\/strong> \u00e9tait de retour pour une nouvelle participation dans <strong> Tout le monde veut prendre sa place<\/strong>  sur France 2 ce dimanche 28 d\u00e9cembre 2025. Le champion du jeu anim\u00e9 par <strong>Cyril F\u00e9raud<\/strong> a-t-il \u00e9t\u00e9 \u00e9vinc\u00e9\u00a0?<\/p>\n<p>Et de 100\u00a0! <strong>Vincent<\/strong> a d\u00e9pass\u00e9 le cap symbolique des 100 victoires dans <a href=\"https:\/\/toutelatele.ouest-france.fr\/tout-le-monde-veut-prendre-sa-place-975\" target=\"_blank\" rel=\"noopener\"><strong> Tout le monde veut prendre sa place<\/strong> <\/a> sur France 2 le samedi 27 d\u00e9cembre 2025. Au lendemain de cet exploit, <strong>Cyril F\u00e9raud<\/strong> a rappel\u00e9 que le champion a remport\u00e9 15 000 euros pour partir en vacances o\u00f9 il le souhaite. Ce cadeau est pris en compte dans sa cagnotte, ce qui fait qu\u2019elle s\u2019\u00e9l\u00e8ve d\u00e9sormais \u00e0 117 300 euros.<\/p>\n<p>Vincent explique qu\u2019il adore voyager et souhaite gagner d\u2019autres voyages pour la suite de l\u2019aventure. Puis, le champion assure qu\u2019il \u00ab\u00a0veut prolonger le plaisir\u00a0\u00bb. Ainsi, <a href=\"https:\/\/toutelatele.ouest-france.fr\/le-champion-vincent-sous-pression-ce-cap-symbolique-qu-il-s-apprete-a-franchir-dans-tout-le-monde-veut-prendre-sa-place-182229\" class=\"spip_in\" target=\"_blank\" rel=\"noopener\">apr\u00e8s avoir franchi le cap des 100 victoires<\/a>, Vincent est-il parvenu \u00e0 confirmer son rang de champion dans l\u2019\u00e9dition de ce dimanche 28 d\u00e9cembre 2025 de <strong> Tout le monde veut prendre sa place<\/strong> \u00a0?<\/p>\n<p>Vincent a-t-il conserv\u00e9 sa place de champion apr\u00e8s sa 100e victoire\u00a0?<\/p>\n<p>Dans ce num\u00e9ro de <strong> Tout le monde veut prendre sa place<\/strong> , les candidats du jour \u00e9taient <strong>Martin, Myriam, Alexandre, Laurence, Aude-Line<\/strong> et <strong>Patrick<\/strong>. Lors de la seconde manche, sur le th\u00e8me <strong>\u00ab\u00a0Louis de Fun\u00e8s\u00a0\u00bb<\/strong>, Myriam et Patrick r\u00e9alisent un score de 13 points. Vincent, <a href=\"https:\/\/toutelatele.ouest-france.fr\/la-defaite-du-champion-vincent-france-2-perd-gros-182208\" class=\"spip_in\" target=\"_blank\" rel=\"noopener\">qui a perdu contre <strong>Jo\u00ebl<\/strong> lors de la sp\u00e9ciale champions il y a quelques jours<\/a>, doit les d\u00e9partager. Il d\u00e9cide de garder Myriam.<\/p>\n<p>En finale, Vincent impose \u00e0 sa challengeuse le th\u00e8me \u00ab\u00a0Les num\u00e9ros 10 au foot\u00a0\u00bb tandis que lui choisit le th\u00e8me \u00ab\u00a0Fr\u00e8res et s\u0153urs de BD\u00a0\u00bb. Le champion se montre une nouvelle fois impressionnant en r\u00e9alisant un score de 25 points et remporte son duel face \u00e0 Myriam, qui a r\u00e9alis\u00e9 un score de 11 points. Ainsi, Vincent remporte sa 101e victoire et n\u2019est donc pas \u00e9vinc\u00e9. Sa cagnotte s\u2019\u00e9l\u00e8ve \u00e0 118 400 euros.<\/p>\n<p>Audience en hausse pour Tout le monde veut prendre sa place sur France 2<\/p>\n<p>Cette \u00e9dition de <strong> Tout le monde veut prendre sa place<\/strong> , propos\u00e9e entre 12 heures et 12h51, a r\u00e9uni 1,90 million de t\u00e9l\u00e9spectateurs, soit 18,4% de part de march\u00e9 sur les quatre ans et plus. Sur une semaine, le jeu anim\u00e9 par Cyril F\u00e9raud, <a href=\"https:\/\/toutelatele.ouest-france.fr\/michel-drucker-pret-a-ceder-sa-place-cyril-feraud-en-larmes-dans-vivement-dimanche-sur-france-3-182235\" class=\"spip_in\" target=\"_blank\" rel=\"noopener\">qui \u00e9tait l\u2019invit\u00e9 de <strong>Michel Drucker<\/strong> dans <strong> Vivement dimanche<\/strong> <\/a>, est en hausse de 2 points de part d\u2019audience.<\/p>\n<p>Sur les cibles commerciales, ce num\u00e9ro de <strong> Tout le monde veut prendre sa place<\/strong>  a s\u00e9duit 13,4% des femmes responsables des achats de moins de 50 ans et 10,8% aupr\u00e8s des 25-49 ans.<\/p>\n<p>Vincent tentera de conserver son rang de champion ce lundi 29 d\u00e9cembre 2025 d\u00e8s 11h55 dans <strong> Tout le monde veut prendre sa place<\/strong>  sur France 2.<\/p>\n","protected":false},"excerpt":{"rendered":"Publi\u00e9 le 29\/12\/2025 \u00e0 11:45 Apr\u00e8s avoir franchi le cap des 100 victoires la veille, Vincent \u00e9tait de&hellip;\n","protected":false},"author":2,"featured_media":627630,"comment_status":"","ping_status":"","sticky":false,"template":"","format":"standard","meta":{"footnotes":""},"categories":[1356],"tags":[58,59,1011,27,252,1364],"class_list":{"0":"post-627629","1":"post","2":"type-post","3":"status-publish","4":"format-standard","5":"has-post-thumbnail","7":"category-television","8":"tag-divertissement","9":"tag-entertainment","10":"tag-fr","11":"tag-france","12":"tag-television","13":"tag-tv"},"share_on_mastodon":{"url":"https:\/\/pubeurope.com\/@fr\/115803024555342677","error":""},"_links":{"self":[{"href":"https:\/\/www.europesays.com\/fr\/wp-json\/wp\/v2\/posts\/627629","targetHints":{"allow":["GET"]}}],"collection":[{"href":"https:\/\/www.europesays.com\/fr\/wp-json\/wp\/v2\/posts"}],"about":[{"href":"https:\/\/www.europesays.com\/fr\/wp-json\/wp\/v2\/types\/post"}],"author":[{"embeddable":true,"href":"https:\/\/www.europesays.com\/fr\/wp-json\/wp\/v2\/users\/2"}],"replies":[{"embeddable":true,"href":"https:\/\/www.europesays.com\/fr\/wp-json\/wp\/v2\/comments?post=627629"}],"version-history":[{"count":0,"href":"https:\/\/www.europesays.com\/fr\/wp-json\/wp\/v2\/posts\/627629\/revisions"}],"wp:featuredmedia":[{"embeddable":true,"href":"https:\/\/www.europesays.com\/fr\/wp-json\/wp\/v2\/media\/627630"}],"wp:attachment":[{"href":"https:\/\/www.europesays.com\/fr\/wp-json\/wp\/v2\/media?parent=627629"}],"wp:term":[{"taxonomy":"category","embeddable":true,"href":"https:\/\/www.europesays.com\/fr\/wp-json\/wp\/v2\/categories?post=627629"},{"taxonomy":"post_tag","embeddable":true,"href":"https:\/\/www.europesays.com\/fr\/wp-json\/wp\/v2\/tags?post=627629"}],"curies":[{"name":"wp","href":"https:\/\/api.w.org\/{rel}","templated":true}]}}