{"id":627631,"date":"2025-12-29T13:11:10","date_gmt":"2025-12-29T13:11:10","guid":{"rendered":"https:\/\/www.europesays.com\/fr\/627631\/"},"modified":"2025-12-29T13:11:10","modified_gmt":"2025-12-29T13:11:10","slug":"vianney-na-fini-que-la-premiere-etape-de-sa-cabane-apres-six-mois-seul-en-foret","status":"publish","type":"post","link":"https:\/\/www.europesays.com\/fr\/627631\/","title":{"rendered":"Vianney n\u2019a fini que la premi\u00e8re \u00e9tape de sa cabane, apr\u00e8s six mois seul en for\u00eat"},"content":{"rendered":"\n<p class=\"asset asset-text\" data-lettrine=\"\">Apr\u00e8s \u00ab\u00a0construire plut\u00f4t que produire\u00a0\u00bb, le nouveau mantra de Vianney pourrait \u00eatre \u00ab\u00a0lentement mais s\u00fbrement\u00a0\u00bb. Le <a href=\"https:\/\/www.huffingtonpost.fr\/culture\/article\/vianney-sort-sa-reprise-de-hallelujah-chantee-pour-la-reouverture-de-notre-dame-six-ans-apres-l-incendie_248827.html\" target=\"_blank\" rel=\"noopener\">chanteur<\/a> vient seulement de terminer les murs de sa cabane, apr\u00e8s six mois de travail acharn\u00e9, seul en for\u00eat. En juin dernier, il avait annonc\u00e9 mettre sa carri\u00e8re musicale en pause le temps de se ressourcer avec un projet manuel\u00a0: construire son refuge.<\/p>\n<p class=\"asset asset-text\">Sans exp\u00e9rience ni aide, <a href=\"https:\/\/www.huffingtonpost.fr\/people\/article\/vianney-se-retire-en-pleine-nature-pour-un-projet-tres-inattendu-dans-les-mois-a-venir_251714.html\" target=\"_blank\" rel=\"noopener\">Vianney<\/a> donne vie, petit \u00e0 petit, \u00e0 sa cabane toute en bois. Mais la t\u00e2che lui prend plus de temps que pr\u00e9vu. Le 25\u00a0d\u00e9cembre, l\u2019artiste de 34\u00a0ans a partag\u00e9 un message \u00e0 ses abonn\u00e9s Instagram\u00a0: \u00ab\u00a0Je r\u00eavais d\u2019avoir fini ma cabane pour No\u00ebl. Et m\u00eame en y passant presque chacun de mes jours depuis 6 mois, du lever au coucher du soleil, je n\u2019y suis pas arriv\u00e9\u00a0\u00bb, a-t-il \u00e9crit.<\/p>\n<p class=\"asset asset-text\">Mais malgr\u00e9 le retard pris, Vianney ne se d\u00e9courage pas et choisit de voir le bon c\u00f4t\u00e9\u00a0: \u00ab\u00a0je r\u00e9alise que le sens de tout cela r\u00e9side dans ces jours de labeur, plus que dans le r\u00e9sultat\u00a0\u00bb, ajoute-t-il. Sur les r\u00e9seaux sociaux, il partage r\u00e9guli\u00e8rement ses avanc\u00e9es en vid\u00e9o.<\/p>\n<p class=\"asset asset-text\">Mis en difficult\u00e9 par \u00ab\u00a0le froid et l\u2019humidit\u00e9\u00a0\u00bb, le menuisier en herbe constate tout de m\u00eame ses progr\u00e8s\u00a0: \u00ab\u00a0Je me suis am\u00e9lior\u00e9 chaque jour. Je coupe mieux, je creuse mieux, je calcule mieux.<br \/>Et par-dessus tout, je retrouve enfin ce que j\u2019\u00e9tais venu chercher\u00a0: mon \u00e9merveillement quotidien\u00a0\u00bb, d\u00e9veloppe-t-il.<\/p>\n<p class=\"asset asset-text\">Maintenant que les murs sont \u00e9rig\u00e9s, il peut au moins d\u2019abriter sans sa cabane avec une b\u00e2che en guise de toit. De quoi se ressourcer, avant de se remettre au travail.<\/p>\n","protected":false},"excerpt":{"rendered":"Apr\u00e8s \u00ab\u00a0construire plut\u00f4t que produire\u00a0\u00bb, le nouveau mantra de Vianney pourrait \u00eatre \u00ab\u00a0lentement mais s\u00fbrement\u00a0\u00bb. Le chanteur vient&hellip;\n","protected":false},"author":2,"featured_media":627632,"comment_status":"","ping_status":"","sticky":false,"template":"","format":"standard","meta":{"footnotes":""},"categories":[1355],"tags":[58,59,1011,27,1361,873,2532,973,8475],"class_list":{"0":"post-627631","1":"post","2":"type-post","3":"status-publish","4":"format-standard","5":"has-post-thumbnail","7":"category-musique","8":"tag-divertissement","9":"tag-entertainment","10":"tag-fr","11":"tag-france","12":"tag-music","13":"tag-musique","14":"tag-nos-videos","15":"tag-people","16":"tag-vianney"},"share_on_mastodon":{"url":"https:\/\/pubeurope.com\/@fr\/115803028536487005","error":""},"_links":{"self":[{"href":"https:\/\/www.europesays.com\/fr\/wp-json\/wp\/v2\/posts\/627631","targetHints":{"allow":["GET"]}}],"collection":[{"href":"https:\/\/www.europesays.com\/fr\/wp-json\/wp\/v2\/posts"}],"about":[{"href":"https:\/\/www.europesays.com\/fr\/wp-json\/wp\/v2\/types\/post"}],"author":[{"embeddable":true,"href":"https:\/\/www.europesays.com\/fr\/wp-json\/wp\/v2\/users\/2"}],"replies":[{"embeddable":true,"href":"https:\/\/www.europesays.com\/fr\/wp-json\/wp\/v2\/comments?post=627631"}],"version-history":[{"count":0,"href":"https:\/\/www.europesays.com\/fr\/wp-json\/wp\/v2\/posts\/627631\/revisions"}],"wp:featuredmedia":[{"embeddable":true,"href":"https:\/\/www.europesays.com\/fr\/wp-json\/wp\/v2\/media\/627632"}],"wp:attachment":[{"href":"https:\/\/www.europesays.com\/fr\/wp-json\/wp\/v2\/media?parent=627631"}],"wp:term":[{"taxonomy":"category","embeddable":true,"href":"https:\/\/www.europesays.com\/fr\/wp-json\/wp\/v2\/categories?post=627631"},{"taxonomy":"post_tag","embeddable":true,"href":"https:\/\/www.europesays.com\/fr\/wp-json\/wp\/v2\/tags?post=627631"}],"curies":[{"name":"wp","href":"https:\/\/api.w.org\/{rel}","templated":true}]}}