{"id":627633,"date":"2025-12-29T13:12:31","date_gmt":"2025-12-29T13:12:31","guid":{"rendered":"https:\/\/www.europesays.com\/fr\/627633\/"},"modified":"2025-12-29T13:12:31","modified_gmt":"2025-12-29T13:12:31","slug":"goodbye-june-netflix-lhistoire-vraie-tragique-derriere-ce-premier-film-deprimant-de-kate-winslet","status":"publish","type":"post","link":"https:\/\/www.europesays.com\/fr\/627633\/","title":{"rendered":"Goodbye June (Netflix) : L&rsquo;histoire vraie tragique derri\u00e8re ce premier film d\u00e9primant de Kate Winslet"},"content":{"rendered":"<p>Sorti sur Netflix le 24 d\u00e9cembre, Goodbye June s\u2019est rapidement hiss\u00e9 \u00e0 la 7\u1d49 place du top films de la plateforme. Derri\u00e8re cette histoire familiale poignante qui voit Kate Winslet passer pour la premi\u00e8re fois derri\u00e8re la cam\u00e9ra, se cache un drame bien r\u00e9el r\u00e9v\u00e9l\u00e9 par son fils, Joe Anders.<\/p>\n<p>Elle \u00e9meut, bouleverse\u2026 et ne laisse personne indiff\u00e9rent. Depuis sa mise en ligne sur Netflix le 24 d\u00e9cembre, le film Goodbye June fait partie des films qui marquent le public en ce moment <a href=\"https:\/\/www.programme-tv.net\/news\/series-tv\/394663-netflix-vous-nen-avez-pas-entendu-parler-mais-cest-la-seule-serie-qui-met-daccord-la-presse-americaine-pour-2026\/\" data-api-deeplink=\"teleloisirs:\/\/news\/394663\" target=\"_blank\" rel=\"noopener\">sur la plateforme<\/a> en arrivant \u00e0 la 7e place du top. Ce drame suit une m\u00e8re en fin de vie et ses proches, r\u00e9unis \u00e0 l\u2019approche de No\u00ebl, tandis que la famille doit faire face aux non-dits et aux tensions r\u00e9veill\u00e9es par la maladie. Il s\u2019agit du tout premier film r\u00e9alis\u00e9 par Kate Winslet, qui incarne \u00e9galement l&rsquo;un des r\u00f4les principaux. Le sc\u00e9nario est sign\u00e9 Joe Anders, son fils, n\u00e9 de son union avec le r\u00e9alisateur <a href=\"https:\/\/www.programme-tv.net\/biographie\/11796-mendes-sam\/\" data-link-people=\"7deae49f-dc66-4e2f-a006-c3433e7c9846\" target=\"_blank\" rel=\"noopener\">Sam Mendes<\/a>.<\/p>\n<p>\u00c0 seulement 22 ans, le jeune sc\u00e9nariste est parvenu \u00e0 toucher les abonn\u00e9s de la plateforme avec une histoire d\u2019une grande sensibilit\u00e9 qui trouve ses racines dans l\u2019histoire intime de la famille de Kate Winslet. Comme l\u2019explique son fils dans un entretien accord\u00e9 le 18 d\u00e9cembre \u00e0 <a href=\"https:\/\/www.screendaily.com\/interviews\/in-conversation-kate-winslet-and-son-joe-anders-discuss-the-real-life-inspirations-behind-goodbye-june\/5212059.article\" target=\"_blank\" rel=\"noopener\">ScreenDaily<\/a>, l\u2019\u00e9criture du film est n\u00e9e du souvenir de la maladie puis du d\u00e9c\u00e8s de sa grand-m\u00e8re, la m\u00e8re de l\u2019actrice. Il avait alors 13 ans, un \u00e2ge o\u00f9 \u00ab\u00a0l\u2019on ne peut pas toujours mettre de mots sur ce que l\u2019on ressent\u00a0\u00bb, mais ce moment pass\u00e9 \u00e0 l\u2019h\u00f4pital, entour\u00e9 de sa famille, l\u2019a profond\u00e9ment marqu\u00e9. \u00ab\u00a0Je me souviens que ce sentiment m\u2019a vraiment frapp\u00e9 de plein fouet\u00a0\u00bb, raconte-t-il, \u00e9voquant cette prise de conscience que, face \u00e0 la fin de vie, seule compte la pr\u00e9sence des proches. C&rsquo;est dans d&rsquo;un un atelier de sc\u00e9nario que l\u2019histoire de Goodbye June lui est venue naturellement, presque d\u2019un seul bloc. Le fils de la star du Titanic pr\u00e9cise que les personnages restent fictifs : \u00ab\u00a0Dans chaque personnage, il y a probablement cinq ou six personnes que j\u2019ai rencontr\u00e9es dans ma vie\u00a0\u00bb.<\/p>\n<p>                        Une collaboration m\u00e8re-fils \u00ab\u00a0incroyable\u00a0\u00bb sur le tournage de Goodbye June<\/p>\n<p>Joe Anders souligne \u00e9galement combien travailler aux c\u00f4t\u00e9s de sa m\u00e8re a \u00e9t\u00e9 une exp\u00e9rience unique et fondatrice. Passer d\u2019une relation m\u00e8re-fils \u00e0 une collaboration artistique a demand\u00e9 un temps d\u2019adaptation, mais s\u2019est r\u00e9v\u00e9l\u00e9 naturel : \u00ab\u00a0On n\u2019a jamais eu de moments de confrontation (&#8230;) Recevoir ses notes et collaborer cr\u00e9ativement avec elle, c\u2019\u00e9tait incroyable. On faisait tous les deux \u00e7a pour la premi\u00e8re fois, et la peur nous a rapproch\u00e9s.\u00a0\u00bb<\/p>\n<p>Article \u00e9crit en collaboration avec 6M\u00e9dias<\/p>\n","protected":false},"excerpt":{"rendered":"Sorti sur Netflix le 24 d\u00e9cembre, Goodbye June s\u2019est rapidement hiss\u00e9 \u00e0 la 7\u1d49 place du top films&hellip;\n","protected":false},"author":2,"featured_media":627634,"comment_status":"","ping_status":"","sticky":false,"template":"","format":"standard","meta":{"footnotes":""},"categories":[1354],"tags":[1409,244,8754,58,59,6214,1346,1011,27,73705,73704,23262,1360,127,1722,129],"class_list":{"0":"post-627633","1":"post","2":"type-post","3":"status-publish","4":"format-standard","5":"has-post-thumbnail","7":"category-films","8":"tag-bande-annonce","9":"tag-commentaire","10":"tag-coulisses-de-tournage","11":"tag-divertissement","12":"tag-entertainment","13":"tag-film-netflix","14":"tag-films","15":"tag-fr","16":"tag-france","17":"tag-goodbye-june","18":"tag-goodbye-june-1566141066","19":"tag-kate-winslet","20":"tag-movies","21":"tag-netflix","22":"tag-pub-streaming-netflix","23":"tag-svod"},"share_on_mastodon":{"url":"https:\/\/pubeurope.com\/@fr\/115803032576974058","error":""},"_links":{"self":[{"href":"https:\/\/www.europesays.com\/fr\/wp-json\/wp\/v2\/posts\/627633","targetHints":{"allow":["GET"]}}],"collection":[{"href":"https:\/\/www.europesays.com\/fr\/wp-json\/wp\/v2\/posts"}],"about":[{"href":"https:\/\/www.europesays.com\/fr\/wp-json\/wp\/v2\/types\/post"}],"author":[{"embeddable":true,"href":"https:\/\/www.europesays.com\/fr\/wp-json\/wp\/v2\/users\/2"}],"replies":[{"embeddable":true,"href":"https:\/\/www.europesays.com\/fr\/wp-json\/wp\/v2\/comments?post=627633"}],"version-history":[{"count":0,"href":"https:\/\/www.europesays.com\/fr\/wp-json\/wp\/v2\/posts\/627633\/revisions"}],"wp:featuredmedia":[{"embeddable":true,"href":"https:\/\/www.europesays.com\/fr\/wp-json\/wp\/v2\/media\/627634"}],"wp:attachment":[{"href":"https:\/\/www.europesays.com\/fr\/wp-json\/wp\/v2\/media?parent=627633"}],"wp:term":[{"taxonomy":"category","embeddable":true,"href":"https:\/\/www.europesays.com\/fr\/wp-json\/wp\/v2\/categories?post=627633"},{"taxonomy":"post_tag","embeddable":true,"href":"https:\/\/www.europesays.com\/fr\/wp-json\/wp\/v2\/tags?post=627633"}],"curies":[{"name":"wp","href":"https:\/\/api.w.org\/{rel}","templated":true}]}}