{"id":627635,"date":"2025-12-29T13:13:14","date_gmt":"2025-12-29T13:13:14","guid":{"rendered":"https:\/\/www.europesays.com\/fr\/627635\/"},"modified":"2025-12-29T13:13:14","modified_gmt":"2025-12-29T13:13:14","slug":"la-science-identifie-15-risques-et-beaucoup-concernent-votre-quotidien","status":"publish","type":"post","link":"https:\/\/www.europesays.com\/fr\/627635\/","title":{"rendered":"la science identifie 15 risques\u2026 et beaucoup concernent votre quotidien"},"content":{"rendered":"<p>La d\u00e9mence pr\u00e9coce, aussi appel\u00e9e d\u00e9mence \u00e0 d\u00e9but pr\u00e9coce, touche des centaines de milliers de personnes chaque ann\u00e9e. Contrairement aux id\u00e9es re\u00e7ues, cette maladie ne concerne pas uniquement les <a href=\"https:\/\/www.futura-sciences.com\/sante\/actualites\/demence-sedentarite-prolongee-augmenterait-risque-demence-chez-personnes-agees-107696\/\" title=\"La s\u00e9dentarit\u00e9 prolong\u00e9e augmenterait le risque de d\u00e9mence chez les personnes \u00e2g\u00e9es\" target=\"_blank\" rel=\"noopener\">personnes \u00e2g\u00e9es<\/a>. Une \u00e9tude,\u00a0publi\u00e9e dans <a href=\"https:\/\/jamanetwork.com\/journals\/jamaneurology\/article-abstract\/2813439\" title=\"Facteurs de risque de d\u00e9mence pr\u00e9coce dans la biobanque britannique\" target=\"_blank\" rel=\"noopener\">Jama\u00a0Neurology<\/a> en 2024, apporte un nouvel \u00e9clairage sur les facteurs de risque associ\u00e9s \u00e0 cette pathologie. Les chercheurs ont analys\u00e9 les donn\u00e9es de plus de 350\u202f000 individus \u00e2g\u00e9s de moins de 65 ans au Royaume-Uni, r\u00e9v\u00e9lant ainsi des pistes prometteuses pour la <a href=\"https:\/\/www.futura-sciences.com\/planete\/definitions\/developpement-durable-prevention-6509\/\" target=\"_blank\" rel=\"noopener\">pr\u00e9vention<\/a> et la prise en charge de cette maladie d\u00e9vastatrice.<\/p>\n<p>Les facteurs de risque identifi\u00e9s : un m\u00e9lange de g\u00e9n\u00e9tique et de mode de vie<\/p>\n<p>L&rsquo;\u00e9tude, men\u00e9e par une \u00e9quipe internationale dirig\u00e9e par le Dr David Llewellyn de l&rsquo;Universit\u00e9 d&rsquo;Exeter, a mis en <a href=\"https:\/\/www.futura-sciences.com\/sciences\/definitions\/physique-lumiere-326\/\" target=\"_blank\" rel=\"noopener\">lumi\u00e8re<\/a> 15 <a href=\"https:\/\/www.futura-sciences.com\/sante\/actualites\/demence-14-facteurs-risques-connaitre-eviter-demence-115047\/\" title=\"Les 14 facteurs de risques \u00e0 conna\u00eetre pour \u00e9viter la d\u00e9mence\" target=\"_blank\" rel=\"noopener\">facteurs de risque associ\u00e9s \u00e0 la d\u00e9mence<\/a> pr\u00e9coce. Parmi ces facteurs, on retrouve :<\/p>\n<ul dir=\"ltr\">\n<li role=\"presentation\">le statut socio-\u00e9conomique faible ;<\/li>\n<li role=\"presentation\">l&rsquo;isolement social ;<\/li>\n<li role=\"presentation\">les troubles de l&rsquo;audition ;<\/li>\n<li role=\"presentation\">les ant\u00e9c\u00e9dents d&rsquo;<a href=\"https:\/\/www.futura-sciences.com\/sante\/definitions\/medecine-accident-vasculaire-cerebral-2455\/\" target=\"_blank\" rel=\"noopener\">AVC<\/a> ;<\/li>\n<li role=\"presentation\">le <a href=\"https:\/\/www.futura-sciences.com\/sante\/actualites\/diabete-type-2-diabete-ces-7-habitudes-vie-permettraient-proteger-demence-101242\/\" title=\"Diab\u00e8te : ces 7 habitudes de vie permettraient de se prot\u00e9ger de la d\u00e9mence\" target=\"_blank\" rel=\"noopener\">diab\u00e8te<\/a> ;<\/li>\n<li role=\"presentation\">les maladies cardiaques ;<\/li>\n<li role=\"presentation\">la d\u00e9pression.<\/li>\n<\/ul>\n<p>De mani\u00e8re plus surprenante, l&rsquo;\u00e9tude a \u00e9galement identifi\u00e9 la <a href=\"https:\/\/www.futura-sciences.com\/sante\/questions-reponses\/vitamines-sont-symptomes-carence-vitamine-d-17801\/\" title=\"Quels sont les sympt\u00f4mes d&#039;une carence en vitamine D ?\" target=\"_blank\" rel=\"noopener\">carence en vitamine D<\/a> et des taux \u00e9lev\u00e9s de prot\u00e9ine C-r\u00e9active (un marqueur de l&rsquo;inflammation) comme des facteurs de dangers potentiels. Sur le plan <a href=\"https:\/\/www.futura-sciences.com\/sante\/definitions\/genetique-genetique-152\/\" target=\"_blank\" rel=\"noopener\">g\u00e9n\u00e9tique<\/a>, la pr\u00e9sence de deux variants du <a href=\"https:\/\/www.futura-sciences.com\/sante\/actualites\/medecine-alzheimer-lien-gene-apoe-%EA%9C%AB4-demence-renforce-49860\/\" title=\"Alzheimer : le lien entre le g\u00e8ne APOE \ua72b4 et la d\u00e9mence est renforc\u00e9\" target=\"_blank\" rel=\"noopener\">g\u00e8ne ApoE4 \u03b54<\/a>, d\u00e9j\u00e0 associ\u00e9 \u00e0 la <a href=\"https:\/\/www.futura-sciences.com\/sante\/definitions\/medecine-maladie-alzheimer-3606\/\" target=\"_blank\" rel=\"noopener\">maladie d&rsquo;Alzheimer<\/a>, augmente \u00e9galement le risque de d\u00e9mence pr\u00e9coce.<\/p>\n<p class=\"fs-media\">\n<p><img decoding=\"async\" data-imgid=\"full\" src=\"https:\/\/www.europesays.com\/fr\/wp-content\/uploads\/2025\/12\/senior-demence-precoce-.jpg\" width=\"1080\" height=\"720\" alt=\"\" loading=\"lazy\"\/><br \/>\n\u00a0Une \u00e9tude majeure identifie 15 facteurs li\u00e9s au risque pr\u00e9coce de d\u00e9mence. \u00a9 stockimagesbank, iStock<\/p>\n<p>Le paradoxe de l&rsquo;alcool et l&rsquo;importance de l&rsquo;\u00e9ducation<\/p>\n<p>L&rsquo;\u00e9tude r\u00e9v\u00e8le une relation complexe entre la <a href=\"https:\/\/www.futura-sciences.com\/sante\/questions-reponses\/nutrition-repas-fete-bien-gerer-consommation-alcool-1968\/\" title=\"Repas de f\u00eate : bien g\u00e9rer sa consommation d&#039;alcool\" target=\"_blank\" rel=\"noopener\">consommation d&rsquo;alcool<\/a> et le risque de d\u00e9mence pr\u00e9coce. Si l&rsquo;abus d&rsquo;<a href=\"https:\/\/www.futura-sciences.com\/sciences\/definitions\/chimie-alcool-640\/\" target=\"_blank\" rel=\"noopener\">alcool<\/a> est clairement associ\u00e9 \u00e0 un risque accru, une consommation mod\u00e9r\u00e9e \u00e0 \u00e9lev\u00e9e semble paradoxalement corr\u00e9l\u00e9e \u00e0 un risque r\u00e9duit. Les chercheurs expliquent ce ph\u00e9nom\u00e8ne par le fait que les personnes consommant de l&rsquo;alcool de mani\u00e8re mod\u00e9r\u00e9e sont g\u00e9n\u00e9ralement en meilleure sant\u00e9 globale. Il est important de noter que de nombreuses personnes abstinentes le sont pour des raisons m\u00e9dicales.<\/p>\n<p>Par ailleurs, l&rsquo;\u00e9tude souligne l&rsquo;importance de l&rsquo;\u00e9ducation formelle comme facteur protecteur. Un niveau d&rsquo;\u00e9ducation plus \u00e9lev\u00e9 est associ\u00e9 \u00e0 un risque r\u00e9duit de d\u00e9mence pr\u00e9coce. De m\u00eame, une meilleure force de pr\u00e9hension, indicateur de la fragilit\u00e9 <a href=\"https:\/\/www.futura-sciences.com\/sciences\/definitions\/physique-physique-15839\/\" target=\"_blank\" rel=\"noopener\">physique<\/a>, est \u00e9galement li\u00e9e \u00e0 un risque moindre.<\/p>\n<p>Impact et perspectives pour la recherche et la pr\u00e9vention<\/p>\n<p>Cette \u00e9tude, qualifi\u00e9e de \u00ab la plus vaste et la plus robuste jamais men\u00e9e \u00bb\u00a0par le Dr Llewellyn, ouvre de nouvelles perspectives pour la pr\u00e9vention et le traitement de la d\u00e9mence pr\u00e9coce. Le Dr Sebastian K\u00f6hler de l&rsquo;Universit\u00e9 de Maastricht souligne l&rsquo;importance de ces d\u00e9couvertes :<\/p>\n<p>\u00ab En plus des facteurs physiques, la sant\u00e9 mentale joue un r\u00f4le crucial, notamment la pr\u00e9vention du <a href=\"https:\/\/www.futura-sciences.com\/sante\/definitions\/vie-stress-15106\/\" target=\"_blank\" rel=\"noopener\">stress<\/a> chronique, de la solitude et de la d\u00e9pression \u00bb.<\/p>\n<p>Le tableau ci-dessous r\u00e9sume les principaux facteurs de risque et de protection identifi\u00e9s :<\/p>\n<tr>\n<td>\n<p>Facteurs de risque<\/p>\n<\/td>\n<td>\n<p>Facteurs de protection<\/p>\n<\/td>\n<\/tr>\n<tr>\n<td>\n<p>Statut socio-\u00e9conomique faible<\/p>\n<\/td>\n<td>\n<p>Niveau d&rsquo;\u00e9ducation \u00e9lev\u00e9<\/p>\n<\/td>\n<\/tr>\n<tr>\n<td>\n<p>Isolement social<\/p>\n<\/td>\n<td>\n<p>Bonne force de pr\u00e9hension<\/p>\n<\/td>\n<\/tr>\n<tr>\n<td>\n<p>Troubles auditifs<\/p>\n<\/td>\n<td>\n<p>Consommation mod\u00e9r\u00e9e d&rsquo;alcool*<\/p>\n<\/td>\n<\/tr>\n<tr>\n<td>\n<p>Ant\u00e9c\u00e9dents d&rsquo;AVC<\/p>\n<\/td>\n<td>\n<p>\u00a0<\/p>\n<\/td>\n<\/tr>\n<tr>\n<td>\n<p><a href=\"https:\/\/www.futura-sciences.com\/sante\/definitions\/medecine-diabete-3242\/\" target=\"_blank\" rel=\"noopener\">Diab\u00e8te<\/a><\/p>\n<\/td>\n<td>\n<p>\u00a0<\/p>\n<\/td>\n<\/tr>\n<p>* \u00c0 interpr\u00e9ter avec pr\u00e9caution<\/p>\n<p>Ces r\u00e9sultats offrent de nouvelles pistes pour la recherche et le d\u00e9veloppement de strat\u00e9gies de pr\u00e9vention cibl\u00e9es. La Dr Stevie Hendriks, neuroscientifique \u00e0 l&rsquo;Universit\u00e9 de Maastricht, insiste sur l&rsquo;importance de ces d\u00e9couvertes :<\/p>\n<p>\u00ab La d\u00e9mence pr\u00e9coce a un impact tr\u00e8s s\u00e9rieux, car les personnes touch\u00e9es ont g\u00e9n\u00e9ralement encore un emploi, des enfants et une vie bien remplie. On suppose souvent que la <a href=\"https:\/\/www.futura-sciences.com\/sante\/actualites\/medecine-main-droite-imite-gauche-genetique-cause-37143\/\" title=\"Quand la main droite imite la gauche, la g\u00e9n\u00e9tique est en cause\" target=\"_blank\" rel=\"noopener\">cause est g\u00e9n\u00e9tique<\/a>, mais pour beaucoup de gens, nous ne connaissons pas exactement l&rsquo;origine. C&rsquo;est pourquoi nous voulions \u00e9galement \u00e9tudier d&rsquo;autres facteurs de risque dans cette \u00e9tude \u00bb.<\/p>\n<p>En identifiant ces facteurs de risque modifiables, cette \u00e9tude ouvre la voie \u00e0 des approches pr\u00e9ventives plus efficaces, offrant l&rsquo;espoir de r\u00e9duire l&rsquo;<a href=\"https:\/\/www.futura-sciences.com\/sante\/definitions\/medecine-incidence-13469\/\" target=\"_blank\" rel=\"noopener\">incidence<\/a> de la d\u00e9mence pr\u00e9coce par l&rsquo;adoption de modes de vie plus sains et la gestion proactive des facteurs de risque identifi\u00e9s.<\/p>\n","protected":false},"excerpt":{"rendered":"La d\u00e9mence pr\u00e9coce, aussi appel\u00e9e d\u00e9mence \u00e0 d\u00e9but pr\u00e9coce, touche des centaines de milliers de personnes chaque ann\u00e9e.&hellip;\n","protected":false},"author":2,"featured_media":627636,"comment_status":"","ping_status":"","sticky":false,"template":"","format":"standard","meta":{"footnotes":""},"categories":[10],"tags":[860,281,2073,234,27077,1011,27,72,26903,278,32803,73706,73709,6368,71,73707,73708,73710],"class_list":{"0":"post-627635","1":"post","2":"type-post","3":"status-publish","4":"format-standard","5":"has-post-thumbnail","7":"category-sante","8":"tag-avc","9":"tag-demence","10":"tag-depression","11":"tag-diabete","12":"tag-facteur-de-risque","13":"tag-fr","14":"tag-france","15":"tag-health","16":"tag-isolement","17":"tag-les-tendances","18":"tag-maladies-cardiaques","19":"tag-maladies-de-demence","20":"tag-poser-un-diagnostic","21":"tag-risque-de-demence","22":"tag-sante","23":"tag-signe-de-demence","24":"tag-traitement-de-la-demence","25":"tag-troubles-de-laudition"},"share_on_mastodon":{"url":"https:\/\/pubeurope.com\/@fr\/115803036515255005","error":""},"_links":{"self":[{"href":"https:\/\/www.europesays.com\/fr\/wp-json\/wp\/v2\/posts\/627635","targetHints":{"allow":["GET"]}}],"collection":[{"href":"https:\/\/www.europesays.com\/fr\/wp-json\/wp\/v2\/posts"}],"about":[{"href":"https:\/\/www.europesays.com\/fr\/wp-json\/wp\/v2\/types\/post"}],"author":[{"embeddable":true,"href":"https:\/\/www.europesays.com\/fr\/wp-json\/wp\/v2\/users\/2"}],"replies":[{"embeddable":true,"href":"https:\/\/www.europesays.com\/fr\/wp-json\/wp\/v2\/comments?post=627635"}],"version-history":[{"count":0,"href":"https:\/\/www.europesays.com\/fr\/wp-json\/wp\/v2\/posts\/627635\/revisions"}],"wp:featuredmedia":[{"embeddable":true,"href":"https:\/\/www.europesays.com\/fr\/wp-json\/wp\/v2\/media\/627636"}],"wp:attachment":[{"href":"https:\/\/www.europesays.com\/fr\/wp-json\/wp\/v2\/media?parent=627635"}],"wp:term":[{"taxonomy":"category","embeddable":true,"href":"https:\/\/www.europesays.com\/fr\/wp-json\/wp\/v2\/categories?post=627635"},{"taxonomy":"post_tag","embeddable":true,"href":"https:\/\/www.europesays.com\/fr\/wp-json\/wp\/v2\/tags?post=627635"}],"curies":[{"name":"wp","href":"https:\/\/api.w.org\/{rel}","templated":true}]}}