{"id":627645,"date":"2025-12-29T13:18:11","date_gmt":"2025-12-29T13:18:11","guid":{"rendered":"https:\/\/www.europesays.com\/fr\/627645\/"},"modified":"2025-12-29T13:18:11","modified_gmt":"2025-12-29T13:18:11","slug":"drame-chez-lancien-maire-en-plein-reveillon-de-noel-sa-fille-de-15-ans-et-son-epouse-meurent-dune-intoxication-alimentaire","status":"publish","type":"post","link":"https:\/\/www.europesays.com\/fr\/627645\/","title":{"rendered":"Drame chez l\u2019ancien maire en plein r\u00e9veillon de No\u00ebl\u00a0: sa fille de 15 ans et son \u00e9pouse meurent d\u2019une intoxication alimentaire"},"content":{"rendered":"<p>\n                                                                Deux femmes de 15 et 50 ans sont mortes\u00a0\u00e0 l\u2019h\u00f4pital Cardarelli de Campobasso (Italie) sont mortes les 27 et 28\u00a0d\u00e9cembre 2025 des suites d\u2019une intoxication alimentaire. Une enqu\u00eate a \u00e9t\u00e9 ouverte.\n                            <\/p>\n<p>Sara Di Vita, 15 ans, et Antonella Di Ielsi, deux Italiennes de 15 et 50 ans, sont mortes des suites d\u2019une hypoth\u00e9tique intoxication alimentaire. M\u00e8re et fille s\u2019\u00e9taient pr\u00e9sent\u00e9es \u00e0 deux reprises (les 25 et 26\u00a0d\u00e9cembre) \u00e0 l\u2019h\u00f4pital pour des douleurs que les m\u00e9decins ont attribu\u00e9 \u00e0 une gastro-ent\u00e9rite. Le 27, Sara a \u00e9t\u00e9 admise en soins intensifs avant de d\u00e9c\u00e9der quelques heures plus tard. Antonella, plac\u00e9e en m\u00e9decine interne, est morte le lendemain, rapporte\u00a0Il Corriere della Serra.<\/p>\n<p>Les premiers sympt\u00f4mes se seraient d\u00e9clar\u00e9s lors du d\u00eener du r\u00e9veillon de No\u00ebl, durant lequel la famille a consomm\u00e9 du poisson, des fruits de mer, des moules ainsi que des champignons, abondent les journalistes <a href=\"https:\/\/www.ilfattoquotidiano.it\/2025\/12\/29\/cinque-medici-indagati-per-la-morte-di-mamma-e-figlia-15enne-a-campobasso-diverse-ipotesi-di-reato-anche-omicidio-colposo\/8240045\/\" target=\"_blank\" rel=\"noopener\">d\u2019Il Fatto quotidiano.<\/a><\/p>\n<p>Des membres du personnel de l\u2019h\u00f4pital mis en examen<\/p>\n<p>Leur p\u00e8re et \u00e9poux\u00a0Gianni Di Vita, ancien maire de Pietracatella, a aussi \u00e9t\u00e9 admis en soins intensifs. Il a depuis \u00e9t\u00e9 transf\u00e9r\u00e9 \u00e0 l\u2019Institut national des maladies infectieuses de Rome pour y subir des examens, notamment toxicologiques. Fait \u00e9trange\u00a0: le reste des convives, une quinzaine, sont asymptomatiques. M\u00eame chose pour la\u00a0s\u0153ur et fille des victimes, absente lors du repas.<\/p>\n<p>Sara et Antonella vont \u00eatre autopsi\u00e9es mercredi, tandis que des bo\u00eetes de conserve, des restes de nourriture et d\u2019autres denr\u00e9es ont \u00e9t\u00e9 pr\u00e9lev\u00e9s pour \u00eatre analys\u00e9s.<\/p>\n<p>Cinq personnes membres de l\u2019h\u00f4pital Cardarelli de Campobasso, o\u00f9 la famille s\u2019\u00e9tait pr\u00e9sent\u00e9e, ont \u00e9t\u00e9 mises en examen, tandis que le parquet a ouvert une enqu\u00eate pour plusieurs chefs d\u2019accusation, dont celui d\u2019homicides involontaires multiples.<\/p>\n","protected":false},"excerpt":{"rendered":"Deux femmes de 15 et 50 ans sont mortes\u00a0\u00e0 l\u2019h\u00f4pital Cardarelli de Campobasso (Italie) sont mortes les 27&hellip;\n","protected":false},"author":2,"featured_media":627646,"comment_status":"","ping_status":"","sticky":false,"template":"","format":"standard","meta":{"footnotes":""},"categories":[5],"tags":[11,118,1011,27,14,12,28],"class_list":{"0":"post-627645","1":"post","2":"type-post","3":"status-publish","4":"format-standard","5":"has-post-thumbnail","7":"category-international","8":"tag-actualites","9":"tag-faits-divers","10":"tag-fr","11":"tag-france","12":"tag-international","13":"tag-news","14":"tag-world"},"share_on_mastodon":{"url":"https:\/\/pubeurope.com\/@fr\/115803056178309801","error":""},"_links":{"self":[{"href":"https:\/\/www.europesays.com\/fr\/wp-json\/wp\/v2\/posts\/627645","targetHints":{"allow":["GET"]}}],"collection":[{"href":"https:\/\/www.europesays.com\/fr\/wp-json\/wp\/v2\/posts"}],"about":[{"href":"https:\/\/www.europesays.com\/fr\/wp-json\/wp\/v2\/types\/post"}],"author":[{"embeddable":true,"href":"https:\/\/www.europesays.com\/fr\/wp-json\/wp\/v2\/users\/2"}],"replies":[{"embeddable":true,"href":"https:\/\/www.europesays.com\/fr\/wp-json\/wp\/v2\/comments?post=627645"}],"version-history":[{"count":0,"href":"https:\/\/www.europesays.com\/fr\/wp-json\/wp\/v2\/posts\/627645\/revisions"}],"wp:featuredmedia":[{"embeddable":true,"href":"https:\/\/www.europesays.com\/fr\/wp-json\/wp\/v2\/media\/627646"}],"wp:attachment":[{"href":"https:\/\/www.europesays.com\/fr\/wp-json\/wp\/v2\/media?parent=627645"}],"wp:term":[{"taxonomy":"category","embeddable":true,"href":"https:\/\/www.europesays.com\/fr\/wp-json\/wp\/v2\/categories?post=627645"},{"taxonomy":"post_tag","embeddable":true,"href":"https:\/\/www.europesays.com\/fr\/wp-json\/wp\/v2\/tags?post=627645"}],"curies":[{"name":"wp","href":"https:\/\/api.w.org\/{rel}","templated":true}]}}