{"id":627668,"date":"2025-12-29T13:34:10","date_gmt":"2025-12-29T13:34:10","guid":{"rendered":"https:\/\/www.europesays.com\/fr\/627668\/"},"modified":"2025-12-29T13:34:10","modified_gmt":"2025-12-29T13:34:10","slug":"ligue-2-jouez-et-gagnez-des-places-pour-bastia","status":"publish","type":"post","link":"https:\/\/www.europesays.com\/fr\/627668\/","title":{"rendered":"Ligue 2 : jouez et gagnez des places pour Bastia"},"content":{"rendered":"<p><strong>Le\u00a0<strong>Sporting Club de Bastia\u00a0<\/strong><\/strong>accueille ce samedi 3 janvier \u00e0 20 heures Grenoble, 11e du championnat de Ligue 2 avec 21 points, \u00e0 Furiani pour le compte de la 18e journ\u00e9e.\u00a0<\/p>\n<p>Pour l&rsquo;occasion, <strong><strong>Corse-Matin<\/strong>\u00a0<\/strong>vous permet de remporter deux places* pour assister \u00e0 la rencontre.<\/p>\n<p>Pour cela, il s&rsquo;agit de r\u00e9pondre \u00e0 la question suivante\u00a0:<\/p>\n<p>L&rsquo;an pass\u00e9, Grenoble s&rsquo;\u00e9tait impos\u00e9 2-3 \u00e0 Furiani. Quelle a \u00e9t\u00e9 la particularit\u00e9 de cette rencontre ?<\/p>\n<p>1. Le Sporting n&rsquo;avait encaiss\u00e9, \u00e0 ce moment de la saison, pas plus de deux buts dans un match.<\/p>\n<p>2. Le jeune milieu de terrain Chris Oulai est titularis\u00e9 pour la premi\u00e8re fois.<\/p>\n<p>3. Le Sporting perd son invincibilit\u00e9 \u00e0 domicile.<\/p>\n<p>Envoyez votre r\u00e9ponse en mentionnant votre nom et num\u00e9ro de t\u00e9l\u00e9phone \u00e0<\/p>\n<p><strong><a href=\"https:\/\/www.corsematin.com\/cdn-cgi\/l\/email-protection\" class=\"__cf_email__\" data-cfemail=\"29434c5c51044a46474a465c5b5a694a465b5a4c44485d4047074a4644\" target=\"_blank\" rel=\"noopener\">[email\u00a0protected]<\/a><\/strong><\/p>\n<p>*Un tirage au sort sera effectu\u00e9 parmi les bonnes r\u00e9ponses.<\/p>\n<p>Bonne chance\u00a0!<\/p>\n","protected":false},"excerpt":{"rendered":"Le\u00a0Sporting Club de Bastia\u00a0accueille ce samedi 3 janvier \u00e0 20 heures Grenoble, 11e du championnat de Ligue 2&hellip;\n","protected":false},"author":2,"featured_media":627669,"comment_status":"","ping_status":"","sticky":false,"template":"","format":"standard","meta":{"footnotes":""},"categories":[9566],"tags":[17,1111,11,2430,5621,154,1777,674,1011,27,19905,2731,73711,3022,12,18433,471,25,60],"class_list":{"0":"post-627668","1":"post","2":"type-post","3":"status-publish","4":"format-standard","5":"has-post-thumbnail","7":"category-grenoble","8":"tag-17","9":"tag-actu","10":"tag-actualites","11":"tag-auvergne-rhone-alpes","12":"tag-bastia","13":"tag-des","14":"tag-eu","15":"tag-europe","16":"tag-fr","17":"tag-france","18":"tag-gagnez","19":"tag-grenoble","20":"tag-jouez","21":"tag-ligue","22":"tag-news","23":"tag-places","24":"tag-pour","25":"tag-republique-francaise","26":"tag-sports"},"share_on_mastodon":{"url":"https:\/\/pubeurope.com\/@fr\/115803118830424348","error":""},"_links":{"self":[{"href":"https:\/\/www.europesays.com\/fr\/wp-json\/wp\/v2\/posts\/627668","targetHints":{"allow":["GET"]}}],"collection":[{"href":"https:\/\/www.europesays.com\/fr\/wp-json\/wp\/v2\/posts"}],"about":[{"href":"https:\/\/www.europesays.com\/fr\/wp-json\/wp\/v2\/types\/post"}],"author":[{"embeddable":true,"href":"https:\/\/www.europesays.com\/fr\/wp-json\/wp\/v2\/users\/2"}],"replies":[{"embeddable":true,"href":"https:\/\/www.europesays.com\/fr\/wp-json\/wp\/v2\/comments?post=627668"}],"version-history":[{"count":0,"href":"https:\/\/www.europesays.com\/fr\/wp-json\/wp\/v2\/posts\/627668\/revisions"}],"wp:featuredmedia":[{"embeddable":true,"href":"https:\/\/www.europesays.com\/fr\/wp-json\/wp\/v2\/media\/627669"}],"wp:attachment":[{"href":"https:\/\/www.europesays.com\/fr\/wp-json\/wp\/v2\/media?parent=627668"}],"wp:term":[{"taxonomy":"category","embeddable":true,"href":"https:\/\/www.europesays.com\/fr\/wp-json\/wp\/v2\/categories?post=627668"},{"taxonomy":"post_tag","embeddable":true,"href":"https:\/\/www.europesays.com\/fr\/wp-json\/wp\/v2\/tags?post=627668"}],"curies":[{"name":"wp","href":"https:\/\/api.w.org\/{rel}","templated":true}]}}