{"id":627670,"date":"2025-12-29T13:35:16","date_gmt":"2025-12-29T13:35:16","guid":{"rendered":"https:\/\/www.europesays.com\/fr\/627670\/"},"modified":"2025-12-29T13:35:16","modified_gmt":"2025-12-29T13:35:16","slug":"chavagne-deux-salariees-de-ladmr-mises-a-lhonneur","status":"publish","type":"post","link":"https:\/\/www.europesays.com\/fr\/627670\/","title":{"rendered":"Chavagne. Deux salari\u00e9es de l\u2019ADMR mises \u00e0 l\u2019honneur"},"content":{"rendered":"<p>L\u2019association d\u2019Aide \u00e0 domicile en milieu rural (ADMR), Les Rives du Meu, a organis\u00e9 vendredi une soir\u00e9e conviviale \u00e0 l\u2019occasion des f\u00eates de fin d\u2019ann\u00e9e.<\/p>\n<p>Intervenants et leurs familles \u00e9taient r\u00e9unis pour partager ce moment, mais aussi pour rendre hommage \u00e0 deux salari\u00e9es partant \u00e0 la retraite. \u00a0Patricia P\u00e9an et Marie-Christine Gautier, apr\u00e8s respectivement treize et dix ann\u00e9es de service aupr\u00e8s des personnes ont \u00e9t\u00e9 mises \u00e0 l\u2019honneur pour leur engagement et leur d\u00e9vouement\u00a0, indique Marie-Jos\u00e9 Vogel, la pr\u00e9sidente.<\/p>\n<p>Un buffet pr\u00e9par\u00e9 par les b\u00e9n\u00e9voles a ensuite permis aux participants de prolonger les \u00e9changes dans une ambiance festive. Des jeux et un \u00e9change de cadeaux, organis\u00e9s par Rozenn Tr\u00e9garo, la responsable de secteur, et C\u00e9line Richard, assistante de planification, les deux encadrantes, \u00a0ont contribu\u00e9 \u00e0 renforcer la convivialit\u00e9 entre les \u00e9quipes\u00a0, avant que la soir\u00e9e ne se termine par quelques pas de danse.<\/p>\n<p>C\u2019est aussi l\u2019occasion, pour l\u2019association ADMR Les Rives du Meu, qui intervient dans les communes de Chavagne, Le Rheu, Cintr\u00e9, Mordelles et Saint-Jacques a\u00e9roport, de rappeler les services qu\u2019elle peut apporter en mati\u00e8re d\u2019aide \u00e0 la personne et d\u2019aide au maintien \u00e0 domicile.<\/p>\n<p>L\u2019ADMR intervient dans les \u00a0domaines d\u2019aide \u00e0 la personne, aupr\u00e8s des personnes malades, \u00e2g\u00e9es, en situation de handicap pour des aides au lever, coucher, \u00e0 la toilette, aux repas, accompagnements et sorties, m\u00e9nage, repassage, garde d\u2019enfants \u00e0 domicile, portage de repas, garde de jour et de nuit, visites de nuit, t\u00e9l\u00e9assistance ou portage de repas\u00a0,poursuit la pr\u00e9sidente.<\/p>\n<p><strong>Contact<\/strong>\u00a0: ADMR Les Rives du Meu, 9, avenue de la Mairie, Chavagne \u2013 T\u00e9l.\u00a002\u00a023\u00a030\u00a045\u00a099.<\/p>\n<p>\u00a0<\/p>\n","protected":false},"excerpt":{"rendered":"L\u2019association d\u2019Aide \u00e0 domicile en milieu rural (ADMR), Les Rives du Meu, a organis\u00e9 vendredi une soir\u00e9e conviviale&hellip;\n","protected":false},"author":2,"featured_media":627671,"comment_status":"","ping_status":"","sticky":false,"template":"","format":"standard","meta":{"footnotes":""},"categories":[2821],"tags":[1111,11,73712,829,11292,1777,674,1011,27,14472,5060,12,3086,584,25,68647],"class_list":{"0":"post-627670","1":"post","2":"type-post","3":"status-publish","4":"format-standard","5":"has-post-thumbnail","7":"category-rennes","8":"tag-actu","9":"tag-actualites","10":"tag-admr","11":"tag-bretagne","12":"tag-chavagne","13":"tag-eu","14":"tag-europe","15":"tag-fr","16":"tag-france","17":"tag-honneur","18":"tag-mises","19":"tag-news","20":"tag-redon","21":"tag-rennes","22":"tag-republique-francaise","23":"tag-salariees"},"share_on_mastodon":{"url":"https:\/\/pubeurope.com\/@fr\/115803122845969360","error":""},"_links":{"self":[{"href":"https:\/\/www.europesays.com\/fr\/wp-json\/wp\/v2\/posts\/627670","targetHints":{"allow":["GET"]}}],"collection":[{"href":"https:\/\/www.europesays.com\/fr\/wp-json\/wp\/v2\/posts"}],"about":[{"href":"https:\/\/www.europesays.com\/fr\/wp-json\/wp\/v2\/types\/post"}],"author":[{"embeddable":true,"href":"https:\/\/www.europesays.com\/fr\/wp-json\/wp\/v2\/users\/2"}],"replies":[{"embeddable":true,"href":"https:\/\/www.europesays.com\/fr\/wp-json\/wp\/v2\/comments?post=627670"}],"version-history":[{"count":0,"href":"https:\/\/www.europesays.com\/fr\/wp-json\/wp\/v2\/posts\/627670\/revisions"}],"wp:featuredmedia":[{"embeddable":true,"href":"https:\/\/www.europesays.com\/fr\/wp-json\/wp\/v2\/media\/627671"}],"wp:attachment":[{"href":"https:\/\/www.europesays.com\/fr\/wp-json\/wp\/v2\/media?parent=627670"}],"wp:term":[{"taxonomy":"category","embeddable":true,"href":"https:\/\/www.europesays.com\/fr\/wp-json\/wp\/v2\/categories?post=627670"},{"taxonomy":"post_tag","embeddable":true,"href":"https:\/\/www.europesays.com\/fr\/wp-json\/wp\/v2\/tags?post=627670"}],"curies":[{"name":"wp","href":"https:\/\/api.w.org\/{rel}","templated":true}]}}