{"id":627672,"date":"2025-12-29T13:36:17","date_gmt":"2025-12-29T13:36:17","guid":{"rendered":"https:\/\/www.europesays.com\/fr\/627672\/"},"modified":"2025-12-29T13:36:17","modified_gmt":"2025-12-29T13:36:17","slug":"lom-lol-rennes-et-le-losc-a-la-lutte-pour-la-pepite-angevine","status":"publish","type":"post","link":"https:\/\/www.europesays.com\/fr\/627672\/","title":{"rendered":"l\u2019OM, l\u2019OL, Rennes et le LOSC \u00e0 la lutte pour la p\u00e9pite angevine"},"content":{"rendered":"\n<p>\t\t\t\t\t\t\t<img decoding=\"async\" alt=\"Himad ABDELLI\" src=\"https:\/\/www.europesays.com\/fr\/wp-content\/uploads\/2025\/12\/ICONSPORT_275954_0380.jpg\"\/><\/p>\n<p>Himad ABDELLI, Cr\u00e9dit photo : Icon Sport<\/p>\n<p><strong>L\u2019OM, l\u2019OL, Rennes et le LOSC se disputent Himad Abdelli, le cr\u00e9ateur du SCO Angers.<\/strong><\/p>\n<p>La bataille est lanc\u00e9e pour Himad Abdelli ! Le milieu offensif du SCO Angers, en fin de contrat en juin, fait saliver plusieurs clubs de Ligue 1. Selon Foot Marseillais, l\u2019OM, l\u2019OL, le LOSC et le Stade Rennais se livrent une vraie guerre de positions pour tenter d\u2019attirer le joueur alg\u00e9rien cet hiver. Angers n\u2019exclut pas une vente rapide pour r\u00e9cup\u00e9rer une indemnit\u00e9 avant la fin de son bail. Fan de l\u2019OM, Abdelli garde une pr\u00e9f\u00e9rence pour le club phoc\u00e9en, mais rien n\u2019est jou\u00e9 : Lyon avance fort, Lille veut renforcer son entrejeu, et Rennes reste attentif. Une affaire \u00e0 suivre de tr\u00e8s pr\u00e8s, tant le profil technique et cr\u00e9atif du joueur attire les convoitises.<\/p>\n<p style=\"width:100%;text-align:center;  background-color: #003B6F; padding:5px; border-radius: 10px;color:white;font-size: 20px;\"><a href=\"#graphcomment\" style=\"color:white;\">Voir les commentaires<\/a><\/p>\n<p><\/p>\n<p>\t\t\t\t\t\t&#13;<br \/>\n\t\t\t\t\t\t\t&#13;<\/p>\n","protected":false},"excerpt":{"rendered":"Himad ABDELLI, Cr\u00e9dit photo : Icon Sport L\u2019OM, l\u2019OL, Rennes et le LOSC se disputent Himad Abdelli, le&hellip;\n","protected":false},"author":2,"featured_media":627673,"comment_status":"","ping_status":"","sticky":false,"template":"","format":"standard","meta":{"footnotes":""},"categories":[2821],"tags":[1111,11,829,1777,674,1011,27,12,584,25],"class_list":{"0":"post-627672","1":"post","2":"type-post","3":"status-publish","4":"format-standard","5":"has-post-thumbnail","7":"category-rennes","8":"tag-actu","9":"tag-actualites","10":"tag-bretagne","11":"tag-eu","12":"tag-europe","13":"tag-fr","14":"tag-france","15":"tag-news","16":"tag-rennes","17":"tag-republique-francaise"},"share_on_mastodon":{"url":"https:\/\/pubeurope.com\/@fr\/115803127007245997","error":""},"_links":{"self":[{"href":"https:\/\/www.europesays.com\/fr\/wp-json\/wp\/v2\/posts\/627672","targetHints":{"allow":["GET"]}}],"collection":[{"href":"https:\/\/www.europesays.com\/fr\/wp-json\/wp\/v2\/posts"}],"about":[{"href":"https:\/\/www.europesays.com\/fr\/wp-json\/wp\/v2\/types\/post"}],"author":[{"embeddable":true,"href":"https:\/\/www.europesays.com\/fr\/wp-json\/wp\/v2\/users\/2"}],"replies":[{"embeddable":true,"href":"https:\/\/www.europesays.com\/fr\/wp-json\/wp\/v2\/comments?post=627672"}],"version-history":[{"count":0,"href":"https:\/\/www.europesays.com\/fr\/wp-json\/wp\/v2\/posts\/627672\/revisions"}],"wp:featuredmedia":[{"embeddable":true,"href":"https:\/\/www.europesays.com\/fr\/wp-json\/wp\/v2\/media\/627673"}],"wp:attachment":[{"href":"https:\/\/www.europesays.com\/fr\/wp-json\/wp\/v2\/media?parent=627672"}],"wp:term":[{"taxonomy":"category","embeddable":true,"href":"https:\/\/www.europesays.com\/fr\/wp-json\/wp\/v2\/categories?post=627672"},{"taxonomy":"post_tag","embeddable":true,"href":"https:\/\/www.europesays.com\/fr\/wp-json\/wp\/v2\/tags?post=627672"}],"curies":[{"name":"wp","href":"https:\/\/api.w.org\/{rel}","templated":true}]}}