{"id":627674,"date":"2025-12-29T13:37:19","date_gmt":"2025-12-29T13:37:19","guid":{"rendered":"https:\/\/www.europesays.com\/fr\/627674\/"},"modified":"2025-12-29T13:37:19","modified_gmt":"2025-12-29T13:37:19","slug":"puces-des-couturieres-strasbourg-2026-date-horaires","status":"publish","type":"post","link":"https:\/\/www.europesays.com\/fr\/627674\/","title":{"rendered":"Puces des couturi\u00e8res Strasbourg 2026 : date, horaires"},"content":{"rendered":"<p class=\"fw-bold font-size-16 my-1\"> Du 09\/01\/2026 au 10\/01\/2026<\/p>\n<p class=\"fw-bold font-size-16 my-1\"> Case M\u00e9tisse, 46 de la Krutenau | <a href=\"https:\/\/www.jds.fr\/strasbourg\/\" target=\"_blank\" rel=\"noopener\">Strasbourg<\/a><\/p>\n<p class=\"fw-bold font-size-16 my-1\"> Gratuit <\/p>\n<p><strong>Derni\u00e8re Puces des Couturi\u00e8res avant fermeture definitive<\/strong><\/p>\n<p><a data-lightbox=\"article\" data-title=\"Puces des couturi\u00e8res  \u00a9 CaseM\" class=\"image detail fullwidth  position-relative d-block\" href=\"https:\/\/www.jds.fr\/medias\/image\/0-80816000-1766953603-809977-920-0-F.webp\" title=\"Puces des couturi\u00e8res  \u00a9 CaseM\" target=\"_blank\" rel=\"noopener\"><br \/>\n<img decoding=\"async\" loading=\"lazy\" src=\"https:\/\/www.europesays.com\/fr\/wp-content\/uploads\/2025\/12\/0-80816000-1766953603-809977-1200-0.webp.webp\"   width=\"685\" alt=\"Puces des couturi\u00e8res \" class=\"border\"\/><br \/>\n\u00a9 CaseM<br \/>\nPuces des couturi\u00e8res<br \/>\n<\/a><\/p>\n<p>Case M\u00e9tisse vous invite \u00e0 notre tout<strong> dernier \u00e9v\u00e9nement<\/strong> avant la <strong>fermeture d\u00e9finitive<\/strong> de la boutique. Le Vendredi et Samedi les 9 &amp; 10 Janvier de 10h \u00e0 20h, Case M\u00e9tisse ouvre ses portes pour un ultime <strong>Vide Atelier \/ Vide-Magasin\/ Puces des couturi\u00e8res.<\/strong><\/p>\n<p>Tout doit dispara\u00eetre \u00e0<strong> prix brad\u00e9s<\/strong><br \/>C\u2019est votre ultime chance de mettre la main sur nos tr\u00e9sors soigneusement chin\u00e9s et nos stocks de cr\u00e9ateurs. Que vous soyez passionn\u00e9 de couture, de brocante ou de d\u00e9coration, profitez de <strong>prix sacrifi\u00e9s<\/strong> sur\u00a0:<\/p>\n<p><strong>Mercerie d&rsquo;exception<\/strong>\u00a0: Coupons de tissus, boutons de qualit\u00e9, fils et perles.<br \/><strong>Charme de l\u2019ancien<\/strong>\u00a0: Bijoux vintage, linge ancien et mobilier authentique.<br \/><strong>Pi\u00e8ces rares<\/strong>\u00a0: Une s\u00e9lection magnifique d\u2019\u00e9dredons et plumeaux en<strong> Kelsch<\/strong> traditionnel ancien, v\u00e9ritable patrimoine textile alsacien.<\/p>\n<p><strong>Une occasion qui ne se repr\u00e9sentera plus<\/strong><br \/>Apr\u00e8s cette date, les portes se fermeront d\u00e9finitivement. Ne laissez pas passer ces p\u00e9pites uniques qui attendent de commencer une nouvelle vie dans vos projets de cr\u00e9ation ou votre int\u00e9rieur.<\/p>\n<p>            Renseignements<\/p>\n<p><strong class=\"font-size-18\">O\u00f9\u00a0:<\/strong><br \/> Case M\u00e9tisse, 46 de la Krutenau<a class=\"mt-1 d-block ps-4\" href=\"https:\/\/www.jds.fr\/strasbourg\/\" target=\"_blank\" rel=\"noopener\"> 67000 Strasbourg<\/a><\/p>\n<p>Dates et horaires\u00a0: <\/p>\n<ul class=\"liste-dates list-unstyled\" id=\"liste-dates-6951b9318531b\">\n<li>du Vendredi 9 Janvier 2026 au Samedi 10 Janvier 2026 de 10h \u00e0 20h<\/li>\n<\/ul>\n<p>Tarifs\u00a0:  <\/p>\n<p>Les actualit\u00e9s \u00e0 Strasbourg<\/p>\n<ul class=\"mt-3 list-unstyled list-articles-v2\" id=\"liste-dates-69526b92294e7\">\n<li class=\"col-12 pt-4\" data-view-id-type=\"1\" data-view-id=\"1289835\" data-view-bc=\"0\"><a class=\"image\" href=\"https:\/\/www.jds.fr\/strasbourg\/magazine\/actu-magazine\/cahier-d-activites-en-alsacien-pour-enfants-le-feriespass-de-l-olca-1289835_A\" target=\"_blank\" rel=\"noopener\"><img decoding=\"async\" loading=\"lazy\" src=\"https:\/\/www.europesays.com\/fr\/wp-content\/uploads\/2025\/12\/cahier-d-activites-en-alsacien-pour-enfants-le-fer-796676-180-180.webp.webp\" width=\"180\" height=\"180\" alt=\"Cahier d'activit\u00e9s en alsacien pour enfants : le Feriesp\u00e0ss de l'OLCA\" class=\"border\"\/><\/a><\/li>\n<li class=\"col-12 pt-4\" data-view-id-type=\"1\" data-view-id=\"1283751\" data-view-bc=\"0\"><a class=\"image\" href=\"https:\/\/www.jds.fr\/strasbourg\/magazine\/actu-magazine\/noel-solidaire-a-strasbourg-l-armee-du-salut-relance-ses-marmites-de-noel-1283751_A\" target=\"_blank\" rel=\"noopener\"><img decoding=\"async\" loading=\"lazy\" src=\"https:\/\/www.europesays.com\/fr\/wp-content\/uploads\/2025\/12\/marmites-de-noel-de-l-armee-du-salut-a-strasbourg-793634-180-180.webp.webp\" width=\"180\" height=\"180\" alt=\"No\u00ebl solidaire \u00e0 Strasbourg : l\u2019Arm\u00e9e du Salut relance ses Marmites de No\u00ebl\" class=\"border\"\/><\/a><\/li>\n<li class=\"col-12 pt-4\" data-view-id-type=\"1\" data-view-id=\"1281506\" data-view-bc=\"0\"><a class=\"image\" href=\"https:\/\/www.jds.fr\/strasbourg\/magazine\/actu-magazine\/5-pieces-de-theatre-a-voir-a-strasbourg-en-janvier-pour-bien-commencer-l-annee-2026-1281506_A\" target=\"_blank\" rel=\"noopener\"><img decoding=\"async\" loading=\"lazy\" src=\"https:\/\/www.europesays.com\/fr\/wp-content\/uploads\/2025\/12\/5-pieces-de-theatre-a-voir-a-strasbourg-en-janvier-791597-180-180.webp.webp\" width=\"180\" height=\"180\" alt=\"5 pi\u00e8ces de th\u00e9\u00e2tre \u00e0 voir \u00e0 Strasbourg en janvier pour bien commencer l'ann\u00e9e 2026\" class=\"border\"\/><\/a><\/li>\n<\/ul>\n<p><a href=\"https:\/\/www.jds.fr\/strasbourg\/magazine\/\" class=\"btn btn-outline-primary py-2 px-4\" target=\"_blank\" rel=\"noopener\">Voir toutes les actualit\u00e9s \u00e0 Strasbourg<\/a><\/p>\n<p class=\"mt-0 mb-3 h2\">Newsletter JDS Strasbourg<\/p>\n<p class=\"font-size-18 fw-normal lh-sm\">Pr\u00eat pour un week-end de folie\u00a0? Chaque jeudi tous les bons plans sorties<\/p>\n","protected":false},"excerpt":{"rendered":"Du 09\/01\/2026 au 10\/01\/2026 Case M\u00e9tisse, 46 de la Krutenau | Strasbourg Gratuit Derni\u00e8re Puces des Couturi\u00e8res avant&hellip;\n","protected":false},"author":2,"featured_media":627675,"comment_status":"","ping_status":"","sticky":false,"template":"","format":"standard","meta":{"footnotes":""},"categories":[2820],"tags":[1111,11,1777,674,1011,27,775,12,25,640],"class_list":{"0":"post-627674","1":"post","2":"type-post","3":"status-publish","4":"format-standard","5":"has-post-thumbnail","7":"category-strasbourg","8":"tag-actu","9":"tag-actualites","10":"tag-eu","11":"tag-europe","12":"tag-fr","13":"tag-france","14":"tag-grand-est","15":"tag-news","16":"tag-republique-francaise","17":"tag-strasbourg"},"share_on_mastodon":{"url":"https:\/\/pubeurope.com\/@fr\/115803131013093329","error":""},"_links":{"self":[{"href":"https:\/\/www.europesays.com\/fr\/wp-json\/wp\/v2\/posts\/627674","targetHints":{"allow":["GET"]}}],"collection":[{"href":"https:\/\/www.europesays.com\/fr\/wp-json\/wp\/v2\/posts"}],"about":[{"href":"https:\/\/www.europesays.com\/fr\/wp-json\/wp\/v2\/types\/post"}],"author":[{"embeddable":true,"href":"https:\/\/www.europesays.com\/fr\/wp-json\/wp\/v2\/users\/2"}],"replies":[{"embeddable":true,"href":"https:\/\/www.europesays.com\/fr\/wp-json\/wp\/v2\/comments?post=627674"}],"version-history":[{"count":0,"href":"https:\/\/www.europesays.com\/fr\/wp-json\/wp\/v2\/posts\/627674\/revisions"}],"wp:featuredmedia":[{"embeddable":true,"href":"https:\/\/www.europesays.com\/fr\/wp-json\/wp\/v2\/media\/627675"}],"wp:attachment":[{"href":"https:\/\/www.europesays.com\/fr\/wp-json\/wp\/v2\/media?parent=627674"}],"wp:term":[{"taxonomy":"category","embeddable":true,"href":"https:\/\/www.europesays.com\/fr\/wp-json\/wp\/v2\/categories?post=627674"},{"taxonomy":"post_tag","embeddable":true,"href":"https:\/\/www.europesays.com\/fr\/wp-json\/wp\/v2\/tags?post=627674"}],"curies":[{"name":"wp","href":"https:\/\/api.w.org\/{rel}","templated":true}]}}