{"id":627676,"date":"2025-12-29T13:38:16","date_gmt":"2025-12-29T13:38:16","guid":{"rendered":"https:\/\/www.europesays.com\/fr\/627676\/"},"modified":"2025-12-29T13:38:16","modified_gmt":"2025-12-29T13:38:16","slug":"des-feux-dartifice-gratuits-tires-depuis-ces-lieux-feeriques-en-alsace","status":"publish","type":"post","link":"https:\/\/www.europesays.com\/fr\/627676\/","title":{"rendered":"des feux d&rsquo;artifice gratuits tir\u00e9s depuis ces lieux f\u00e9\u00e9riques en Alsace"},"content":{"rendered":"<p>                    Par<br \/>\n        <strong><br \/>\n            <a href=\"https:\/\/actu.fr\/auteur\/ivan-capecchi\" title=\"Consulter tous les articles de Ivan CAPECCHI\" target=\"_blank\" rel=\"noopener\">Ivan CAPECCHI<\/a><br \/>\n                    <\/strong><\/p>\n<p>        Publi\u00e9 le<\/p>\n<p>            29 d\u00e9c. 2025 \u00e0 12h34        <\/p>\n<p>Faute de <strong>feu d\u2019artifice<\/strong> \u00e0 <a href=\"https:\/\/actu.fr\/societe\/nouvel-an-un-couvre-feu-instaure-a-strasbourg-et-dans-ces-communes-voisines_63616546.html\" target=\"_blank\" rel=\"noopener\">Strasbourg pour le Nouvel An<\/a>, il faudra s\u2019\u00e9loigner un peu pour voir le ciel s\u2019illuminer. Voici trois feux d\u2019artifice <strong>gratuits<\/strong>, \u00e0 d\u00e9couvrir dans le <strong>Bas-Rhin<\/strong> et le <strong>Haut-Rhin<\/strong> le <strong>31 d\u00e9cembre<\/strong>, jour de la <strong>Saint-Sylvestre<\/strong>. Deux des trois communes \u2013 <strong>Kaysersberg<\/strong> et <strong>Ribeauvill\u00e9<\/strong> \u2013 font d\u2019ailleurs partie de <a href=\"https:\/\/actu.fr\/loisirs-culture\/notre-selection-des-plus-beaux-villages-d-alsace-les-pepites-a-decouvrir-absolument-en-2026_63579557.html\" target=\"_blank\" rel=\"noopener\">notre s\u00e9lection des plus beaux villages d\u2019Alsace<\/a>.<\/p>\n<p>Dorlisheim (Bas-Rhin)<\/p>\n<p class=\" wall-content\">La commune offre un feu d\u2019artifice tir\u00e9 par des professionnels.<\/p>\n<p class=\" wall-content\">Objectif affich\u00e9 : proposer un \u00e9v\u00e9nement <strong>s\u00e9curis\u00e9<\/strong> et<strong> \u00e9viter les tirs individuels<\/strong> (en janvier 2013, un jeune homme de la commune avait \u00e9t\u00e9 tu\u00e9 par un feu d\u2019artifice).\u00a0<\/p>\n<p>Horaire : minuit<br \/>\nLieu : \u00e0 proximit\u00e9 du terrain de football \u2013 Espace Pluriel<br \/>\nPlus d\u2019infos <a href=\"https:\/\/www.intramuros.org\/dorlisheim\/actualites\/369079\" target=\"_blank\" rel=\"noopener\">ici<\/a>.Kaysersberg-Vignoble (Haut-Rhin)<\/p>\n<p class=\" wall-content\">La commune propose un feu d\u2019artifice tir\u00e9 depuis le <strong>ch\u00e2teau<\/strong>.<\/p>\n<p class=\" wall-content\">Une <strong>petite restauration<\/strong> et une <strong>buvette<\/strong> seront install\u00e9es sur la place de l\u2019H\u00f4tel de Ville.<\/p>\n<p>Votre r\u00e9gion, votre actu !<\/p>\n<p>Recevez chaque jour les infos qui comptent pour vous.<\/p>\n<p>\t<a href=\"https:\/\/actu.fr\/newsletter\" class=\"ac-btn ac-btn--corner ac-btn--medium ac-btn--blue800\" target=\"_blank\" rel=\"noopener\">S&rsquo;incrire<\/a><\/p>\n<p class=\" wall-content\">Pr\u00e9voyez d\u2019arriver en avance : le secteur est rapidement fr\u00e9quent\u00e9.<\/p>\n<p>Horaire : vers 19h<br \/>\nLieu : place de l\u2019H\u00f4tel de Ville<br \/>\nPlus d\u2019infos <a href=\"https:\/\/www.kaysersberg.com\/fr\/detail\/711\/3779\/230113313\/feu-dartifice-du-reveillon-de-la-saint-sylvestre-kaysersberg-vignoble\/\" target=\"_blank\" rel=\"noopener\">ici<\/a>.Ribeauvill\u00e9 (Haut-Rhin)<\/p>\n<p class=\" wall-content\">La Ville donne rendez-vous aux habitants et visiteurs pour un<strong> spectacle pyrotechnique<\/strong> \u00e0 minuit, marquant le <strong>passage \u00e0 la nouvelle ann\u00e9e<\/strong>.\u00a0<\/p>\n<p>    <a href=\"https:\/\/www.facebook.com\/plugins\/post.php?href=https%3A%2F%2Fwww.facebook.com%2FVilledeRibeauvilleAlsace%2Fposts%2Fpfbid029vgzrcX3GUHCvjetdGGHrDQTcoBcBX4NaRKM5ws8vPY9uPLvPgQ5ybuH1HbjjpS3l&amp;show_text=true&amp;width=350\" title=\"Ouvrie le lien\" target=\"_blank\" rel=\"noopener\">Cliquez ici pour visualiser le contenu<\/a><\/p>\n<p>Horaire : minuit<br \/>Lieu : place de la R\u00e9publique.<\/p>\n<p>P\u00e9tards et artifices : ce que dit la r\u00e9glementation en Alsace<\/p>\n<p class=\" wall-content\">Dans le <a href=\"https:\/\/actu.fr\/societe\/nouvel-an-dans-le-bas-rhin-les-petards-et-feux-d-artifice-interdits_62006750.html\" target=\"_blank\" rel=\"noopener\">Bas-Rhin<\/a> et le Haut-Rhin, l\u2019usage des p\u00e9tards et artifices est fortement encadr\u00e9 pendant les f\u00eates de fin d\u2019ann\u00e9e.<\/p>\n<p class=\" wall-content\"><a href=\"https:\/\/www.bas-rhin.gouv.fr\/Actions-de-l-Etat\/Activites-et-professions-reglementees\/Armes-et-explosifs\/Petards-et-Artifices\" target=\"_blank\" rel=\"noopener\">Des arr\u00eat\u00e9s pr\u00e9fectoraux<\/a> renforcent les interdictions entre d\u00e9but d\u00e9cembre et d\u00e9but janvier : pour le grand public, <strong>l\u2019achat, le transport et l\u2019utilisation d\u2019artifices sont largement prohib\u00e9s<\/strong>.<\/p>\n<p class=\" wall-content\">Seuls les feux d\u2019artifice d\u00e9clar\u00e9s, organis\u00e9s par des communes et tir\u00e9s par des professionnels, restent autoris\u00e9s.<\/p>\n<p class=\" wall-content\">Personnalisez votre actualit\u00e9 en ajoutant vos villes et m\u00e9dias en favori avec <a href=\"https:\/\/moncompte.actu.fr\" title=\"D\u00e9couvez Mon Actu\" rel=\"nofollow noopener\" data-trk=\"{&quot;cta&quot;:{&quot;action&quot;:&quot;https:\\\/\\\/moncompte.actu.fr&quot;,&quot;category&quot;:&quot;mon compte&quot;,&quot;from&quot;:&quot;article footer&quot;,&quot;name&quot;:&quot;Mon actu&quot;,&quot;type&quot;:&quot;cta&quot;}}\" target=\"_blank\">Mon Actu<\/a>.<\/p>\n","protected":false},"excerpt":{"rendered":"Par Ivan CAPECCHI Publi\u00e9 le 29 d\u00e9c. 2025 \u00e0 12h34 Faute de feu d\u2019artifice \u00e0 Strasbourg pour le&hellip;\n","protected":false},"author":2,"featured_media":627677,"comment_status":"","ping_status":"","sticky":false,"template":"","format":"standard","meta":{"footnotes":""},"categories":[2820],"tags":[1111,11,1777,674,16701,1011,27,775,1652,12,25,640],"class_list":{"0":"post-627676","1":"post","2":"type-post","3":"status-publish","4":"format-standard","5":"has-post-thumbnail","7":"category-strasbourg","8":"tag-actu","9":"tag-actualites","10":"tag-eu","11":"tag-europe","12":"tag-feu-dartifice","13":"tag-fr","14":"tag-france","15":"tag-grand-est","16":"tag-loisirs-culture","17":"tag-news","18":"tag-republique-francaise","19":"tag-strasbourg"},"share_on_mastodon":{"url":"https:\/\/pubeurope.com\/@fr\/115803134780254426","error":""},"_links":{"self":[{"href":"https:\/\/www.europesays.com\/fr\/wp-json\/wp\/v2\/posts\/627676","targetHints":{"allow":["GET"]}}],"collection":[{"href":"https:\/\/www.europesays.com\/fr\/wp-json\/wp\/v2\/posts"}],"about":[{"href":"https:\/\/www.europesays.com\/fr\/wp-json\/wp\/v2\/types\/post"}],"author":[{"embeddable":true,"href":"https:\/\/www.europesays.com\/fr\/wp-json\/wp\/v2\/users\/2"}],"replies":[{"embeddable":true,"href":"https:\/\/www.europesays.com\/fr\/wp-json\/wp\/v2\/comments?post=627676"}],"version-history":[{"count":0,"href":"https:\/\/www.europesays.com\/fr\/wp-json\/wp\/v2\/posts\/627676\/revisions"}],"wp:featuredmedia":[{"embeddable":true,"href":"https:\/\/www.europesays.com\/fr\/wp-json\/wp\/v2\/media\/627677"}],"wp:attachment":[{"href":"https:\/\/www.europesays.com\/fr\/wp-json\/wp\/v2\/media?parent=627676"}],"wp:term":[{"taxonomy":"category","embeddable":true,"href":"https:\/\/www.europesays.com\/fr\/wp-json\/wp\/v2\/categories?post=627676"},{"taxonomy":"post_tag","embeddable":true,"href":"https:\/\/www.europesays.com\/fr\/wp-json\/wp\/v2\/tags?post=627676"}],"curies":[{"name":"wp","href":"https:\/\/api.w.org\/{rel}","templated":true}]}}