{"id":627678,"date":"2025-12-29T13:39:11","date_gmt":"2025-12-29T13:39:11","guid":{"rendered":"https:\/\/www.europesays.com\/fr\/627678\/"},"modified":"2025-12-29T13:39:11","modified_gmt":"2025-12-29T13:39:11","slug":"nice-lapin-course-par-un-chien-auto-ecole-en-porsche-les-dix-informations-insolites-de-2025","status":"publish","type":"post","link":"https:\/\/www.europesays.com\/fr\/627678\/","title":{"rendered":"Nice. Lapin cours\u00e9 par un chien, auto-\u00e9cole en Porsche&#8230; Les dix informations insolites de 2025"},"content":{"rendered":"<p>                    Par<br \/>\n        <strong><br \/>\n            <a href=\"https:\/\/actu.fr\/auteur\/arthur-frand\" title=\"Consulter tous les articles de Arthur Frand\" target=\"_blank\" rel=\"noopener\">Arthur Frand<\/a><br \/>\n                    <\/strong><\/p>\n<p>        Publi\u00e9 le<\/p>\n<p>            29 d\u00e9c. 2025 \u00e0 13h05        <\/p>\n<p>Si les habitants de <a href=\"https:\/\/actu.fr\/nice\/\" target=\"_blank\" rel=\"noopener\">Nice<\/a> et des <a href=\"https:\/\/actu.fr\/provence-alpes-cote-d-azur\/alpes-maritimes_06\" target=\"_blank\" rel=\"noopener\">Alpes-Maritimes<\/a> regrettent souvent que l\u2019actualit\u00e9 de leur ville et du d\u00e9partement soit trop centr\u00e9e sur les probl\u00e8mes et les drames, il existe aussi parfois des informations <strong>surprenantes et d\u00e9cal\u00e9es<\/strong>. Ces derni\u00e8res peuvent faire sourire.<\/p>\n<p class=\" wall-content\">En 2025, plusieurs faits ou histoires <a href=\"https:\/\/actu.fr\/nice\/insolite\" target=\"_blank\" rel=\"noopener\">insolites<\/a> ont \u00e9t\u00e9 observ\u00e9s sur le territoire. La r\u00e9daction d\u2019actu Nice en a s\u00e9lectionn\u00e9 <strong>dix<\/strong>.<\/p>\n<p>Dix informations insolites de 2025<\/p>\n<p class=\"expresso-item wall-content\"><a title=\"Lire l&#039;article\" href=\"https:\/\/actu.fr\/provence-alpes-cote-d-azur\/nice_06088\/nice-une-video-d-un-lapin-chasse-par-un-chien-enflamme-internet-je-suis-choque_62272763.html\" target=\"_blank\" rel=\"noopener\"><strong>Une vid\u00e9o d\u2019un lapin chass\u00e9 par un chien \u00e0 Nice enflamme Internet\u2009: \u00ab\u2009Je suis choqu\u00e9\u2009\u00bb<\/strong><\/a><br \/>Une sc\u00e8ne bien surprenante s\u2019est jou\u00e9e le mercredi 19\u00a0f\u00e9vrier sur le quai des \u00c9tats-Unis \u00e0 Nice. Une courte vid\u00e9o montre un chien courir apr\u00e8s un lapin avant de l\u2019attraper dans ses crocs. Le tout devant plusieurs passants <strong>m\u00e9dus\u00e9s<\/strong>. L\u2019extrait de quelques secondes a \u00e9t\u00e9 vu plus d\u2019un million de fois en \u00e0 peine 24\u2009h.<\/p>\n<p class=\"expresso-item wall-content\"><a title=\"Lire l&#039;article\" href=\"https:\/\/actu.fr\/provence-alpes-cote-d-azur\/cagnes-sur-mer_06027\/pres-de-nice-cette-famille-a-cree-un-lieu-unique-il-en-existe-tres-peu-en-france_62362488.html\" target=\"_blank\" rel=\"noopener\"><strong>Pr\u00e8s de Nice, cette famille a cr\u00e9\u00e9 l\u2019un des seuls cimeti\u00e8res pour animaux de France<\/strong><\/a><br \/>Les cimeti\u00e8res humains sont de coutume dans notre soci\u00e9t\u00e9. Mais il est tr\u00e8s rare de pouvoir <strong>enterrer nos animaux de compagnie<\/strong> dans un lieu d\u00e9di\u00e9. Depuis 50\u00a0ans, la famille Rouillard tient le seul cimeti\u00e8re pour animaux des Alpes-Maritimes. 400 tombes sont pr\u00e9sentes sur plus de 3000m2. La r\u00e9daction d\u2019actu Nice s\u2019est rendue sur place.<\/p>\n<p class=\"expresso-item wall-content\"><a title=\"Lire l&#039;article\" href=\"https:\/\/actu.fr\/provence-alpes-cote-d-azur\/nice_06088\/ils-avaient-peur-de-l-eau-et-se-lancent-l-incroyable-defi-de-faire-nice-calvi-a-la-nage_62387289.html\" target=\"_blank\" rel=\"noopener\"><strong>Ils avaient peur de l\u2019eau et se lancent l\u2019incroyable d\u00e9fi de faire Nice-Calvi \u00e0 la nage<\/strong><\/a><br \/><strong>Surmonter une phobie<\/strong> peut parfois prendre des ann\u00e9es. Anciens aquaphobes, \u00c9liane (65\u00a0ans) et Jean-Luc (62\u00a0ans) se sont lanc\u00e9s le d\u00e9fi de nager entre Nice et la Corse en plein \u00e9t\u00e9 avec l\u2019association locale l\u2019Appel de la Mer\u2026 Une travers\u00e9e de 200 kilom\u00e8tres entre la C\u00f4te d\u2019Azur et l\u2019\u00eele de beaut\u00e9. \u00ab\u2009On part de z\u00e9ro, on ne conna\u00eet rien. C\u2019est une vraie aventure\u2009\u00bb, sourit \u00c9liane.<\/p>\n<p class=\"expresso-item wall-content\"><a title=\"Lire l&#039;article\" href=\"https:\/\/actu.fr\/provence-alpes-cote-d-azur\/nice_06088\/m-dam-sylvie-est-voyante-a-nice-fini-l-amour-les-gens-ne-me-parlent-que-de-sexe_62454256.html\" target=\"_blank\" rel=\"noopener\"><strong>M\u2019dam Sylvie est voyante \u00e0 Nice\u2009: Fini l\u2019amour, \u00ab\u2009les gens ne me parlent que de sexe\u2009\u00bb<\/strong><\/a><br \/>M\u2019dam Sylvie est voyante \u00e0 Nice. Cette femme de 54\u00a0ans a ouvert son cabinet et accueille les clients depuis dix ans. Visions, demandes particuli\u00e8res, accusations de charlatanisme, la voyante a accept\u00e9 de livrer <strong>quelques secrets<\/strong>.\u00a0Elle estime avoir \u00ab\u2009un don\u2009\u00bb.<\/p>\n<p class=\"expresso-item wall-content\"><a title=\"Lire l&#039;article\" href=\"https:\/\/actu.fr\/provence-alpes-cote-d-azur\/nice_06088\/dans-cette-auto-ecole-pres-de-nice-paul-donne-des-cours-de-conduite-en-porsche_62491682.html\" target=\"_blank\" rel=\"noopener\"><strong>Dans cette auto-\u00e9cole pr\u00e8s de Nice, Paul donne des cours de conduite en Porsche<\/strong><\/a><br \/>\u00c0 Monaco, il est possible de rouler en voiture de luxe<strong> sans avoir le permis<\/strong>. L\u2019auto-\u00e9cole \u00ab\u2009Monaco Bonne Conduite\u2009\u00bb, situ\u00e9e dans la principaut\u00e9, \u00e0 quelques kilom\u00e8tres de Nice, propose de conduire dans une voiture \u00e0 plus de 100\u2009000\u00a0euros. Depuis le 1er\u00a0avril, le g\u00e9rant a investi dans une sublime Porsche 911 Carrera rouge. Un choix \u00e9tonnant qu\u2019il justifie.<\/p>\n<p>    <img   decoding=\"async\" loading=\"lazy\" src=\"https:\/\/www.europesays.com\/fr\/wp-content\/uploads\/2025\/12\/auto-ecole-monaco-1-960x640.jpg\" alt=\"L'auto \u00e9cole \" width=\"960\" height=\"640\"\/><br \/>\n    L\u2019auto-\u00e9cole \u00ab\u2009Monaco Bonne Conduite\u2009\u00bb propose des cours en Porsche 911 \u00e0 ses \u00e9l\u00e8ves. (\u00a9Monaco Bonne Conduite \/ Facebook)<\/p>\n<p class=\"expresso-item wall-content\"><a title=\"Lire l&#039;article\" href=\"https:\/\/actu.fr\/provence-alpes-cote-d-azur\/nice_06088\/cet-animal-rare-filme-pres-du-port-de-nice-il-est-le-deuxieme-plus-grand-du-monde_62622743.html\" target=\"_blank\" rel=\"noopener\"><strong>Cet animal rare film\u00e9 pr\u00e8s du port de Nice\u2009: il est le deuxi\u00e8me plus grand du monde<\/strong><\/a><br \/>En plein mois de mai, les joggeurs et promeneurs ni\u00e7ois ont eu l\u2019opportunit\u00e9 de voir un animal unique et hors-norme pr\u00e8s du port. Il s\u2019agissait d\u2019une esp\u00e8ce marine pouvant atteindre jusqu\u2019\u00e0 20 m\u00e8tres de long et du deuxi\u00e8me plus grand mammif\u00e8re du monde, apr\u00e8s la baleine bleue. Ce jour-l\u00e0, il \u00e9tait accompagn\u00e9 de quelques dauphins. Une <strong>rencontre exceptionnelle<\/strong> racont\u00e9e par des t\u00e9moins.<\/p>\n<p>    <img   decoding=\"async\" loading=\"lazy\" src=\"https:\/\/www.europesays.com\/fr\/wp-content\/uploads\/2025\/12\/rorqual-nice-960x640.jpg\" alt=\"Un rorqual commun, esp\u00e8ce marine r\u00e9guli\u00e8rement pr\u00e9sente en M\u00e9diterran\u00e9e, a \u00e9t\u00e9 aper\u00e7u \u00e0 Nice ce samedi 10 mai. \" width=\"960\" height=\"640\"\/><br \/>\n    Un rorqual commun, esp\u00e8ce marine r\u00e9guli\u00e8rement pr\u00e9sente en M\u00e9diterran\u00e9e, a \u00e9t\u00e9 aper\u00e7u \u00e0 Nice, samedi 10\u00a0mai 2025. (\u00a9Capture d\u2019\u00e9cran vid\u00e9o \/ Super Fly Watersports)<\/p>\n<p class=\"expresso-item wall-content\"><a title=\"Lire l&#039;article\" href=\"https:\/\/actu.fr\/provence-alpes-cote-d-azur\/nice_06088\/nice-ce-magasin-carrefour-a-trouve-une-drole-de-solution-pour-faire-fuir-les-voleurs_63027624.html\" target=\"_blank\" rel=\"noopener\"><strong>Ce magasin Carrefour de Nice a trouv\u00e9 une dr\u00f4le de solution pour faire fuir les voleurs<\/strong><\/a><br \/>\u00c0 Nice, certains commerces sont parfois la cible de vols ou cambriolages. Alors, des solutions sont test\u00e9es pour se pr\u00e9munir. Au mois d\u2019ao\u00fbt, un point de vente Carrefour, situ\u00e9 en centre-ville, a d\u00e9cid\u00e9 d\u2019utiliser l\u2019intelligence artificielle <strong>pour dissuader<\/strong>. Il a coll\u00e9 affiche des images g\u00e9n\u00e9r\u00e9es par l\u2019IA dans les all\u00e9es du magasin. Et elles font leur effet.<\/p>\n<p class=\"expresso-item wall-content\"><a title=\"Lire l&#039;article\" href=\"https:\/\/actu.fr\/provence-alpes-cote-d-azur\/nice_06088\/ces-americaines-pensent-prendre-l-avion-to-nice-elles-ont-une-enorme-surprise-a-bord_63133644.html\" target=\"_blank\" rel=\"noopener\"><strong>Ces Am\u00e9ricaines pensent prendre l\u2019avion \u00ab\u2009to Nice\u2009\u00bb, elles ont une \u00e9norme surprise \u00e0 bord<\/strong><\/a><br \/>Une belle bourde et un sacr\u00e9 buzz. D\u00e9but septembre, deux voyageuses am\u00e9ricaines souhaitaient se rendre \u00ab\u2009To Nice\u2009\u00bb, soit \u00e0 Nice dans les Alpes-Maritimes, depuis l\u2019Italie, en avion. Mais elles ont r\u00e9serv\u00e9 un vol pour Tunis, capitale de la Tunisie. Elles ont compris <strong>leur erreur<\/strong> une fois install\u00e9es dans l\u2019avion Tunisair. Une m\u00e9saventure film\u00e9e qui a fait plus de 24\u00a0millions de vues sur TikTok.<\/p>\n<p class=\"expresso-item wall-content\"><a title=\"Lire l&#039;article\" href=\"https:\/\/actu.fr\/provence-alpes-cote-d-azur\/nice_06088\/nice-ces-horloges-installees-en-ville-ne-sont-jamais-a-l-heure-voici-d-ou-elle-viennent_63544050.html\" target=\"_blank\" rel=\"noopener\"><strong>Ces horloges install\u00e9es \u00e0 Nice ne sont jamais \u00e0 l\u2019heure, voici d\u2019o\u00f9 elles viennent<\/strong><\/a><br \/>\u00c0 Nice, des horloges d\u2019\u00e9poque d\u00e9corent encore l\u2019espace public \u00e0 quelques endroits de la ville. Mais elles n\u2019affichent <strong>jamais la bonne heure<\/strong> et n\u2019ont pas toujours le m\u00eame style et la m\u00eame marque. D\u2019o\u00f9 viennent-elles et sont-elles vou\u00e9es \u00e0 rester\u2009? actu Nice a tent\u00e9 d\u2019en savoir plus.<\/p>\n<p>    <img   decoding=\"async\" loading=\"lazy\" src=\"https:\/\/www.europesays.com\/fr\/wp-content\/uploads\/2025\/12\/conor-redimensionne-960x640.jpeg\" alt=\"Samir Sa\u00efdi, coach principal de l\u2019Antibes Fight Academy et la l\u00e9gende du MMA Conor McGregor. (\u00a9Antibes Fight Academy)\" width=\"960\" height=\"640\"\/><br \/>\n    Samir Sa\u00efdi, coach principal de l\u2019Antibes Fight Academy, pr\u00e8s de Nice, a vu d\u00e9barquer la l\u00e9gende du MMA Conor McGregor dans sa salle. (\u00a9Antibes Fight Academy)<\/p>\n<p class=\"expresso-item wall-content\"><a title=\"Lire l&#039;article\" href=\"https:\/\/actu.fr\/provence-alpes-cote-d-azur\/antibes_06004\/pres-de-nice-une-legende-du-mma-debarque-dans-cette-petite-salle-une-incroyable-surprise-merci-la-vie_63462664.html\" target=\"_blank\" rel=\"noopener\"><strong>Une l\u00e9gende du MMA d\u00e9barque dans cette petite salle pr\u00e8s de Nice, une incroyable surprise\u2009: \u00ab\u2009Merci la vie\u2009\u00bb<\/strong><\/a><br \/>Pour les pratiquants de sport, rencontrer une idole de sa discipline est un moment fabuleux. La surprise est encore plus savoureuse quand elle n\u2019est pas pr\u00e9vue. D\u00e9but novembre, les membres de l\u2019Antibes Fight Academy (Alpes-Maritimes), club de sports de combat, ont pu partager un <strong>entra\u00eenement privil\u00e9gi\u00e9<\/strong> avec une l\u00e9gende du MMA, Conor McGregor, surnomm\u00e9 \u00ab\u2009The Notorious\u2009\u00bb. \u00ab\u2009Un moment suspendu, magique\u2009\u00bb, raconte Samir Sa\u00efdi, coach principal de l\u2019AFA.<\/p>\n<p class=\" wall-content\">Personnalisez votre actualit\u00e9 en ajoutant vos villes et m\u00e9dias en favori avec <a href=\"https:\/\/moncompte.actu.fr\" title=\"D\u00e9couvez Mon Actu\" rel=\"nofollow noopener\" data-trk=\"{&quot;cta&quot;:{&quot;action&quot;:&quot;https:\\\/\\\/moncompte.actu.fr&quot;,&quot;category&quot;:&quot;mon compte&quot;,&quot;from&quot;:&quot;article footer&quot;,&quot;name&quot;:&quot;Mon actu&quot;,&quot;type&quot;:&quot;cta&quot;}}\" target=\"_blank\">Mon Actu<\/a>.<\/p>\n","protected":false},"excerpt":{"rendered":"Par Arthur Frand Publi\u00e9 le 29 d\u00e9c. 2025 \u00e0 13h05 Si les habitants de Nice et des Alpes-Maritimes&hellip;\n","protected":false},"author":2,"featured_media":627679,"comment_status":"","ping_status":"","sticky":false,"template":"","format":"standard","meta":{"footnotes":""},"categories":[2819],"tags":[1111,11,1777,674,1011,27,1757,12,2401,882,25],"class_list":{"0":"post-627678","1":"post","2":"type-post","3":"status-publish","4":"format-standard","5":"has-post-thumbnail","7":"category-nice","8":"tag-actu","9":"tag-actualites","10":"tag-eu","11":"tag-europe","12":"tag-fr","13":"tag-france","14":"tag-insolite","15":"tag-news","16":"tag-nice","17":"tag-provence-alpes-cote-dazur","18":"tag-republique-francaise"},"share_on_mastodon":{"url":"https:\/\/pubeurope.com\/@fr\/115803139031077334","error":""},"_links":{"self":[{"href":"https:\/\/www.europesays.com\/fr\/wp-json\/wp\/v2\/posts\/627678","targetHints":{"allow":["GET"]}}],"collection":[{"href":"https:\/\/www.europesays.com\/fr\/wp-json\/wp\/v2\/posts"}],"about":[{"href":"https:\/\/www.europesays.com\/fr\/wp-json\/wp\/v2\/types\/post"}],"author":[{"embeddable":true,"href":"https:\/\/www.europesays.com\/fr\/wp-json\/wp\/v2\/users\/2"}],"replies":[{"embeddable":true,"href":"https:\/\/www.europesays.com\/fr\/wp-json\/wp\/v2\/comments?post=627678"}],"version-history":[{"count":0,"href":"https:\/\/www.europesays.com\/fr\/wp-json\/wp\/v2\/posts\/627678\/revisions"}],"wp:featuredmedia":[{"embeddable":true,"href":"https:\/\/www.europesays.com\/fr\/wp-json\/wp\/v2\/media\/627679"}],"wp:attachment":[{"href":"https:\/\/www.europesays.com\/fr\/wp-json\/wp\/v2\/media?parent=627678"}],"wp:term":[{"taxonomy":"category","embeddable":true,"href":"https:\/\/www.europesays.com\/fr\/wp-json\/wp\/v2\/categories?post=627678"},{"taxonomy":"post_tag","embeddable":true,"href":"https:\/\/www.europesays.com\/fr\/wp-json\/wp\/v2\/tags?post=627678"}],"curies":[{"name":"wp","href":"https:\/\/api.w.org\/{rel}","templated":true}]}}