{"id":627680,"date":"2025-12-29T13:40:48","date_gmt":"2025-12-29T13:40:48","guid":{"rendered":"https:\/\/www.europesays.com\/fr\/627680\/"},"modified":"2025-12-29T13:40:48","modified_gmt":"2025-12-29T13:40:48","slug":"la-conference-de-presse-dintronisation-de-claude-puel","status":"publish","type":"post","link":"https:\/\/www.europesays.com\/fr\/627680\/","title":{"rendered":"La conf\u00e9rence de presse d&rsquo;intronisation de Claude Puel"},"content":{"rendered":"<p>            <a href=\"https:\/\/www.ogcnice.com\/fr\/video\/129659\/la-conference-apres-nice-2-1-saint-etienne.html\" class=\"article_card_lien\" tabindex=\"0\" target=\"_blank\" rel=\"noopener\">La conf\u00e9rence apr\u00e8s Nice 2-1 Saint-Etienne<\/a><\/p>\n<p>                            <img decoding=\"async\" src=\"https:\/\/www.europesays.com\/fr\/wp-content\/uploads\/2025\/12\/Conf-16-9-Asse.jpg\" loading=\"lazy\"\/><\/p>\n<p>\n                Replay<br \/>\n                La conf\u00e9rence apr\u00e8s Nice 2-1 Saint-Etienne<br \/>\n                2441&prime;<\/p>\n<p>            <a href=\"https:\/\/www.ogcnice.com\/fr\/video\/129653\/la-conference-de-presse-de-jean-pierre-rivere-et-maurice-cohen.html\" class=\"article_card_lien\" tabindex=\"0\" target=\"_blank\" rel=\"noopener\">La conf\u00e9rence de presse de Jean-Pierre Riv\u00e8re et Maurice Cohen<\/a><\/p>\n<p>                            <img decoding=\"async\" src=\"https:\/\/www.europesays.com\/fr\/wp-content\/uploads\/2025\/12\/conf-16_9.jpg\" loading=\"lazy\"\/><\/p>\n<p>\n                OGCNICE.tv<br \/>\n                La conf\u00e9rence de presse de Jean-Pierre Riv\u00e8re et Maurice Cohen<br \/>\n                1583&prime;<\/p>\n<p>            <a href=\"https:\/\/www.ogcnice.com\/fr\/video\/129599\/la-conference-apres-nice-0-1-braga.html\" class=\"article_card_lien\" tabindex=\"0\" target=\"_blank\" rel=\"noopener\">La conf\u00e9rence apr\u00e8s Nice 0-1 Braga<\/a><\/p>\n<p>                            <img decoding=\"async\" src=\"https:\/\/www.europesays.com\/fr\/wp-content\/uploads\/2025\/12\/Conf-16-9scb.jpg\" loading=\"lazy\"\/><\/p>\n<p>\n                Replay<br \/>\n                La conf\u00e9rence apr\u00e8s Nice 0-1 Braga<br \/>\n                2441&prime;<\/p>\n<p>            <a href=\"https:\/\/www.ogcnice.com\/fr\/video\/129586\/la-conference-apres-nice-0-1-angers.html\" class=\"article_card_lien\" tabindex=\"0\" target=\"_blank\" rel=\"noopener\">La conf\u00e9rence apr\u00e8s Nice 0-1 Angers<\/a><\/p>\n<p>                            <img decoding=\"async\" src=\"https:\/\/www.europesays.com\/fr\/wp-content\/uploads\/2025\/12\/Conf-16-9-angers.jpg\" loading=\"lazy\"\/><\/p>\n<p>\n                Replay<br \/>\n                La conf\u00e9rence apr\u00e8s Nice 0-1 Angers<br \/>\n                2441&prime;<\/p>\n<p>            <a href=\"https:\/\/www.ogcnice.com\/fr\/video\/129512\/la-conference-apres-nice-1-5-marseille.html\" class=\"article_card_lien\" tabindex=\"0\" target=\"_blank\" rel=\"noopener\">La conf\u00e9rence apr\u00e8s Nice 1-5 Marseille<\/a><\/p>\n<p>                            <img decoding=\"async\" src=\"https:\/\/www.europesays.com\/fr\/wp-content\/uploads\/2025\/11\/Conf-16-9-OM.jpg\" loading=\"lazy\"\/><\/p>\n<p>\n                Replay<br \/>\n                La conf\u00e9rence apr\u00e8s Nice 1-5 Marseille<br \/>\n                2441&prime;<\/p>\n<p>            <a href=\"https:\/\/www.ogcnice.com\/fr\/video\/129450\/la-conference-apres-nice-1-3-fribourg.html\" class=\"article_card_lien\" tabindex=\"0\" target=\"_blank\" rel=\"noopener\">La conf\u00e9rence apr\u00e8s Nice 1-3 Fribourg<\/a><\/p>\n<p>                            <img decoding=\"async\" src=\"https:\/\/www.europesays.com\/fr\/wp-content\/uploads\/2025\/11\/Conf-16-9-SCF.jpg\" loading=\"lazy\"\/><\/p>\n<p>\n                Replay<br \/>\n                La conf\u00e9rence apr\u00e8s Nice 1-3 Fribourg<br \/>\n                2441&prime;<\/p>\n<p>            <a href=\"https:\/\/www.ogcnice.com\/fr\/video\/129448\/la-conference-avant-nice-fribourg.html\" class=\"article_card_lien\" tabindex=\"0\" target=\"_blank\" rel=\"noopener\">La conf\u00e9rence avant Nice &#8211; Fribourg<\/a><\/p>\n<p>                            <img decoding=\"async\" src=\"https:\/\/www.europesays.com\/fr\/wp-content\/uploads\/2025\/11\/Live-16-9scf.jpg\" loading=\"lazy\"\/><\/p>\n<p>\n                Replay<br \/>\n                La conf\u00e9rence avant Nice &#8211; Fribourg<br \/>\n                2441&prime;<\/p>\n<p>            <a href=\"https:\/\/www.ogcnice.com\/fr\/video\/129408\/la-conference-apres-nice-2-0-lille.html\" class=\"article_card_lien\" tabindex=\"0\" target=\"_blank\" rel=\"noopener\">La conf\u00e9rence apr\u00e8s Nice 2-0 Lille<\/a><\/p>\n<p>                            <img decoding=\"async\" src=\"https:\/\/www.europesays.com\/fr\/wp-content\/uploads\/2025\/10\/Conf-16-9losc.jpg\" loading=\"lazy\"\/><\/p>\n<p>\n                Replay<br \/>\n                La conf\u00e9rence apr\u00e8s Nice 2-0 Lille<br \/>\n                2441&prime;<\/p>\n<p>            <a href=\"https:\/\/www.ogcnice.com\/fr\/video\/129384\/les-mots-du-coach-apres-celta-vigo-nice-2-1.html\" class=\"article_card_lien\" tabindex=\"0\" target=\"_blank\" rel=\"noopener\">Les mots du coach apr\u00e8s Celta Vigo &#8211; Nice (2-1)<\/a><\/p>\n<p>                            <img decoding=\"async\" src=\"https:\/\/www.europesays.com\/fr\/wp-content\/uploads\/2025\/10\/conf-vigo.jpg\" loading=\"lazy\"\/><\/p>\n<p>\n                Conf\u00e9rence de presse<br \/>\n                Les mots du coach apr\u00e8s Celta Vigo &#8211; Nice (2-1)<br \/>\n                480&prime;<\/p>\n<p>            <a href=\"https:\/\/www.ogcnice.com\/fr\/video\/129376\/la-conference-avant-vigo-nice.html\" class=\"article_card_lien\" tabindex=\"0\" target=\"_blank\" rel=\"noopener\">La conf\u00e9rence avant Vigo &#8211; Nice<\/a><\/p>\n<p>                            <img decoding=\"async\" src=\"https:\/\/www.europesays.com\/fr\/wp-content\/uploads\/2025\/10\/conf1.jpg\" loading=\"lazy\"\/><\/p>\n<p>\n                Live<br \/>\n                La conf\u00e9rence avant Vigo &#8211; Nice<br \/>\n                938&prime;<\/p>\n<p>            <a href=\"https:\/\/www.ogcnice.com\/fr\/video\/129346\/la-conference-apres-nice-3-2-lyon.html\" class=\"article_card_lien\" tabindex=\"0\" target=\"_blank\" rel=\"noopener\">La conf\u00e9rence apr\u00e8s Nice 3-2 Lyon<\/a><\/p>\n<p>                            <img decoding=\"async\" src=\"https:\/\/www.europesays.com\/fr\/wp-content\/uploads\/2025\/10\/Conf-16-9pfc.jpg\" loading=\"lazy\"\/><\/p>\n<p>\n                Replay<br \/>\n                La conf\u00e9rence apr\u00e8s Nice 3-2 Lyon<br \/>\n                2441&prime;<\/p>\n<p>            <a href=\"https:\/\/www.ogcnice.com\/fr\/video\/129297\/les-mots-du-coach-apres-fenerbahce-nice-2-1.html\" class=\"article_card_lien\" tabindex=\"0\" target=\"_blank\" rel=\"noopener\">Les mots du coach apr\u00e8s Fenerbah\u00e7e &#8211; Nice (2-1)<\/a><\/p>\n<p>                            <img decoding=\"async\" src=\"https:\/\/www.europesays.com\/fr\/wp-content\/uploads\/2025\/10\/169.jpg\" loading=\"lazy\"\/><\/p>\n<p>\n                Conf\u00e9rence de presse<br \/>\n                Les mots du coach apr\u00e8s Fenerbah\u00e7e &#8211; Nice (2-1)<br \/>\n                548&prime;<\/p>\n","protected":false},"excerpt":{"rendered":"La conf\u00e9rence apr\u00e8s Nice 2-1 Saint-Etienne Replay La conf\u00e9rence apr\u00e8s Nice 2-1 Saint-Etienne 2441&prime; La conf\u00e9rence de presse&hellip;\n","protected":false},"author":2,"featured_media":627681,"comment_status":"","ping_status":"","sticky":false,"template":"","format":"standard","meta":{"footnotes":""},"categories":[2819],"tags":[1111,11,1777,674,1011,27,12,2401,882,25],"class_list":{"0":"post-627680","1":"post","2":"type-post","3":"status-publish","4":"format-standard","5":"has-post-thumbnail","7":"category-nice","8":"tag-actu","9":"tag-actualites","10":"tag-eu","11":"tag-europe","12":"tag-fr","13":"tag-france","14":"tag-news","15":"tag-nice","16":"tag-provence-alpes-cote-dazur","17":"tag-republique-francaise"},"share_on_mastodon":{"url":"https:\/\/pubeurope.com\/@fr\/115803146993601723","error":""},"_links":{"self":[{"href":"https:\/\/www.europesays.com\/fr\/wp-json\/wp\/v2\/posts\/627680","targetHints":{"allow":["GET"]}}],"collection":[{"href":"https:\/\/www.europesays.com\/fr\/wp-json\/wp\/v2\/posts"}],"about":[{"href":"https:\/\/www.europesays.com\/fr\/wp-json\/wp\/v2\/types\/post"}],"author":[{"embeddable":true,"href":"https:\/\/www.europesays.com\/fr\/wp-json\/wp\/v2\/users\/2"}],"replies":[{"embeddable":true,"href":"https:\/\/www.europesays.com\/fr\/wp-json\/wp\/v2\/comments?post=627680"}],"version-history":[{"count":0,"href":"https:\/\/www.europesays.com\/fr\/wp-json\/wp\/v2\/posts\/627680\/revisions"}],"wp:featuredmedia":[{"embeddable":true,"href":"https:\/\/www.europesays.com\/fr\/wp-json\/wp\/v2\/media\/627681"}],"wp:attachment":[{"href":"https:\/\/www.europesays.com\/fr\/wp-json\/wp\/v2\/media?parent=627680"}],"wp:term":[{"taxonomy":"category","embeddable":true,"href":"https:\/\/www.europesays.com\/fr\/wp-json\/wp\/v2\/categories?post=627680"},{"taxonomy":"post_tag","embeddable":true,"href":"https:\/\/www.europesays.com\/fr\/wp-json\/wp\/v2\/tags?post=627680"}],"curies":[{"name":"wp","href":"https:\/\/api.w.org\/{rel}","templated":true}]}}