{"id":627682,"date":"2025-12-29T13:41:31","date_gmt":"2025-12-29T13:41:31","guid":{"rendered":"https:\/\/www.europesays.com\/fr\/627682\/"},"modified":"2025-12-29T13:41:31","modified_gmt":"2025-12-29T13:41:31","slug":"orvault-le-club-de-lamitie-en-fete","status":"publish","type":"post","link":"https:\/\/www.europesays.com\/fr\/627682\/","title":{"rendered":"Orvault. Le club de l\u2019Amiti\u00e9 en f\u00eate"},"content":{"rendered":"<p>Mardi dernier, au club de l\u2019Amiti\u00e9, qui se r\u00e9unit chaque semaine le mardi salle Pacaille, les adh\u00e9rents ayant f\u00eat\u00e9 leur anniversaire au cours du quatri\u00e8me trimestre ont \u00e9t\u00e9 mis \u00e0 l\u2019honneur.<\/p>\n<p>Des \u00e9v\u00e9nements en 2026<\/p>\n<p>La secr\u00e9taire, Odette, a ensuite rappel\u00e9 les prochains rendez-vous du club. L\u2019assembl\u00e9e g\u00e9n\u00e9rale se tiendra le mercredi 15\u00a0janvier, salle Pacaille. Les portes ouvriront \u00e0 14\u00a0heures afin de permettre le r\u00e8glement de la cotisation annuelle, maintenue \u00e0 15\u00a0\u20ac. La r\u00e9union sera suivie du partage de la galette des Rois. Un rappel a \u00e9galement \u00e9t\u00e9 fait concernant le repas du club, pr\u00e9vu le vendredi 23\u00a0janvier \u00e0 la salle du Parc de la Gobini\u00e8re, au tarif de 45\u00a0\u20ac.<\/p>\n<p>\u00c0 noter \u00e9galement l\u2019organisation d\u2019un concours de belote le samedi 14\u00a0mars 2026, salle Pacaille.<\/p>\n<p>Contact\u00a0: 02\u00a051\u00a078\u00a069\u00a011 ou 02\u00a040\u00a063\u00a003\u00a056.<\/p>\n<p>\u00a0<\/p>\n","protected":false},"excerpt":{"rendered":"Mardi dernier, au club de l\u2019Amiti\u00e9, qui se r\u00e9unit chaque semaine le mardi salle Pacaille, les adh\u00e9rents ayant&hellip;\n","protected":false},"author":2,"featured_media":627683,"comment_status":"","ping_status":"","sticky":false,"template":"","format":"standard","meta":{"footnotes":""},"categories":[2818],"tags":[1111,11,7006,5244,1777,674,4768,1011,27,766,12,4151,2636,25,3272],"class_list":{"0":"post-627682","1":"post","2":"type-post","3":"status-publish","4":"format-standard","5":"has-post-thumbnail","7":"category-nantes","8":"tag-actu","9":"tag-actualites","10":"tag-amitie","11":"tag-club","12":"tag-eu","13":"tag-europe","14":"tag-fete","15":"tag-fr","16":"tag-france","17":"tag-nantes","18":"tag-news","19":"tag-orvault","20":"tag-pays-de-la-loire","21":"tag-republique-francaise","22":"tag-saint-nazaire"},"share_on_mastodon":{"url":"https:\/\/pubeurope.com\/@fr\/115803147061283000","error":""},"_links":{"self":[{"href":"https:\/\/www.europesays.com\/fr\/wp-json\/wp\/v2\/posts\/627682","targetHints":{"allow":["GET"]}}],"collection":[{"href":"https:\/\/www.europesays.com\/fr\/wp-json\/wp\/v2\/posts"}],"about":[{"href":"https:\/\/www.europesays.com\/fr\/wp-json\/wp\/v2\/types\/post"}],"author":[{"embeddable":true,"href":"https:\/\/www.europesays.com\/fr\/wp-json\/wp\/v2\/users\/2"}],"replies":[{"embeddable":true,"href":"https:\/\/www.europesays.com\/fr\/wp-json\/wp\/v2\/comments?post=627682"}],"version-history":[{"count":0,"href":"https:\/\/www.europesays.com\/fr\/wp-json\/wp\/v2\/posts\/627682\/revisions"}],"wp:featuredmedia":[{"embeddable":true,"href":"https:\/\/www.europesays.com\/fr\/wp-json\/wp\/v2\/media\/627683"}],"wp:attachment":[{"href":"https:\/\/www.europesays.com\/fr\/wp-json\/wp\/v2\/media?parent=627682"}],"wp:term":[{"taxonomy":"category","embeddable":true,"href":"https:\/\/www.europesays.com\/fr\/wp-json\/wp\/v2\/categories?post=627682"},{"taxonomy":"post_tag","embeddable":true,"href":"https:\/\/www.europesays.com\/fr\/wp-json\/wp\/v2\/tags?post=627682"}],"curies":[{"name":"wp","href":"https:\/\/api.w.org\/{rel}","templated":true}]}}