{"id":627688,"date":"2025-12-29T13:44:12","date_gmt":"2025-12-29T13:44:12","guid":{"rendered":"https:\/\/www.europesays.com\/fr\/627688\/"},"modified":"2025-12-29T13:44:12","modified_gmt":"2025-12-29T13:44:12","slug":"un-airbus-deroute-vers-bordeaux-a-cause-du-brouillard","status":"publish","type":"post","link":"https:\/\/www.europesays.com\/fr\/627688\/","title":{"rendered":"un Airbus d\u00e9rout\u00e9 vers Bordeaux \u00e0 cause du brouillard"},"content":{"rendered":"<p>L\u2019airbus A320 a tourn\u00e9 pendant pr\u00e8s de trente minutes au-dessus de Poitiers, ce 29\u00a0d\u00e9cembre 2025, avant de tenter un atterrissage. Il est descendu jusqu\u2019\u00e0 90\u00a0m du sol, <a target=\"_self\" href=\"https:\/\/www.flightradar24.com\/data\/flights\/v72006#3db0fb86\" rel=\"noopener\">selon les donn\u00e9es du site Flightradar24<\/a> (1), avant de finalement reprendre de la vitesse et de l\u2019altitude. Les conditions m\u00e9t\u00e9orologiques n\u2019\u00e9taient pas r\u00e9unies ce lundi matin \u00e0 cause d\u2019un brouillard trop important au sol.<\/p>\n<p>Direction Bordeaux donc, o\u00f9 l\u2019avion a atterri \u00e0 9\u00a0h, une heure apr\u00e8s son arriv\u00e9e pr\u00e9vue \u00e0 l\u2019a\u00e9roport de Poitiers-Biard. Les passagers ont d\u00fb y patienter pr\u00e8s d\u2019une heure et demie, le temps que le brouillard se l\u00e8ve en partie. Ils ont finalement pos\u00e9 les pieds \u00e0 11\u00a0h\u00a045 \u00e0 Poitiers.<\/p>\n<p>Le second vol de la matin\u00e9e qui devait rallier Poitiers \u00e0 Lyon a, quant \u00e0 lui, d\u00e9coll\u00e9 peu apr\u00e8s midi, pour une arriv\u00e9e pr\u00e9vue vers 13\u00a0h, donc avec pr\u00e8s de quatre heures de retard.<\/p>\n<p><img alt=\"L\u2019avion, apr\u00e8s avoir tourn\u00e9 au-dessus de la ville, a tent\u00e9 d\u2019atterrir, sans succ\u00e8s.\" loading=\"lazy\" width=\"980\" height=\"573\" decoding=\"async\" data-nimg=\"1\" class=\"img-responsive spinner-show \" style=\"color:transparent;background-size:cover;background-position:50% 50%;background-repeat:no-repeat;background-image:url(&quot;data:image\/svg+xml;charset=utf-8,%3Csvg xmlns='http:\/\/www.w3.org\/2000\/svg' viewBox='0 0 980 573'%3E%3Cfilter id='b' color-interpolation-filters='sRGB'%3E%3CfeGaussianBlur stdDeviation='20'\/%3E%3CfeColorMatrix values='1 0 0 0 0 0 1 0 0 0 0 0 1 0 0 0 0 0 100 -1' result='s'\/%3E%3CfeFlood x='0' y='0' width='100%25' height='100%25'\/%3E%3CfeComposite operator='out' in='s'\/%3E%3CfeComposite in2='SourceGraphic'\/%3E%3CfeGaussianBlur stdDeviation='20'\/%3E%3C\/filter%3E%3Cimage width='100%25' height='100%25' x='0' y='0' preserveAspectRatio='none' style='filter: url(%23b);' href='https:\/\/images.lanouvellerepublique.fr\/image\/upload\/t_88w\/f_auto\/69526c966cfdac14608b45c0.jpg'\/%3E%3C\/svg%3E&quot;)\"   src=\"https:\/\/www.europesays.com\/fr\/wp-content\/uploads\/2025\/12\/69526c966cfdac14608b45c0.jpg\"\/><\/p>\n<p style=\"background-color:#F2F2F2;padding:5px;margin-top:0px;margin-bottom:10px\">L\u2019avion, apr\u00e8s avoir tourn\u00e9 au-dessus de la ville, a tent\u00e9 d\u2019atterrir, sans succ\u00e8s.<br \/> \u00a9 (Capture d&rsquo;\u00e9cran Flightradar24.com)<\/p>\n<p>\u00c0 midi, devant l\u2019a\u00e9roport, les passagers en provenance de Lyon tentaient comme ils le pouvaient de rallier leur destination finale. \u00ab\u00a0On nous avait parl\u00e9 d\u2019une navette entre l\u2019a\u00e9roport et le Futuroscope, mais en fait il n\u2019y en a pas, donc on commande des Uber\u00a0\u00bb, se d\u00e9solait Clara. Partie de chez elle avec toute la petite famille, quatre enfants, un ado et quatre adultes, vers 2\u00a0h du matin pour d\u00e9coller de Lyon \u00e0 7\u00a0h, elle restait de bonne humeur. \u00ab\u00a0On nous a tenus inform\u00e9s tout le long et le vol s\u2019est bien pass\u00e9, sans turbulences.\u00a0\u00bb<\/p>\n<p><img alt=\"Les passagers sont arriv\u00e9s \u00e0 destination avec pr\u00e8s de quatre heures de retard.\" loading=\"lazy\" width=\"980\" height=\"573\" decoding=\"async\" data-nimg=\"1\" class=\"img-responsive spinner-show \" style=\"color:transparent;background-size:cover;background-position:50% 50%;background-repeat:no-repeat;background-image:url(&quot;data:image\/svg+xml;charset=utf-8,%3Csvg xmlns='http:\/\/www.w3.org\/2000\/svg' viewBox='0 0 980 573'%3E%3Cfilter id='b' color-interpolation-filters='sRGB'%3E%3CfeGaussianBlur stdDeviation='20'\/%3E%3CfeColorMatrix values='1 0 0 0 0 0 1 0 0 0 0 0 1 0 0 0 0 0 100 -1' result='s'\/%3E%3CfeFlood x='0' y='0' width='100%25' height='100%25'\/%3E%3CfeComposite operator='out' in='s'\/%3E%3CfeComposite in2='SourceGraphic'\/%3E%3CfeGaussianBlur stdDeviation='20'\/%3E%3C\/filter%3E%3Cimage width='100%25' height='100%25' x='0' y='0' preserveAspectRatio='none' style='filter: url(%23b);' href='https:\/\/images.lanouvellerepublique.fr\/image\/upload\/t_88w\/f_auto\/69526c966cfdac455f8b45f3.jpg'\/%3E%3C\/svg%3E&quot;)\"   src=\"https:\/\/www.europesays.com\/fr\/wp-content\/uploads\/2025\/12\/69526c966cfdac455f8b45f3.jpg\"\/><\/p>\n<p style=\"background-color:#F2F2F2;padding:5px;margin-top:0px;margin-bottom:10px\">Les passagers sont arriv\u00e9s \u00e0 destination avec pr\u00e8s de quatre heures de retard.<br \/> \u00a9 (Photo NR-CP, L\u00e9a Aubrit)<\/p>\n<p>Pas de remboursement\u00a0?<\/p>\n<p>Par contre, elle sait d\u00e9j\u00e0 qu\u2019elle ne pourra pas se faire rembourser les billets d\u2019avion, \u00ab\u00a0parce que c\u2019est un \u00e9v\u00e9nement climatique ind\u00e9pendant de la volont\u00e9 de la compagnie\u00a0\u00bb. Et pour sa r\u00e9servation au restaurant au Futuroscope \u00e0 midi, elle croisait les doigts, se r\u00e9jouissant quand m\u00eame du s\u00e9jour de quatre jours pr\u00e9vu dans la Vienne. Avec un retour vers Lyon vendredi.<\/p>\n<p>La ligne Poitiers-Lyon, <a target=\"_self\" href=\"https:\/\/www.lanouvellerepublique.fr\/poitiers\/premier-vol-poitiers-lyon-faible-frequentation-pour-un-decollage-en-douceur-1760727599\" rel=\"noopener\">inaugur\u00e9e en octobre dernier par la compagnie a\u00e9rienne Volotea<\/a>, apr\u00e8s avoir \u00e9t\u00e9 arr\u00eat\u00e9e en 2023, propose <a target=\"_self\" href=\"https:\/\/www.lanouvellerepublique.fr\/vienne\/commune\/biard\/aeroport-de-biard-la-ligne-poitiers-lyon-reprend-du-service-avec-un-premier-vol-vendredi-17-octobre-1756811711\" rel=\"noopener\">deux allers-retours par semaine<\/a>, les lundi et vendredi. Ce 29\u00a0d\u00e9cembre, le vol en provenance de Lyon devait atterrir \u00e0 8\u00a0h et repartir charg\u00e9 de Poitevins vers la capitale des Gaules trente minutes plus tard, pour une arriv\u00e9e \u00e0 9\u00a0h\u00a025.<\/p>\n<p>(1) Scrut\u00e9 par un lecteur qui a alert\u00e9 notre r\u00e9daction de cette anomalie.<\/p>\n","protected":false},"excerpt":{"rendered":"L\u2019airbus A320 a tourn\u00e9 pendant pr\u00e8s de trente minutes au-dessus de Poitiers, ce 29\u00a0d\u00e9cembre 2025, avant de tenter&hellip;\n","protected":false},"author":2,"featured_media":627689,"comment_status":"","ping_status":"","sticky":false,"template":"","format":"standard","meta":{"footnotes":""},"categories":[2817],"tags":[1392,1111,11,35798,49667,1997,1777,674,274,1011,27,12,2219,1653,25,800,1584],"class_list":{"0":"post-627688","1":"post","2":"type-post","3":"status-publish","4":"format-standard","5":"has-post-thumbnail","7":"category-bordeaux","8":"tag-a-la-une-local","9":"tag-actu","10":"tag-actualites","11":"tag-aeroports","12":"tag-biard","13":"tag-bordeaux","14":"tag-eu","15":"tag-europe","16":"tag-faits-divers-justice","17":"tag-fr","18":"tag-france","19":"tag-news","20":"tag-nouvelle-aquitaine","21":"tag-poitiers","22":"tag-republique-francaise","23":"tag-transports","24":"tag-vienne"},"share_on_mastodon":{"url":"https:\/\/pubeurope.com\/@fr\/115803158374483745","error":""},"_links":{"self":[{"href":"https:\/\/www.europesays.com\/fr\/wp-json\/wp\/v2\/posts\/627688","targetHints":{"allow":["GET"]}}],"collection":[{"href":"https:\/\/www.europesays.com\/fr\/wp-json\/wp\/v2\/posts"}],"about":[{"href":"https:\/\/www.europesays.com\/fr\/wp-json\/wp\/v2\/types\/post"}],"author":[{"embeddable":true,"href":"https:\/\/www.europesays.com\/fr\/wp-json\/wp\/v2\/users\/2"}],"replies":[{"embeddable":true,"href":"https:\/\/www.europesays.com\/fr\/wp-json\/wp\/v2\/comments?post=627688"}],"version-history":[{"count":0,"href":"https:\/\/www.europesays.com\/fr\/wp-json\/wp\/v2\/posts\/627688\/revisions"}],"wp:featuredmedia":[{"embeddable":true,"href":"https:\/\/www.europesays.com\/fr\/wp-json\/wp\/v2\/media\/627689"}],"wp:attachment":[{"href":"https:\/\/www.europesays.com\/fr\/wp-json\/wp\/v2\/media?parent=627688"}],"wp:term":[{"taxonomy":"category","embeddable":true,"href":"https:\/\/www.europesays.com\/fr\/wp-json\/wp\/v2\/categories?post=627688"},{"taxonomy":"post_tag","embeddable":true,"href":"https:\/\/www.europesays.com\/fr\/wp-json\/wp\/v2\/tags?post=627688"}],"curies":[{"name":"wp","href":"https:\/\/api.w.org\/{rel}","templated":true}]}}