{"id":627695,"date":"2025-12-29T13:48:15","date_gmt":"2025-12-29T13:48:15","guid":{"rendered":"https:\/\/www.europesays.com\/fr\/627695\/"},"modified":"2025-12-29T13:48:15","modified_gmt":"2025-12-29T13:48:15","slug":"la-greve-des-eboueurs-se-poursuit-depuis-une-semaine-autour-de-lille-500-000-habitants-concernes","status":"publish","type":"post","link":"https:\/\/www.europesays.com\/fr\/627695\/","title":{"rendered":"la gr\u00e8ve des \u00e9boueurs se poursuit depuis une semaine autour de Lille, 500 000 habitants concern\u00e9s"},"content":{"rendered":"<p class=\"article__intro\">Le mouvement de gr\u00e8ve des \u00e9boueurs de la m\u00e9tropole lilloise se poursuit depuis une semaine. Les n\u00e9gociations semblent au point mort avec la direction de Deverra, en charge du ramassage des d\u00e9chets dans 52 communes du sud de Lille.<\/p>\n<p>\n      La Quotidienne Soci\u00e9t\u00e9\n    <\/p>\n<p>\n      De la vie quotidienne aux grands enjeux, recevez tous les jours les sujets qui font la soci\u00e9t\u00e9 locale, comme la justice, l\u2019\u00e9ducation, la sant\u00e9 et la famille.\n    <\/p>\n<p>    France T\u00e9l\u00e9visions utilise votre adresse e-mail afin de vous envoyer la newsletter \u00ab\u00a0La Quotidienne Soci\u00e9t\u00e9\u00a0\u00bb. Vous pouvez vous d\u00e9sinscrire \u00e0 tout moment via le lien en bas de cette newsletter. <a target=\"_blank\" href=\"https:\/\/www.francetelevisions.fr\/groupe\/confidentialite\/politique-de-confidentialite\/politique-de-confidentialite-de-france-televisions-6503\" rel=\"noopener\">Notre politique de confidentialit\u00e9<\/a><\/p>\n<p>Un mouvement qui dure et un conflit qui s\u2019enlise. <a href=\"https:\/\/france3-regions.franceinfo.fr\/hauts-de-france\/nord-0\/lille\/la-collecte-des-dechets-perturbee-a-48-heures-de-noel-voici-les-communes-concernees-par-une-greve-des-eboueurs-3270281.html\" target=\"_blank\" rel=\"noopener noreferrer nofollow\" data-tooltip-url=\"https:\/\/france3-regions.franceinfo.fr\/hauts-de-france\/nord-0\/lille\/la-collecte-des-dechets-perturbee-a-48-heures-de-noel-voici-les-communes-concernees-par-une-greve-des-eboueurs-3270281.html\">Depuis lundi 22 d\u00e9cembre 2025<\/a>, la grande majorit\u00e9 des \u00e9boueurs de la soci\u00e9t\u00e9\u00a0Deverra\u00a0sont en gr\u00e8ve \u00e0 Lille.<\/p>\n<p>Cons\u00e9quence : les poubelles ne sont plus ou peu ramass\u00e9es dans 52 communes du sud de la\u00a0m\u00e9tropole et les d\u00e9chets commencent \u00e0 s\u2019amonceler sur les trottoirs.\u00a0500 000 habitants sont concern\u00e9s.<\/p>\n<p>\u201c\u00c7a commence \u00e0 devenir compliqu\u00e9\u201d, d\u00e9plore un riverain rencontr\u00e9\u00a0\u00e0 Loos (Nord)\u00a0ce 29 d\u00e9cembre, soit une semaine apr\u00e8s le d\u00e9but du mouvement social.\u00a0\u201cNos poubelles sont pleines et ils ne les ramassent pas.\u00a0\u00c7a commence \u00e0 devenir un peu le bazar\u201d. Bazar et syst\u00e8me D, alors que la gr\u00e8ve intervient\u00a0eu moment des f\u00eates de No\u00ebl, en pleine p\u00e9riode de vacances scolaires.<\/p>\n<\/p>\n<p>\u201cJe laisse mes sacs dans ma cour en attendant qu\u2019ils passent\u201d, t\u00e9moigne une autre habitante.\u00a0Elle dit toutefois \u201ccomprendre\u201d et \u201csoutenir\u201d les gr\u00e9vistes.\u00a0Moins jeter, compacter, et condenser,\u00a0en attendant la reprise des collectes.\u00a0\u201cOn essaie de moins mettre dehors pour \u00e9viter les bestioles, les rats etc. Mais pendant les f\u00eates,\u00a0c\u2019est\u00a0l\u00e0\u00a0qu&rsquo;on jette le plus,\u00a0raconte une riveraine\u00a0de Fives, quartier lillois \u00e9galement concern\u00e9.\u00a0M\u00eame si on peut comprendre leurs revendications, c\u2019est une question d\u2019hygi\u00e8ne pour nous particuliers\u201d.<\/p>\n<p>Des craintes bien comprises par les salari\u00e9s en gr\u00e8ve. Devant le d\u00e9p\u00f4t de Sequedin (Nord) ce lundi 29 d\u00e9cembre, le feu br\u00fble toujours. Une \u00e9paisse fum\u00e9e noire, et des dizaines d\u2019agents mobilis\u00e9s, camion de la CGT en prime.<\/p>\n<p>\u201cLes discussions ont \u00e9t\u00e9 \u00e9cart\u00e9es, d\u00e9plore Samuel Gaillard, repr\u00e9sentant de la CGT chez\u00a0Deverra.\u00a0Il y a eu quelques \u00e9changes\u00a0et une r\u00e9elle avanc\u00e9e, la fin du\u00a0monoripage.\u00a0Mais c\u2019est largement insuffisant par rapport\u00a0\u00e0 nos conditions de travail et \u00e0 ce qu\u2019on\u00a0r\u00e9clame\u201d.\u00a0Parmi leurs revendications, une prime de 600 euros et la\u00a0restauration\u00a0du \u201cfini-quitte\u201d,\u00a0permettant aux salari\u00e9s de quitter leur poste une fois leur tourn\u00e9e termin\u00e9e.<\/p>\n<p>Selon le repr\u00e9sentant du personnel, les tourn\u00e9es sont \u201cde plus en plus longues\u201d pour un salaire identique. \u201cOn nous rajoute des rues, il y a des r\u00e9organisations. Depuis 2022, des camions disparaissent et on se retrouve 3 ans apr\u00e8s avec une dizaine de camions en moins pour l\u2019ensemble des tourn\u00e9es et des communes \u00e0 collecter\u201d, d\u00e9crit Samuel Gaillard.<\/p>\n<p>Les salari\u00e9s esp\u00e8rent une r\u00e9union avec la direction du groupe\u00a0Deverra, bas\u00e9e \u00e0 Draguignan dans le Var. En attendant,\u00a0\u201cil n\u2019est pas question de lever le pr\u00e9avis\u201d, r\u00e9sume-t-il.\u00a0De son c\u00f4t\u00e9, l\u2019entreprise tente de mettre en place un service minimum de collecte.<\/p>\n","protected":false},"excerpt":{"rendered":"Le mouvement de gr\u00e8ve des \u00e9boueurs de la m\u00e9tropole lilloise se poursuit depuis une semaine. Les n\u00e9gociations semblent&hellip;\n","protected":false},"author":2,"featured_media":627696,"comment_status":"","ping_status":"","sticky":false,"template":"","format":"standard","meta":{"footnotes":""},"categories":[2815],"tags":[1111,11,1777,674,1011,27,811,1307,12,25],"class_list":{"0":"post-627695","1":"post","2":"type-post","3":"status-publish","4":"format-standard","5":"has-post-thumbnail","7":"category-lille","8":"tag-actu","9":"tag-actualites","10":"tag-eu","11":"tag-europe","12":"tag-fr","13":"tag-france","14":"tag-hauts-de-france","15":"tag-lille","16":"tag-news","17":"tag-republique-francaise"},"share_on_mastodon":{"url":"https:\/\/pubeurope.com\/@fr\/115803173954282477","error":""},"_links":{"self":[{"href":"https:\/\/www.europesays.com\/fr\/wp-json\/wp\/v2\/posts\/627695","targetHints":{"allow":["GET"]}}],"collection":[{"href":"https:\/\/www.europesays.com\/fr\/wp-json\/wp\/v2\/posts"}],"about":[{"href":"https:\/\/www.europesays.com\/fr\/wp-json\/wp\/v2\/types\/post"}],"author":[{"embeddable":true,"href":"https:\/\/www.europesays.com\/fr\/wp-json\/wp\/v2\/users\/2"}],"replies":[{"embeddable":true,"href":"https:\/\/www.europesays.com\/fr\/wp-json\/wp\/v2\/comments?post=627695"}],"version-history":[{"count":0,"href":"https:\/\/www.europesays.com\/fr\/wp-json\/wp\/v2\/posts\/627695\/revisions"}],"wp:featuredmedia":[{"embeddable":true,"href":"https:\/\/www.europesays.com\/fr\/wp-json\/wp\/v2\/media\/627696"}],"wp:attachment":[{"href":"https:\/\/www.europesays.com\/fr\/wp-json\/wp\/v2\/media?parent=627695"}],"wp:term":[{"taxonomy":"category","embeddable":true,"href":"https:\/\/www.europesays.com\/fr\/wp-json\/wp\/v2\/categories?post=627695"},{"taxonomy":"post_tag","embeddable":true,"href":"https:\/\/www.europesays.com\/fr\/wp-json\/wp\/v2\/tags?post=627695"}],"curies":[{"name":"wp","href":"https:\/\/api.w.org\/{rel}","templated":true}]}}