{"id":627699,"date":"2025-12-29T13:50:16","date_gmt":"2025-12-29T13:50:16","guid":{"rendered":"https:\/\/www.europesays.com\/fr\/627699\/"},"modified":"2025-12-29T13:50:16","modified_gmt":"2025-12-29T13:50:16","slug":"saibari-a-marseille-la-signature-repoussee","status":"publish","type":"post","link":"https:\/\/www.europesays.com\/fr\/627699\/","title":{"rendered":"Saibari \u00e0 Marseille, la signature repouss\u00e9e"},"content":{"rendered":"<p><b>L\u2019Olympique de Marseille est \u00e0 la recherche d\u2019un num\u00e9ro 10<br \/>\ncet hiver sur le <a href=\"https:\/\/www.foot01.com\/mercato\" title=\"Mercato\" target=\"_blank\" rel=\"noopener\">mercato<\/a>. La piste Ismael Saibari s&rsquo;\u00e9loigne, du moins concernant<br \/>\nle mois de janvier. <\/b>Apr\u00e8s un exercice 2024\/2025 solide (15 buts et 14 passes<br \/>\nd\u00e9cisives), Ismael Saibari est parti sur la m\u00eame lanc\u00e9e cette saison. En 23<br \/>\nmatchs toutes comp\u00e9titions confondues, le Marocain a inscrit 11 buts et d\u00e9livr\u00e9<br \/>\nquatre passes d\u00e9cisives. Cela attire le regard des clubs europ\u00e9ens. \u00c0 24 ans,<br \/>\nl\u2019international marocain (21 s\u00e9lections) pourrait quitter le PSV Eindhoven pour<br \/>\nse lancer un nouveau d\u00e9fi. Le mois dernier AfricaFoot a d\u00e9voil\u00e9 que sept clubs<br \/>\ndont cinq de Premier League suivent de pr\u00e8s l\u2019ancien joueur de Genk. Le<br \/>\nBenfica et l\u2019<a href=\"https:\/\/www.foot01.com\/marseille\" target=\"_self\" rel=\"noopener\">Olympique de Marseille<\/a> veulent \u00e9galement recruter le joueur de 24<br \/>\nans. L\u2019OM a d\u00e9j\u00e0 sond\u00e9 le joueur l\u2019\u00e9t\u00e9 dernier. Mais Ismael Saibari veut<br \/>\nattendre la Coupe du monde 2026 pour fixer son avenir en club.Saibari attend la Coupe du monde<\/p>\n<p>Initialement l\u2019Olympique de Marseille aurait \u00e9t\u00e9 int\u00e9ress\u00e9<br \/>\npour passer \u00e0 l&rsquo;offensive cet hiver concernant le Marocain. Mais, le milieu<br \/>\noffensif du PSV Eindhoven est actuellement \u00e0 la Coupe d\u2019Afrique des Nations<br \/>\navec le Maroc. Le journaliste Hakim Zakos a d\u00e9voil\u00e9 sur X (anciennement<br \/>\nTwitter) que l\u2019OM va donc patienter cet \u00e9t\u00e9 pour tenter de le faire venir.<br \/>\nSaibari poss\u00e8de le profil recherch\u00e9 par Pablo Longoria. Le Marocain peut<br \/>\n\u00e9voluer au poste de num\u00e9ro 10, mais \u00e9galement un cran en dessous ou sur un c\u00f4t\u00e9.<\/p>\n<p>\u00c9l\u00e9ment fort du PSV Eindhoven, le natif de Terrassa en Espagne est sous contrat<br \/>\njusqu\u2019en 2029. Il est \u00e9valu\u00e9 \u00e0 32 millions d\u2019euros sur Transfermarkt. Un co\u00fbt<br \/>\nnon n\u00e9gligeable pour l\u2019OM. En attendant, la formation de Roberto de Zerbi va<br \/>\npeut-\u00eatre tenter un coup plus abordable financi\u00e8rement en la personne d\u2019Himad<br \/>\nAbdelli. L\u2019Alg\u00e9rien est en fin de contrat avec le SCO Angers.<\/p>\n<p><img decoding=\"async\" src=\"https:\/\/www.europesays.com\/fr\/wp-content\/uploads\/2025\/12\/37317434.png\" alt=\"I. Saibari Ben El Basra\" class=\"w-16 h-16 object-cover rounded-full\"\/><\/p>\n<p>I. Saibari Ben El Basra<\/p>\n<p><img decoding=\"async\" src=\"https:\/\/www.europesays.com\/fr\/wp-content\/uploads\/2025\/10\/es.png\" alt=\"Spain\" class=\"w-6 h-4 object-cover\"\/>Espagne \u2022 \u00c2ge 24 \u2022 Milieu<\/p>\n","protected":false},"excerpt":{"rendered":"L\u2019Olympique de Marseille est \u00e0 la recherche d\u2019un num\u00e9ro 10 cet hiver sur le mercato. La piste Ismael&hellip;\n","protected":false},"author":2,"featured_media":627700,"comment_status":"","ping_status":"","sticky":false,"template":"","format":"standard","meta":{"footnotes":""},"categories":[2814],"tags":[1111,11,1777,674,1011,27,66,884,1434,12,149,882,25],"class_list":{"0":"post-627699","1":"post","2":"type-post","3":"status-publish","4":"format-standard","5":"has-post-thumbnail","7":"category-marseille","8":"tag-actu","9":"tag-actualites","10":"tag-eu","11":"tag-europe","12":"tag-fr","13":"tag-france","14":"tag-ligue-1","15":"tag-marseille","16":"tag-mercato","17":"tag-news","18":"tag-om","19":"tag-provence-alpes-cote-dazur","20":"tag-republique-francaise"},"share_on_mastodon":{"url":"https:\/\/pubeurope.com\/@fr\/115803181926133240","error":""},"_links":{"self":[{"href":"https:\/\/www.europesays.com\/fr\/wp-json\/wp\/v2\/posts\/627699","targetHints":{"allow":["GET"]}}],"collection":[{"href":"https:\/\/www.europesays.com\/fr\/wp-json\/wp\/v2\/posts"}],"about":[{"href":"https:\/\/www.europesays.com\/fr\/wp-json\/wp\/v2\/types\/post"}],"author":[{"embeddable":true,"href":"https:\/\/www.europesays.com\/fr\/wp-json\/wp\/v2\/users\/2"}],"replies":[{"embeddable":true,"href":"https:\/\/www.europesays.com\/fr\/wp-json\/wp\/v2\/comments?post=627699"}],"version-history":[{"count":0,"href":"https:\/\/www.europesays.com\/fr\/wp-json\/wp\/v2\/posts\/627699\/revisions"}],"wp:featuredmedia":[{"embeddable":true,"href":"https:\/\/www.europesays.com\/fr\/wp-json\/wp\/v2\/media\/627700"}],"wp:attachment":[{"href":"https:\/\/www.europesays.com\/fr\/wp-json\/wp\/v2\/media?parent=627699"}],"wp:term":[{"taxonomy":"category","embeddable":true,"href":"https:\/\/www.europesays.com\/fr\/wp-json\/wp\/v2\/categories?post=627699"},{"taxonomy":"post_tag","embeddable":true,"href":"https:\/\/www.europesays.com\/fr\/wp-json\/wp\/v2\/tags?post=627699"}],"curies":[{"name":"wp","href":"https:\/\/api.w.org\/{rel}","templated":true}]}}