{"id":627701,"date":"2025-12-29T13:51:15","date_gmt":"2025-12-29T13:51:15","guid":{"rendered":"https:\/\/www.europesays.com\/fr\/627701\/"},"modified":"2025-12-29T13:51:15","modified_gmt":"2025-12-29T13:51:15","slug":"metropole-de-lyon-que-faire-de-son-sapin-apres-les-fetes","status":"publish","type":"post","link":"https:\/\/www.europesays.com\/fr\/627701\/","title":{"rendered":"M\u00e9tropole de Lyon : que faire de son sapin apr\u00e8s les f\u00eates ?\u00a0"},"content":{"rendered":"<p>No\u00ebl pass\u00e9, leurs \u00e9pines commencent \u00e0 tomber&#8230; La m\u00e9tropole de Lyon collecte votre sapin de No\u00ebl afin de lui offrir une seconde vie.<\/p>\n<p>Pas question de les abandonner sur le trottoir&#8230; La m\u00e9tropole de Lyon organise une collecte de sapins de No\u00ebl afin de les valoriser.<\/p>\n<p>Pr\u00e8s de 200 points de collecte<\/p>\n<p><b>Du 5 au 17 janvier 2026<\/b>, la M\u00e9tropole de Lyon met en place <a class=\"url\" href=\"https:\/\/www.grandlyon.com\/mes-services-au-quotidien\/gerer-ses-dechets\/jeter-son-sapin-de-noel\" target=\"_blank\" rel=\"noopener\">189 points de collecte<\/a> des sapins de No\u00ebl sur l&rsquo;ensemble de son territoire.<br \/>Ces sapins seront broy\u00e9s puis utilis\u00e9s en compost ou en paillage. <\/p>\n<p><b>Sont accept\u00e9s<\/b> :\u00a0<br \/>&#8211; Les sapins naturels avec ou sans socle en bois (croix, buchette\u2026).<br \/>&#8211; Les sacs \u00ab\u00a0Handicap International\u00a0\u00bb.<br \/>&#8211; Les sacs bruns clairs \u00e0 amidon de ma\u00efs.<br \/>&#8211; Les sacs compostables \u00ab\u00a0Ok Compost\u00a0\u00bb.<\/p>\n<p><b>Ne sont pas accept\u00e9s<\/b> :\u00a0<br \/>&#8211; Tous les autres sacs (ex : sacs en plastique type sacs poubelle).<br \/>&#8211; Les sapins en plastique.<br \/>&#8211; Les sapins naturels floqu\u00e9s.<br \/>&#8211; Les guirlandes et autres d\u00e9corations.<br \/>&#8211; Les pots en plastique ou en terre.<\/p>\n<p>Les sapins peuvent aussi \u00eatre d\u00e9pos\u00e9s dans l&rsquo;une des 19 d\u00e9ch\u00e8teries de la m\u00e9tropole de Lyon.<\/p>\n<p><\/p>\n","protected":false},"excerpt":{"rendered":"No\u00ebl pass\u00e9, leurs \u00e9pines commencent \u00e0 tomber&#8230; La m\u00e9tropole de Lyon collecte votre sapin de No\u00ebl afin de&hellip;\n","protected":false},"author":2,"featured_media":627530,"comment_status":"","ping_status":"","sticky":false,"template":"","format":"standard","meta":{"footnotes":""},"categories":[1889],"tags":[1111,11,2430,10957,1777,674,1011,27,2428,10958,12,15830,73714,73713,25,63446],"class_list":{"0":"post-627701","1":"post","2":"type-post","3":"status-publish","4":"format-standard","5":"has-post-thumbnail","7":"category-lyon","8":"tag-actu","9":"tag-actualites","10":"tag-auvergne-rhone-alpes","11":"tag-collecte","12":"tag-eu","13":"tag-europe","14":"tag-fr","15":"tag-france","16":"tag-lyon","17":"tag-mtropole","18":"tag-news","19":"tag-noel","20":"tag-points-de-collecte","21":"tag-recycl","22":"tag-republique-francaise","23":"tag-sapin"},"share_on_mastodon":{"url":"https:\/\/pubeurope.com\/@fr\/115803185768937690","error":""},"_links":{"self":[{"href":"https:\/\/www.europesays.com\/fr\/wp-json\/wp\/v2\/posts\/627701","targetHints":{"allow":["GET"]}}],"collection":[{"href":"https:\/\/www.europesays.com\/fr\/wp-json\/wp\/v2\/posts"}],"about":[{"href":"https:\/\/www.europesays.com\/fr\/wp-json\/wp\/v2\/types\/post"}],"author":[{"embeddable":true,"href":"https:\/\/www.europesays.com\/fr\/wp-json\/wp\/v2\/users\/2"}],"replies":[{"embeddable":true,"href":"https:\/\/www.europesays.com\/fr\/wp-json\/wp\/v2\/comments?post=627701"}],"version-history":[{"count":0,"href":"https:\/\/www.europesays.com\/fr\/wp-json\/wp\/v2\/posts\/627701\/revisions"}],"wp:featuredmedia":[{"embeddable":true,"href":"https:\/\/www.europesays.com\/fr\/wp-json\/wp\/v2\/media\/627530"}],"wp:attachment":[{"href":"https:\/\/www.europesays.com\/fr\/wp-json\/wp\/v2\/media?parent=627701"}],"wp:term":[{"taxonomy":"category","embeddable":true,"href":"https:\/\/www.europesays.com\/fr\/wp-json\/wp\/v2\/categories?post=627701"},{"taxonomy":"post_tag","embeddable":true,"href":"https:\/\/www.europesays.com\/fr\/wp-json\/wp\/v2\/tags?post=627701"}],"curies":[{"name":"wp","href":"https:\/\/api.w.org\/{rel}","templated":true}]}}