{"id":627704,"date":"2025-12-29T13:54:13","date_gmt":"2025-12-29T13:54:13","guid":{"rendered":"https:\/\/www.europesays.com\/fr\/627704\/"},"modified":"2025-12-29T13:54:13","modified_gmt":"2025-12-29T13:54:13","slug":"lile-de-la-tentation-2026-decouvrez-quand-sera-diffusee-la-prochaine-saison-sur-w9","status":"publish","type":"post","link":"https:\/\/www.europesays.com\/fr\/627704\/","title":{"rendered":"L&rsquo;\u00eele de la tentation 2026 : D\u00e9couvrez quand sera diffus\u00e9e la prochaine saison sur W9 !"},"content":{"rendered":"<p>Ce lundi 29 d\u00e9cembre 2025, la cha\u00eene W9 a officialis\u00e9 la date de lancement de la saison 4 de son programme le plus sulfureux, anim\u00e9 par Delphine Wespiser : L&rsquo;\u00eele de la tentation.<\/p>\n<p>Les nouveaux couples r\u00e9sisteront-ils aux tentateurs et tentatrices ? Forte de son succ\u00e8s l&rsquo;an pass\u00e9, l&rsquo;\u00e9mission avait \u00e9t\u00e9 suivie par 454\u00a0000 t\u00e9l\u00e9spectateurs en moyenne chaque soir\u00e9e pour une part d&rsquo;audience de 2,4\u00a0%, <b>L&rsquo;\u00eele de la tentation<\/b><b> revient pour une saison 4 sur W9 &#8211; <\/b>la douzi\u00e8me depuis le lancement de l&rsquo;\u00e9mission sur TF1 &#8211; toujours anim\u00e9e par Delphine Wespiser. Pour rappel, dans ce programme n\u00e9 en 2002 sur TF1, cinq couples vont tester leur solidit\u00e9 dans une destination paradisiaque pendant 16 jours. \u00c0 leurs c\u00f4t\u00e9s, dix s\u00e9ducteurs et dix s\u00e9ductrices, tous c\u00e9libataires, bien d\u00e9termin\u00e9s \u00e0 les faire craquer !<\/p>\n<p>L&rsquo;ann\u00e9e derni\u00e8re, <a href=\"https:\/\/www.programme-tv.net\/news\/tele-realite\/374212-l-ile-de-la-tentation-quels-couples-sont-repartis-ensemble-quels-candidats-se-sont-separes-on-fait-le-bilan\/\" data-api-deeplink=\"teleloisirs:\/\/news\/374212\" target=\"_blank\" rel=\"noopener\">le bilan de L&rsquo;\u00eele de la tentation avait \u00e9t\u00e9 plus que&#8230; mitig\u00e9 !<\/a> Si <b>trois couples avaient r\u00e9ussi \u00e0 r\u00e9sister au fruit d\u00e9fendu<\/b>, l&rsquo;animatrice Delphine Wespiser avait assist\u00e9 au d\u00e9chirement de deux duos : <a href=\"https:\/\/www.programme-tv.net\/news\/tele-realite\/374246-l-ile-de-la-tentation-pourquoi-julian-n-a-pas-ete-convie-au-bilan-avec-cory-par-la-production\/\" data-api-deeplink=\"teleloisirs:\/\/news\/374246\" target=\"_blank\" rel=\"noopener\">Cory et Julian, ensemble depuis sept mois<\/a>, mais surtout Julie et Arnaud, <a href=\"https:\/\/www.programme-tv.net\/news\/tele-realite\/374323-nous-n-avons-plus-eu-de-contact-arnaud-l-ile-de-la-tentation-devoile-la-nature-de-sa-relation-avec-julie\/\" data-api-deeplink=\"teleloisirs:\/\/news\/374323\" target=\"_blank\" rel=\"noopener\">qui ont fait voler en \u00e9clat cinq ans de relation<\/a> \u00e0 l&rsquo;issue des dix semaines de diffusion. Les candidats de cette ann\u00e9e r\u00e9ussiront-ils \u00e0 ne pas c\u00e9der \u00e0 la tentation ?<\/p>\n<p>                        L&rsquo;\u00eele de la tentation 2026 : Une nouvelle m\u00e9canique fait son apparition dans la t\u00e9l\u00e9-r\u00e9alit\u00e9 de W9<\/p>\n<p>D&rsquo;autant que cette ann\u00e9e, <b>une nouvelle r\u00e8gle vient quelque peu bouleverser l&rsquo;aventure<\/b> diffus\u00e9e sur W9. Comme l&rsquo;avait r\u00e9v\u00e9l\u00e9 Delphine Wespiser en novembre dernier, l&rsquo;\u00e9cran live fait son arriv\u00e9e dans L&rsquo;\u00eele de la tentation. Une fonctionnalit\u00e9 d\u00e9j\u00e0 pr\u00e9sente dans d&rsquo;autres versions \u00e9trang\u00e8res du programme \u2013\u00a0comme en Espagne, qui avait permis \u00e0 un certain Montoya de faire le buzz sur les r\u00e9seaux sociaux en f\u00e9vrier dernier\u00a0\u2013, <b>qui <\/b><b>\u00ab\u00a0permet \u00e0 une plage de d\u00e9couvrir en direct des images de leur conjoint\u00a0\u00bb.<\/b> \u00ab\u00a0Je ne vous en dis vraiment pas plus. En tout cas, je peux vous dire une chose encore. En arrivant ici, ils se posent des questions, et en repartant, ils sauront\u00a0\u00bb, avait alors indiqu\u00e9 Delphine Wespiser.<\/p>\n<p>Pour d\u00e9couvrir cette nouvelle saison de L&rsquo;\u00eele de la tentation, qui s&rsquo;annonce d\u00e9j\u00e0 plus piment\u00e9e que jamais, l&rsquo;attente ne devrait plus \u00eatre tr\u00e8s longue ! Rendez-vous le mardi 20 janvier 2026, \u00e0 21h25 sur W9, pour retrouver Delphine Wespiser et faire la rencontre des cinq couples qui mettront leur amour \u00e0 l&rsquo;\u00e9preuve face \u00e0 dix tentateurs et dix tentatrices !<\/p>\n","protected":false},"excerpt":{"rendered":"Ce lundi 29 d\u00e9cembre 2025, la cha\u00eene W9 a officialis\u00e9 la date de lancement de la saison 4&hellip;\n","protected":false},"author":2,"featured_media":627705,"comment_status":"","ping_status":"","sticky":false,"template":"","format":"standard","meta":{"footnotes":""},"categories":[1592],"tags":[1111,11,244,73715,33841,1777,674,10063,1011,27,662,2173,73716,12,626,25,12663,12661,2395],"class_list":{"0":"post-627704","1":"post","2":"type-post","3":"status-publish","4":"format-standard","5":"has-post-thumbnail","7":"category-ile-de-france","8":"tag-actu","9":"tag-actualites","10":"tag-commentaire","11":"tag-delphine-wespirer","12":"tag-delphine-wespiser","13":"tag-eu","14":"tag-europe","15":"tag-fact-checking","16":"tag-fr","17":"tag-france","18":"tag-ile-de-france","19":"tag-interview","20":"tag-lu00eele-de-la-tentation","21":"tag-news","22":"tag-paris","23":"tag-republique-francaise","24":"tag-tl","25":"tag-tm","26":"tag-w9"},"share_on_mastodon":{"url":"https:\/\/pubeurope.com\/@fr\/115803197516670458","error":""},"_links":{"self":[{"href":"https:\/\/www.europesays.com\/fr\/wp-json\/wp\/v2\/posts\/627704","targetHints":{"allow":["GET"]}}],"collection":[{"href":"https:\/\/www.europesays.com\/fr\/wp-json\/wp\/v2\/posts"}],"about":[{"href":"https:\/\/www.europesays.com\/fr\/wp-json\/wp\/v2\/types\/post"}],"author":[{"embeddable":true,"href":"https:\/\/www.europesays.com\/fr\/wp-json\/wp\/v2\/users\/2"}],"replies":[{"embeddable":true,"href":"https:\/\/www.europesays.com\/fr\/wp-json\/wp\/v2\/comments?post=627704"}],"version-history":[{"count":0,"href":"https:\/\/www.europesays.com\/fr\/wp-json\/wp\/v2\/posts\/627704\/revisions"}],"wp:featuredmedia":[{"embeddable":true,"href":"https:\/\/www.europesays.com\/fr\/wp-json\/wp\/v2\/media\/627705"}],"wp:attachment":[{"href":"https:\/\/www.europesays.com\/fr\/wp-json\/wp\/v2\/media?parent=627704"}],"wp:term":[{"taxonomy":"category","embeddable":true,"href":"https:\/\/www.europesays.com\/fr\/wp-json\/wp\/v2\/categories?post=627704"},{"taxonomy":"post_tag","embeddable":true,"href":"https:\/\/www.europesays.com\/fr\/wp-json\/wp\/v2\/tags?post=627704"}],"curies":[{"name":"wp","href":"https:\/\/api.w.org\/{rel}","templated":true}]}}