{"id":627706,"date":"2025-12-29T13:55:12","date_gmt":"2025-12-29T13:55:12","guid":{"rendered":"https:\/\/www.europesays.com\/fr\/627706\/"},"modified":"2025-12-29T13:55:12","modified_gmt":"2025-12-29T13:55:12","slug":"un-homme-de-72-ans-retrouve-mort-de-froid-pres-dun-hotel-a-paris","status":"publish","type":"post","link":"https:\/\/www.europesays.com\/fr\/627706\/","title":{"rendered":"Un homme de 72 ans retrouv\u00e9 mort de froid pr\u00e8s d&rsquo;un h\u00f4tel \u00e0 Paris"},"content":{"rendered":"<p>                    Par<br \/>\n        <strong><br \/>\n            <a href=\"https:\/\/actu.fr\/auteur\/antoine-blanchet\" title=\"Consulter tous les articles de Antoine Blanchet\" target=\"_blank\" rel=\"noopener\">Antoine Blanchet<\/a><br \/>\n                    <\/strong><\/p>\n<p>        Publi\u00e9 le<\/p>\n<p>            29 d\u00e9c. 2025 \u00e0 14h19        <\/p>\n<p>Un drame li\u00e9 au froid\u2009? Dimanche 28 d\u00e9cembre 2025,<strong> un homme de 72\u00a0ans a \u00e9t\u00e9 retrouv\u00e9 mort<\/strong> dans la rue \u00e0 <a href=\"https:\/\/actu.fr\/paris\/\" target=\"_blank\" rel=\"noopener\">Paris<\/a>, nous indique le parquet confirmant une information du <a href=\"https:\/\/www.leparisien.fr\/faits-divers\/paris-un-corps-retrouve-dans-le-xviie-arrondissement-lhomme-probablement-mort-de-froid-29-12-2025-QCBC5RGSR5GOPOSZI4VQYJGA5A.php\" target=\"_blank\" rel=\"noopener\">Parisien<\/a>. Une enqu\u00eate a \u00e9t\u00e9 ouverte en recherche des causes de la mort.<\/p>\n<p>L\u2019homme h\u00e9berg\u00e9 dans un foyer Emma\u00fcs<\/p>\n<p class=\" wall-content\">C\u2019est vers 18h qu\u2019un homme a d\u00e9couvert le corps sans vie au niveau du <strong>boulevard Berthier<\/strong> dans le 17e arrondissement, et a alert\u00e9 l\u2019employ\u00e9 d\u2019un h\u00f4tel situ\u00e9 non loin. Selon le visionnage des images de la vid\u00e9osurveillance, cet homme se trouvait dans la m\u00eame position, inanim\u00e9 au sol, depuis le matin m\u00eame. L\u2019homme d\u00e9c\u00e9d\u00e9 a \u00e9t\u00e9 identifi\u00e9 par le responsable d\u2019un foyer Emma\u00fcs voisin o\u00f9 il \u00e9tait h\u00e9berg\u00e9, a pr\u00e9cis\u00e9 la source polici\u00e8re.<\/p>\n<p>Le plan grand froid d\u00e9clench\u00e9<\/p>\n<p class=\" wall-content\">La pr\u00e9fecture d\u2019Ile-de-France a annonc\u00e9 dimanche avoir activ\u00e9 le <a href=\"https:\/\/actu.fr\/ile-de-france\/paris_75056\/meteo-glaciale-le-plan-grand-froid-active-a-paris-et-en-ile-de-france-pour-proteger-les-sans-abri_63628994.html\" target=\"_blank\" rel=\"noopener\">plan grand froid<\/a> \u00e0 Paris, o\u00f9 une vague de froid doit persister ces prochains jours, avec des temp\u00e9ratures parfois n\u00e9gatives la nuit et ne d\u00e9passant pas 4\u00b0 la journ\u00e9e. Ce dispositif, d\u00e9clench\u00e9 par plusieurs pr\u00e9fectures en France, permet <strong>une extension des horaires d\u2019ouverture des accueils de jour<\/strong>, un renforcement des maraudes et la r\u00e9quisition de lieux pour ouvrir des places d\u2019h\u00e9bergement d\u2019urgence pour les sans-abri.<\/p>\n<p class=\" wall-content\">Personnalisez votre actualit\u00e9 en ajoutant vos villes et m\u00e9dias en favori avec <a href=\"https:\/\/moncompte.actu.fr\" title=\"D\u00e9couvez Mon Actu\" rel=\"nofollow noopener\" data-trk=\"{&quot;cta&quot;:{&quot;action&quot;:&quot;https:\\\/\\\/moncompte.actu.fr&quot;,&quot;category&quot;:&quot;mon compte&quot;,&quot;from&quot;:&quot;article footer&quot;,&quot;name&quot;:&quot;Mon actu&quot;,&quot;type&quot;:&quot;cta&quot;}}\" target=\"_blank\">Mon Actu<\/a>.<\/p>\n","protected":false},"excerpt":{"rendered":"Par Antoine Blanchet Publi\u00e9 le 29 d\u00e9c. 2025 \u00e0 14h19 Un drame li\u00e9 au froid\u2009? Dimanche 28 d\u00e9cembre&hellip;\n","protected":false},"author":2,"featured_media":627707,"comment_status":"","ping_status":"","sticky":false,"template":"","format":"standard","meta":{"footnotes":""},"categories":[1888],"tags":[1111,1928,11,1927,1777,674,118,1011,27,3447,12,1926,626,1925,1072,25],"class_list":{"0":"post-627706","1":"post","2":"type-post","3":"status-publish","4":"format-standard","5":"has-post-thumbnail","7":"category-paris","8":"tag-actu","9":"tag-actu-paris","10":"tag-actualites","11":"tag-actualites-paris","12":"tag-eu","13":"tag-europe","14":"tag-faits-divers","15":"tag-fr","16":"tag-france","17":"tag-froid","18":"tag-news","19":"tag-news-paris","20":"tag-paris","21":"tag-paris-news","22":"tag-police","23":"tag-republique-francaise"},"share_on_mastodon":{"url":"https:\/\/pubeurope.com\/@fr\/115803201438324001","error":""},"_links":{"self":[{"href":"https:\/\/www.europesays.com\/fr\/wp-json\/wp\/v2\/posts\/627706","targetHints":{"allow":["GET"]}}],"collection":[{"href":"https:\/\/www.europesays.com\/fr\/wp-json\/wp\/v2\/posts"}],"about":[{"href":"https:\/\/www.europesays.com\/fr\/wp-json\/wp\/v2\/types\/post"}],"author":[{"embeddable":true,"href":"https:\/\/www.europesays.com\/fr\/wp-json\/wp\/v2\/users\/2"}],"replies":[{"embeddable":true,"href":"https:\/\/www.europesays.com\/fr\/wp-json\/wp\/v2\/comments?post=627706"}],"version-history":[{"count":0,"href":"https:\/\/www.europesays.com\/fr\/wp-json\/wp\/v2\/posts\/627706\/revisions"}],"wp:featuredmedia":[{"embeddable":true,"href":"https:\/\/www.europesays.com\/fr\/wp-json\/wp\/v2\/media\/627707"}],"wp:attachment":[{"href":"https:\/\/www.europesays.com\/fr\/wp-json\/wp\/v2\/media?parent=627706"}],"wp:term":[{"taxonomy":"category","embeddable":true,"href":"https:\/\/www.europesays.com\/fr\/wp-json\/wp\/v2\/categories?post=627706"},{"taxonomy":"post_tag","embeddable":true,"href":"https:\/\/www.europesays.com\/fr\/wp-json\/wp\/v2\/tags?post=627706"}],"curies":[{"name":"wp","href":"https:\/\/api.w.org\/{rel}","templated":true}]}}