{"id":627710,"date":"2025-12-29T13:57:09","date_gmt":"2025-12-29T13:57:09","guid":{"rendered":"https:\/\/www.europesays.com\/fr\/627710\/"},"modified":"2025-12-29T13:57:09","modified_gmt":"2025-12-29T13:57:09","slug":"sncf-une-explosion-entendue-tout-un-hall-evacue-que-sest-il-passe-gare-de-lyon-ce-lundi-a-paris","status":"publish","type":"post","link":"https:\/\/www.europesays.com\/fr\/627710\/","title":{"rendered":"SNCF. Une explosion entendue, tout un hall \u00e9vacu\u00e9&#8230; Que s&rsquo;est-il pass\u00e9 gare de Lyon ce lundi \u00e0 Paris\u00a0?"},"content":{"rendered":"<p>                    Par<br \/>\n        <strong><br \/>\n            <a href=\"https:\/\/actu.fr\/auteur\/dorinegoth\" title=\"Consulter tous les articles de Dorine Goth\" target=\"_blank\" rel=\"noopener\">Dorine Goth<\/a><br \/>\n                    <\/strong><\/p>\n<p>        Publi\u00e9 le<\/p>\n<p>            29 d\u00e9c. 2025 \u00e0 12h48        <\/p>\n<p>Un l\u00e9ger vent de panique et un grand moment de flottement. Une partie de la <strong><a href=\"https:\/\/actu.fr\/tag\/gare-de-lyon\" target=\"_blank\" rel=\"noopener\">gare de Lyon<\/a><\/strong> \u00e0 Paris a \u00e9t\u00e9 <strong>\u00e9vacu\u00e9e,<\/strong> lundi 29\u00a0d\u00e9cembre 2025, apr\u00e8s<strong><a href=\"https:\/\/actu.fr\/ile-de-france\/paris_75056\/reportage-des-obus-aux-colis-suspects-le-quotidien-detonnant-des-demineurs-de-paris_60570951.html\" target=\"_blank\" rel=\"noopener\"> l\u2019explosion dans une valise<\/a>.<\/strong> Celle-ci est intervenue peu avant midi provoquant la <strong>fermeture<\/strong> d\u2019une partie de la gare.<\/p>\n<p>Une bonbonne d\u2019air comprim\u00e9<\/p>\n<p class=\" wall-content\">Si l\u2019inqui\u00e9tude est rapidement mont\u00e9e chez les voyageurs \u00e0 proximit\u00e9, la SNCF se veut rassurante. \u00ab\u2009Il s\u2019agit d\u2019une petite <a href=\"https:\/\/actu.fr\/occitanie\/toulouse_31555\/toulouse-blast-et-effet-missile-une-bonbonne-d-azote-explose-dans-un-incendie-et-blesse-un-pompier_63328953.html\" target=\"_blank\" rel=\"noopener\"><strong>bonbonne d\u2019air comprim\u00e9<\/strong><\/a> utilis\u00e9e en cuisine (pour <a href=\"https:\/\/actu.fr\/hauts-de-france\/comines_59152\/mysoda-l-alternative-plus-ecolo-des-machines-a-soda-s-installe-pres-de-lille_43987207.html\" target=\"_blank\" rel=\"noopener\">l\u2019eau gazeuse<\/a> par exemple) qui \u00e9tait dans une valise et qui a explos\u00e9\u2009\u00bb, indique une porte-parole \u00e0 actu Paris.<\/p>\n<p class=\" wall-content\">Par mesure de s\u00e9curit\u00e9, le hall 1 de la gare a \u00e9t\u00e9 \u00e9vacu\u00e9. \u00ab\u2009Il n\u2019y a aucun d\u00e9g\u00e2t\u2009\u00bb, pr\u00e9cise la <a href=\"https:\/\/actu.fr\/tag\/sncf\" target=\"_blank\" rel=\"noopener\">SNCF<\/a>. Peu apr\u00e8s 12h30, apr\u00e8s une reconnaissance de la part des autorit\u00e9s, le hall s\u2019appr\u00eatait \u00e0 \u00eatre de nouveau ouvert.<\/p>\n<p class=\" wall-content\">L\u2019incident a peu d\u2019impact sur la circulation des trains. Seul le <a href=\"https:\/\/actu.fr\/tag\/ouigo\/page\/2\" target=\"_blank\" rel=\"noopener\">Ouigo<\/a> de 12h26 \u00e0 destination de Lyon Perrache voit son trafic perturber. Selon les pr\u00e9visions, celui-ci pourrait avoir un retard de 50\u00a0minutes.<\/p>\n<p class=\" wall-content\">Personnalisez votre actualit\u00e9 en ajoutant vos villes et m\u00e9dias en favori avec <a href=\"https:\/\/moncompte.actu.fr\" title=\"D\u00e9couvez Mon Actu\" rel=\"nofollow noopener\" data-trk=\"{&quot;cta&quot;:{&quot;action&quot;:&quot;https:\\\/\\\/moncompte.actu.fr&quot;,&quot;category&quot;:&quot;mon compte&quot;,&quot;from&quot;:&quot;article footer&quot;,&quot;name&quot;:&quot;Mon actu&quot;,&quot;type&quot;:&quot;cta&quot;}}\" target=\"_blank\">Mon Actu<\/a>.<\/p>\n","protected":false},"excerpt":{"rendered":"Par Dorine Goth Publi\u00e9 le 29 d\u00e9c. 2025 \u00e0 12h48 Un l\u00e9ger vent de panique et un grand&hellip;\n","protected":false},"author":2,"featured_media":627711,"comment_status":"","ping_status":"","sticky":false,"template":"","format":"standard","meta":{"footnotes":""},"categories":[1888],"tags":[11,1777,674,118,1011,27,3338,12,626,25,2215],"class_list":{"0":"post-627710","1":"post","2":"type-post","3":"status-publish","4":"format-standard","5":"has-post-thumbnail","7":"category-paris","8":"tag-actualites","9":"tag-eu","10":"tag-europe","11":"tag-faits-divers","12":"tag-fr","13":"tag-france","14":"tag-gare-de-lyon","15":"tag-news","16":"tag-paris","17":"tag-republique-francaise","18":"tag-sncf"},"share_on_mastodon":{"url":"https:\/\/pubeurope.com\/@fr\/115803209401538093","error":""},"_links":{"self":[{"href":"https:\/\/www.europesays.com\/fr\/wp-json\/wp\/v2\/posts\/627710","targetHints":{"allow":["GET"]}}],"collection":[{"href":"https:\/\/www.europesays.com\/fr\/wp-json\/wp\/v2\/posts"}],"about":[{"href":"https:\/\/www.europesays.com\/fr\/wp-json\/wp\/v2\/types\/post"}],"author":[{"embeddable":true,"href":"https:\/\/www.europesays.com\/fr\/wp-json\/wp\/v2\/users\/2"}],"replies":[{"embeddable":true,"href":"https:\/\/www.europesays.com\/fr\/wp-json\/wp\/v2\/comments?post=627710"}],"version-history":[{"count":0,"href":"https:\/\/www.europesays.com\/fr\/wp-json\/wp\/v2\/posts\/627710\/revisions"}],"wp:featuredmedia":[{"embeddable":true,"href":"https:\/\/www.europesays.com\/fr\/wp-json\/wp\/v2\/media\/627711"}],"wp:attachment":[{"href":"https:\/\/www.europesays.com\/fr\/wp-json\/wp\/v2\/media?parent=627710"}],"wp:term":[{"taxonomy":"category","embeddable":true,"href":"https:\/\/www.europesays.com\/fr\/wp-json\/wp\/v2\/categories?post=627710"},{"taxonomy":"post_tag","embeddable":true,"href":"https:\/\/www.europesays.com\/fr\/wp-json\/wp\/v2\/tags?post=627710"}],"curies":[{"name":"wp","href":"https:\/\/api.w.org\/{rel}","templated":true}]}}