{"id":627735,"date":"2025-12-29T14:16:10","date_gmt":"2025-12-29T14:16:10","guid":{"rendered":"https:\/\/www.europesays.com\/fr\/627735\/"},"modified":"2025-12-29T14:16:10","modified_gmt":"2025-12-29T14:16:10","slug":"remi-lelandais-dans-le-sillage-de-david-menut-actualite","status":"publish","type":"post","link":"https:\/\/www.europesays.com\/fr\/627735\/","title":{"rendered":"R\u00e9mi Lelandais dans le sillage de David Menut &#8211; Actualit\u00e9"},"content":{"rendered":"<p dir=\"ltr\">Il aura donc, symboliquement, \u00e9t\u00e9 le dernier coureur \u00e0 porter le maillot d\u2019Ark\u00e9a-B&amp;B H\u00f4tels en comp\u00e9tition. Une petite heure apr\u00e8s le nouveau podium d\u2019Amandine Fouquenet, <strong><a href=\"https:\/\/www.directvelo.com\/coureur\/30794\/remi-lelandais\" target=\"_blank\" rel=\"noopener\">R\u00e9mi Lelandais<\/a><\/strong> a coup\u00e9 la ligne d\u2019arriv\u00e9e de la manche de Coupe du Monde de cyclo-cross de Termonde en rouge-et-noir, <strong><a href=\"https:\/\/www.directvelo.com\/epreuve\/49034\/cc-termonde-coupe-du-monde-elite-hommes-2025\" target=\"_blank\" rel=\"noopener\">et dans le Top 20<\/a><\/strong>.\u00a0<\/p>\n<p>\u201cIl fallait \u00eatre frais et tonique sur ce circuit. J\u2019ai eu de bonnes jambes mais malheureusement, le d\u00e9part \u00e9tait chaotique\u201d, relatait-il juste apr\u00e8s en avoir termin\u00e9 au micro de DirectVelo, pr\u00e9sent sur la comp\u00e9tition belge. \u201cIl a fallu attendre trois tours pour pouvoir remonter. Sur ce circuit, on ne pouvait doubler que dans les lignes droites mais tout le monde r\u00e9acc\u00e9l\u00e8re \u00e0 ce moment-l\u00e0 pour boucher des trous. J\u2019ai donc mis du temps \u00e0 remonter\u201d.<\/p>\n<p><strong>\u00ab J\u2019AI ATTENDU QUE LES AUTRES FASSENT DES ERREURS \u00bb<\/strong> <\/p>\n<p>Le tout en s\u2019appuyant sur l\u2019exp\u00e9rience de son compatriote <strong><a href=\"https:\/\/www.directvelo.com\/actualite\/126170\/une-forme-retrouvee-mais-dix-places-de-perdues-sur-un-coup-de-frein-pour-david-menut\" target=\"_blank\" rel=\"noopener\">David Menut, lequel retrouve la forme au fil des courses<\/a><\/strong>. \u201cJ\u2019ai attendu que les autres fassent des erreurs pour reprendre des places avec \u00ab Dadou \u00bb. J\u2019ai pu faire ma course mais il \u00e9tait meilleur tactiquement. J\u2019ai fait des petites erreurs, dont une de trop sur la fin et j\u2019ai d\u00fb le laisser partir\u201d. <\/p>\n<p>Le r\u00e9sultat de ce dimanche satisfait le coureur de 23 ans. \u201cEn \u00e9tant g\u00ean\u00e9 au d\u00e9part et sans pouvoir m\u2019exprimer pleinement au d\u00e9but, j\u2019arrive encore \u00e0 faire un Top 20, c\u2019est bien quand m\u00eame. \u00c7a confirme la forme du moment, je suis content\u201d. Suite du programme \u00e0 Zonhoven puis \u00e0 Troyes, pour un Championnat de France qui s\u2019annonce ouvert.<\/p>\n","protected":false},"excerpt":{"rendered":"Il aura donc, symboliquement, \u00e9t\u00e9 le dernier coureur \u00e0 porter le maillot d\u2019Ark\u00e9a-B&amp;B H\u00f4tels en comp\u00e9tition. Une petite&hellip;\n","protected":false},"author":2,"featured_media":627736,"comment_status":"","ping_status":"","sticky":false,"template":"","format":"standard","meta":{"footnotes":""},"categories":[1411],"tags":[834,828,836,829,837,827,83,826,824,823,1154,207,814,817,815,816,822,821,832,211,839,1011,27,820,818,819,835,831,830,833,838,60,212,208,825],"class_list":{"0":"post-627735","1":"post","2":"type-post","3":"status-publish","4":"format-standard","5":"has-post-thumbnail","7":"category-cyclisme","8":"tag-attaque","9":"tag-belgique","10":"tag-braquet","11":"tag-bretagne","12":"tag-chute","13":"tag-competition","14":"tag-coupe-de-france","15":"tag-coureur","16":"tag-course-cyclisme","17":"tag-course-cycliste","18":"tag-cycling","19":"tag-cyclisme","20":"tag-direct","21":"tag-direct-velo","22":"tag-directvelo","23":"tag-directvelo-com","24":"tag-epreuve","25":"tag-epreuve-cycliste","26":"tag-federation-francaise-de-cyclisme","27":"tag-ffc","28":"tag-flandres","29":"tag-fr","30":"tag-france","31":"tag-live","32":"tag-live-course","33":"tag-live-epreuve","34":"tag-peloton","35":"tag-radio-peloton","36":"tag-radio-tour","37":"tag-ravitaillement","38":"tag-relance","39":"tag-sports","40":"tag-uci","41":"tag-velo","42":"tag-velos"},"share_on_mastodon":{"url":"https:\/\/pubeurope.com\/@fr\/115803284097757892","error":""},"_links":{"self":[{"href":"https:\/\/www.europesays.com\/fr\/wp-json\/wp\/v2\/posts\/627735","targetHints":{"allow":["GET"]}}],"collection":[{"href":"https:\/\/www.europesays.com\/fr\/wp-json\/wp\/v2\/posts"}],"about":[{"href":"https:\/\/www.europesays.com\/fr\/wp-json\/wp\/v2\/types\/post"}],"author":[{"embeddable":true,"href":"https:\/\/www.europesays.com\/fr\/wp-json\/wp\/v2\/users\/2"}],"replies":[{"embeddable":true,"href":"https:\/\/www.europesays.com\/fr\/wp-json\/wp\/v2\/comments?post=627735"}],"version-history":[{"count":0,"href":"https:\/\/www.europesays.com\/fr\/wp-json\/wp\/v2\/posts\/627735\/revisions"}],"wp:featuredmedia":[{"embeddable":true,"href":"https:\/\/www.europesays.com\/fr\/wp-json\/wp\/v2\/media\/627736"}],"wp:attachment":[{"href":"https:\/\/www.europesays.com\/fr\/wp-json\/wp\/v2\/media?parent=627735"}],"wp:term":[{"taxonomy":"category","embeddable":true,"href":"https:\/\/www.europesays.com\/fr\/wp-json\/wp\/v2\/categories?post=627735"},{"taxonomy":"post_tag","embeddable":true,"href":"https:\/\/www.europesays.com\/fr\/wp-json\/wp\/v2\/tags?post=627735"}],"curies":[{"name":"wp","href":"https:\/\/api.w.org\/{rel}","templated":true}]}}