{"id":627737,"date":"2025-12-29T14:17:11","date_gmt":"2025-12-29T14:17:11","guid":{"rendered":"https:\/\/www.europesays.com\/fr\/627737\/"},"modified":"2025-12-29T14:17:11","modified_gmt":"2025-12-29T14:17:11","slug":"man-united-prepare-une-folie-en-ligue-1","status":"publish","type":"post","link":"https:\/\/www.europesays.com\/fr\/627737\/","title":{"rendered":"Man United pr\u00e9pare une folie en Ligue 1"},"content":{"rendered":"<p><b>Manchester United souhaite se montrer actif cet hiver sur le march\u00e9 des transferts. Un profil attire particuli\u00e8rement l\u2019attention en Ligue 1 du c\u00f4t\u00e9 d\u2019Auxerre : Lassine Sinayoko.<\/b><\/p>\n<p><a href=\"https:\/\/www.foot01.com\/angleterre\/pl-man-united-roi-du-boxing-day-contre-newcastle\" target=\"_self\" rel=\"noopener\">Manchester United<\/a> va mieux ces derni\u00e8res semaines et envisage d\u2019utiliser le <a href=\"https:\/\/www.foot01.com\/mercato\" title=\"Mercato\" target=\"_blank\" rel=\"noopener\">mercato<\/a> hivernal pour apporter quelques retouches \u00e0 son effectif. Ruben Amorim souhaite plus de profondeur et de certitudes en attaque, d\u2019autant que certains joueurs sont annonc\u00e9s sur le d\u00e9part, comme Joshua Zirkzee. Manchester United a plusieurs pistes en t\u00eate pour se renforcer cet hiver, mais sa priorit\u00e9 semble \u00eatre Lassine Sinayoko, en belle forme du c\u00f4t\u00e9 de l\u2019AJ Auxerre.Sinayoko bient\u00f4t en Angleterre ?<\/p>\n<p>Selon les informations de Afrika Foot, Manchester United est d\u2019ailleurs en n\u00e9gociations avanc\u00e9es avec l\u2019entourage de l\u2019attaquant bourguignon. L\u2019international malien, actuellement en Coupe d\u2019Afrique des Nations, sera en fin de contrat avec Auxerre \u00e0 la fin de la saison. Le club fran\u00e7ais est donc ouvert \u00e0 une vente en cas d\u2019offre jug\u00e9e satisfaisante. De son c\u00f4t\u00e9, Lassine Sinayoko n\u2019a pas cach\u00e9 ses envies de d\u00e9part r\u00e9cemment. Nul doute qu\u2019une arriv\u00e9e dans un club comme Manchester United pourrait le s\u00e9duire. Il ne reste plus qu\u2019\u00e0 ce que toutes les parties trouvent un accord pour finaliser rapidement la signature. Le joueur de 26 ans touche 3 millions d\u2019euros par an, un montant qui ne devrait pas poser de probl\u00e8me \u00e0 la direction mancunienne.<\/p>\n<p>Cette saison sous les couleurs de l&rsquo;AJ Auxerre, Lassine Sinayoko a disput\u00e9 16 rencontres, inscrivant 6 buts et d\u00e9livrant 2 passes d\u00e9cisives. Le natif de Bamako est un pur produit du centre de formation de l\u2019AJA et n\u2019a connu que le club bourguignon dans sa carri\u00e8re jusqu\u2019\u00e0 pr\u00e9sent. L\u2019heure est sans doute venue pour lui de franchir un cap et rejoindre un grand club \u00e0 la recherche d\u2019un serial buteur, afin de retrouver son rang et redevenir l\u2019\u00e9quipe redout\u00e9e qu\u2019elle \u00e9tait par le pass\u00e9.<\/p>\n","protected":false},"excerpt":{"rendered":"Manchester United souhaite se montrer actif cet hiver sur le march\u00e9 des transferts. Un profil attire particuli\u00e8rement l\u2019attention&hellip;\n","protected":false},"author":2,"featured_media":627738,"comment_status":"","ping_status":"","sticky":false,"template":"","format":"standard","meta":{"footnotes":""},"categories":[1410],"tags":[4245,63,1011,27,1434,70,60],"class_list":{"0":"post-627737","1":"post","2":"type-post","3":"status-publish","4":"format-standard","5":"has-post-thumbnail","7":"category-football","8":"tag-auxerre","9":"tag-football","10":"tag-fr","11":"tag-france","12":"tag-mercato","13":"tag-premier-league","14":"tag-sports"},"share_on_mastodon":{"url":"https:\/\/pubeurope.com\/@fr\/115803288351734459","error":""},"_links":{"self":[{"href":"https:\/\/www.europesays.com\/fr\/wp-json\/wp\/v2\/posts\/627737","targetHints":{"allow":["GET"]}}],"collection":[{"href":"https:\/\/www.europesays.com\/fr\/wp-json\/wp\/v2\/posts"}],"about":[{"href":"https:\/\/www.europesays.com\/fr\/wp-json\/wp\/v2\/types\/post"}],"author":[{"embeddable":true,"href":"https:\/\/www.europesays.com\/fr\/wp-json\/wp\/v2\/users\/2"}],"replies":[{"embeddable":true,"href":"https:\/\/www.europesays.com\/fr\/wp-json\/wp\/v2\/comments?post=627737"}],"version-history":[{"count":0,"href":"https:\/\/www.europesays.com\/fr\/wp-json\/wp\/v2\/posts\/627737\/revisions"}],"wp:featuredmedia":[{"embeddable":true,"href":"https:\/\/www.europesays.com\/fr\/wp-json\/wp\/v2\/media\/627738"}],"wp:attachment":[{"href":"https:\/\/www.europesays.com\/fr\/wp-json\/wp\/v2\/media?parent=627737"}],"wp:term":[{"taxonomy":"category","embeddable":true,"href":"https:\/\/www.europesays.com\/fr\/wp-json\/wp\/v2\/categories?post=627737"},{"taxonomy":"post_tag","embeddable":true,"href":"https:\/\/www.europesays.com\/fr\/wp-json\/wp\/v2\/tags?post=627737"}],"curies":[{"name":"wp","href":"https:\/\/api.w.org\/{rel}","templated":true}]}}