{"id":627739,"date":"2025-12-29T14:18:12","date_gmt":"2025-12-29T14:18:12","guid":{"rendered":"https:\/\/www.europesays.com\/fr\/627739\/"},"modified":"2025-12-29T14:18:12","modified_gmt":"2025-12-29T14:18:12","slug":"on-a-infiltre-la-cuisine-de-vos-stars-preferees-et-voici-leur-nouvel-allie-xl","status":"publish","type":"post","link":"https:\/\/www.europesays.com\/fr\/627739\/","title":{"rendered":"On a infiltr\u00e9 la cuisine de vos stars pr\u00e9f\u00e9r\u00e9es, et voici leur nouvel alli\u00e9 XL"},"content":{"rendered":"<p>Par <a class=\"author_recette\" id=\"author_name\" href=\"https:\/\/www.nextplz.fr\/auteur\/yvan-styve\" target=\"_blank\" rel=\"noopener\">Yvan Styve<\/a><br \/>\n&#8211; Publi\u00e9 le<br \/>\n29 D\u00e9c 2025 \u00e0<br \/>\n11:30<\/p>\n<p class=\"article-intro excerpt\">Les foyers fran\u00e7ais recherchent<br \/>\nd\u00e9sormais des \u00e9quipements capables d\u2019allier performance, gain<br \/>\nd\u2019espace et cuisine saine. Cet alli\u00e9 renouvelable en cuisine adopt\u00e9<br \/>\npar de nombreuses c\u00e9l\u00e9brit\u00e9s r\u00e9pond pr\u00e9cis\u00e9ment \u00e0 ces nouvelles<br \/>\nexigences avec son format vertical r\u00e9volutionnaire.<\/p>\n<p><img width=\"750\" height=\"410\" src=\"data:image\/svg+xml,%3Csvg%20xmlns=\" http:=\"\" class=\"img-responsive alignnone size-full pinit-here zoom-it\" alt=\"on-a-infiltre-la-cuisine-de-vos-stars-preferees-et-voici-leur-nouvel-allie-xl\" fetchpriority=\"high\" data-lazyloading=\"false\" decoding=\"async\" data-lazy-src=\"https:\/\/www.europesays.com\/fr\/wp-content\/uploads\/2025\/12\/on-a-infiltre-la-cuisine-de-vos-stars-preferees-et-voici-leur-nouvel-allie-xl-2-750x410.jpg\"\/><\/p>\n<p>\u00a9 Shutterstock<\/p>\n<p>Dans nos cuisines contemporaines, l\u00a0\u00bbespace devient un luxe rare<br \/>\ntandis que les exigences nutritionnelles s&rsquo;intensifient. Par<br \/>\ncons\u00e9quent, les fabricants rivalisent d&rsquo;ing\u00e9niosit\u00e9 pour proposer<br \/>\ndes appareils compacts mais puissants et polyvalents. Ainsi, le<br \/>\nmarch\u00e9 des friteuses sans huile conna\u00eet actuellement une<br \/>\ntransformation radicale gr\u00e2ce aux innovations technologiques<br \/>\nmajeures. D&rsquo;ailleurs, Ninja lance aujourd&rsquo;hui son mod\u00e8le Double<br \/>\nStack XL, un Airfryer vertical qui bouleverse compl\u00e8tement les<br \/>\ncodes \u00e9tablis. Cette r\u00e9volution culinaire s\u00e9duit d\u00e9j\u00e0 les cuisines<br \/>\ndes personnalit\u00e9s m\u00e9diatiques en qu\u00eate d&rsquo;efficacit\u00e9 maximale et<br \/>\nd&rsquo;optimisation spatiale.<\/p>\n<p>Une conception verticale qui r\u00e9invente l&rsquo;organisation<br \/>\nculinaire<\/p>\n<p>Effectivement, cet Airfryer Double Stack de Ninja r\u00e9pond<br \/>\nbrillamment aux contraintes spatiales des cuisines modernes<br \/>\nactuelles. Son architecture verticale lib\u00e8re ainsi 30 % d&rsquo;espace<br \/>\nsuppl\u00e9mentaire comparativement aux mod\u00e8les horizontaux<br \/>\ntraditionnels encombrants. Chaque tiroir superpos\u00e9 peut n\u00e9anmoins<br \/>\naccueillir un poulet r\u00f4ti entier pesant 1,4 kilogramme sans<br \/>\ndifficult\u00e9 aucune. De plus, cette capacit\u00e9 impressionnante permet<br \/>\naux familles nombreuses de cuisiner sainement sans multiplier<br \/>\ninutilement les cuissons. Toutefois, certains experts culinaires<br \/>\nont r\u00e9cemment identifi\u00e9 <a href=\"https:\/\/www.nextplz.fr\/lifestyle\/519400-airfryer-les-experts-sont-formels-ces-7-aliments-ne-doivent-jamais-passer-dedans\" target=\"_blank\" rel=\"noopener\"><br \/>\nsept aliments sp\u00e9cifiques ne devant jamais passer dans un<br \/>\nAirfryer<\/a>. Cette mise en garde rappelle donc l&rsquo;importance d&rsquo;une<br \/>\nutilisation raisonn\u00e9e et \u00e9clair\u00e9e de ces technologies<br \/>\ncontemporaines. N\u00e9anmoins, l&rsquo;appareil demeure un alli\u00e9 pr\u00e9cieux<br \/>\npour pr\u00e9parer rapidement des repas \u00e9quilibr\u00e9s sans occuper<br \/>\nexcessivement le plan.<\/p>\n<p>L&rsquo;Airfryer Ninja Double Stack XL orchestre une symphonie culinaire<br \/>\nmulticouche<br \/>\n<a href=\"https:\/\/www.europesays.com\/fr\/wp-content\/uploads\/2025\/12\/on-a-infiltre-la-cuisine-de-vos-stars-preferees-et-voici-leur-nouvel-allie-xl-1.jpg\"><br \/>\n<img loading=\"lazy\" decoding=\"async\" width=\"679\" height=\"679\" itemprop=\"thumbnailUrl\" src=\"data:image\/svg+xml,%3Csvg%20xmlns=\" http:=\"\" alt=\"AirFryer NINJA Double Stack XL\" class=\"wp-image-524807 img-responsive\" data-lazy-src=\"https:\/\/www.europesays.com\/fr\/wp-content\/uploads\/2025\/12\/on-a-infiltre-la-cuisine-de-vos-stars-preferees-et-voici-leur-nouvel-allie-xl-1.jpg\"\/><\/a> \u00a9 Amazon.fr<\/p>\n<p>AirFryer NINJA Double Stack XL<\/p>\n<p>Incontestablement, la fonction SYNC repr\u00e9sente l&rsquo;innovation<br \/>\nmajeure qui s\u00e9duit imm\u00e9diatement les utilisateurs exigeants et<br \/>\npress\u00e9s. Gr\u00e2ce \u00e0 ses deux tiroirs ind\u00e9pendants \u00e9quip\u00e9s chacun de<br \/>\nventilateurs d\u00e9di\u00e9s, cette friteuse propose effectivement quatre<br \/>\nniveaux simultan\u00e9s. L&rsquo;air circule ensuite \u00e0 360 degr\u00e9s dans chaque<br \/>\ncompartiment de 4,75 litres pour garantir une homog\u00e9n\u00e9it\u00e9 parfaite.<br \/>\nDe surcro\u00eet, cet Airfryer r\u00e9duit consid\u00e9rablement l&rsquo;utilisation de<br \/>\nmati\u00e8res grasses de 75% comparativement aux fritures classiques.<br \/>\nCette performance nutritionnelle s&rsquo;accompagne \u00e9galement d&rsquo;une<br \/>\n\u00e9conomie \u00e9nerg\u00e9tique substantielle atteignant 55% face aux fours<br \/>\ntraditionnels \u00e9nergivores. Parall\u00e8lement, les r\u00e9sultats demeurent<br \/>\nincroyablement croustillants et savoureux malgr\u00e9 l&rsquo;absence<br \/>\nquasi-totale d&rsquo;huile ajout\u00e9e. Ainsi, l&rsquo;appareil r\u00e9concilie<br \/>\nhabituellement plaisir gustatif authentique et pr\u00e9occupations<br \/>\nsanitaires croissantes des consommateurs contemporains avertis.<\/p>\n<p>Une solution pragmatique face aux critiques \u00e9mergentes sur<br \/>\nl&rsquo;Airfryer<br \/>\n<a href=\"https:\/\/www.nextplz.fr\/wp-content\/uploads\/nextplz\/2025\/12\/on-a-infiltre-la-cuisine-de-vos-stars-preferees-et-voici-leur-nouvel-allie-xl.jpg\" target=\"_blank\" rel=\"noopener\"><br \/>\n<img loading=\"lazy\" decoding=\"async\" width=\"720\" height=\"720\" src=\"data:image\/svg+xml,%3Csvg%20xmlns=\" http:=\"\" alt=\"AirFryer NINJA Double Stack XL\" class=\"wp-image-524806 img-responsive\" data-lazy-src=\"https:\/\/www.europesays.com\/fr\/wp-content\/uploads\/2025\/12\/on-a-infiltre-la-cuisine-de-vos-stars-preferees-et-voici-leur-nouvel-allie-xl-720x720.jpg\"\/><\/a> \u00a9 Amazon.fr<\/p>\n<p>AirFryer NINJA Double Stack XL<\/p>\n<p>Certes, cet Airfryer vertical de 9,5 litres facilite grandement<br \/>\nle quotidien des cuisiniers amateurs press\u00e9s. Ses accessoires<br \/>\npassent directement au lave-vaisselle, simplifiant donc<br \/>\nconsid\u00e9rablement l&rsquo;entretien apr\u00e8s chaque utilisation intensive et<br \/>\nr\u00e9p\u00e9t\u00e9e. Cependant, plusieurs experts fran\u00e7ais \u00e9mettent d\u00e9sormais<br \/>\ndes r\u00e9serves s\u00e9rieuses concernant certains risques potentiels li\u00e9s<br \/>\naux friteuses. Ces sp\u00e9cialistes accusent notamment l&rsquo;Airfryer de<br \/>\n<a href=\"https:\/\/www.nextplz.fr\/lifestyle\/475870-airfryer-cet-appareil-adore-des-francais-est-un-veritable-danger-pour-votre-sante-et-votre-maison-selon-les-experts\" target=\"_blank\" rel=\"noopener\"><br \/>\nrepr\u00e9senter parfois un danger sous-estim\u00e9 pour les<br \/>\nconsommateurs<\/a> insuffisamment inform\u00e9s. Malgr\u00e9 tout, le mod\u00e8le<br \/>\nNinja Double Stack XL demeure une option particuli\u00e8rement<br \/>\nint\u00e9ressante pour cuisiner rapidement sainement. Son format<br \/>\nvertical compact continue effectivement de s\u00e9duire les foyers<br \/>\nrecherchant performance maximale sans sacrifier pr\u00e9cieusement<br \/>\nl&rsquo;espace. Finalement, cet appareil s&rsquo;impose progressivement comme<br \/>\nun compromis intelligent entre modernit\u00e9 technologique et<br \/>\npragmatisme culinaire quotidien r\u00e9aliste.<\/p>\n","protected":false},"excerpt":{"rendered":"Par Yvan Styve &#8211; Publi\u00e9 le 29 D\u00e9c 2025 \u00e0 11:30 Les foyers fran\u00e7ais recherchent d\u00e9sormais des \u00e9quipements&hellip;\n","protected":false},"author":2,"featured_media":627740,"comment_status":"","ping_status":"","sticky":false,"template":"","format":"standard","meta":{"footnotes":""},"categories":[1359],"tags":[58,59,1011,27,973,65861],"class_list":{"0":"post-627739","1":"post","2":"type-post","3":"status-publish","4":"format-standard","5":"has-post-thumbnail","7":"category-people","8":"tag-divertissement","9":"tag-entertainment","10":"tag-fr","11":"tag-france","12":"tag-people","13":"tag-trend"},"share_on_mastodon":{"url":"https:\/\/pubeurope.com\/@fr\/115803291856665747","error":""},"_links":{"self":[{"href":"https:\/\/www.europesays.com\/fr\/wp-json\/wp\/v2\/posts\/627739","targetHints":{"allow":["GET"]}}],"collection":[{"href":"https:\/\/www.europesays.com\/fr\/wp-json\/wp\/v2\/posts"}],"about":[{"href":"https:\/\/www.europesays.com\/fr\/wp-json\/wp\/v2\/types\/post"}],"author":[{"embeddable":true,"href":"https:\/\/www.europesays.com\/fr\/wp-json\/wp\/v2\/users\/2"}],"replies":[{"embeddable":true,"href":"https:\/\/www.europesays.com\/fr\/wp-json\/wp\/v2\/comments?post=627739"}],"version-history":[{"count":0,"href":"https:\/\/www.europesays.com\/fr\/wp-json\/wp\/v2\/posts\/627739\/revisions"}],"wp:featuredmedia":[{"embeddable":true,"href":"https:\/\/www.europesays.com\/fr\/wp-json\/wp\/v2\/media\/627740"}],"wp:attachment":[{"href":"https:\/\/www.europesays.com\/fr\/wp-json\/wp\/v2\/media?parent=627739"}],"wp:term":[{"taxonomy":"category","embeddable":true,"href":"https:\/\/www.europesays.com\/fr\/wp-json\/wp\/v2\/categories?post=627739"},{"taxonomy":"post_tag","embeddable":true,"href":"https:\/\/www.europesays.com\/fr\/wp-json\/wp\/v2\/tags?post=627739"}],"curies":[{"name":"wp","href":"https:\/\/api.w.org\/{rel}","templated":true}]}}