{"id":627741,"date":"2025-12-29T14:19:10","date_gmt":"2025-12-29T14:19:10","guid":{"rendered":"https:\/\/www.europesays.com\/fr\/627741\/"},"modified":"2025-12-29T14:19:10","modified_gmt":"2025-12-29T14:19:10","slug":"2025-dans-loeil-de-notre-photographe-nicolas-sabathier","status":"publish","type":"post","link":"https:\/\/www.europesays.com\/fr\/627741\/","title":{"rendered":"2025 dans l\u2019\u0153il de notre photographe Nicolas Sabathier"},"content":{"rendered":"<p>Pourtant, comme les abonnements, ils permettent de soutenir le travail des 35 journalistes de notre r\u00e9daction qui s&rsquo;engagent \u00e0 vous proposer chaque jour une information de qualit\u00e9, fiable et compl\u00e8te.<\/p>\n<p>En acceptant les cookies, vous pourrez acc\u00e9der aux contenus et fonctionnalit\u00e9s gratuites que propose notre site.<\/p>\n<p>\n                            \u00c0 tout moment, vous pouvez modifier vos choix via le bouton \u201ccookies\u201d en bas de page.\n                        <\/p>\n","protected":false},"excerpt":{"rendered":"Pourtant, comme les abonnements, ils permettent de soutenir le travail des 35 journalistes de notre r\u00e9daction qui s&rsquo;engagent&hellip;\n","protected":false},"author":2,"featured_media":627742,"comment_status":"","ping_status":"","sticky":false,"template":"","format":"standard","meta":{"footnotes":""},"categories":[1358],"tags":[1348,1384,1385,1386,58,59,1011,27],"class_list":{"0":"post-627741","1":"post","2":"type-post","3":"status-publish","4":"format-standard","5":"has-post-thumbnail","7":"category-arts-et-design","8":"tag-arts","9":"tag-arts-and-design","10":"tag-arts-et-design","11":"tag-design","12":"tag-divertissement","13":"tag-entertainment","14":"tag-fr","15":"tag-france"},"share_on_mastodon":{"url":"https:\/\/pubeurope.com\/@fr\/115803295802784317","error":""},"_links":{"self":[{"href":"https:\/\/www.europesays.com\/fr\/wp-json\/wp\/v2\/posts\/627741","targetHints":{"allow":["GET"]}}],"collection":[{"href":"https:\/\/www.europesays.com\/fr\/wp-json\/wp\/v2\/posts"}],"about":[{"href":"https:\/\/www.europesays.com\/fr\/wp-json\/wp\/v2\/types\/post"}],"author":[{"embeddable":true,"href":"https:\/\/www.europesays.com\/fr\/wp-json\/wp\/v2\/users\/2"}],"replies":[{"embeddable":true,"href":"https:\/\/www.europesays.com\/fr\/wp-json\/wp\/v2\/comments?post=627741"}],"version-history":[{"count":0,"href":"https:\/\/www.europesays.com\/fr\/wp-json\/wp\/v2\/posts\/627741\/revisions"}],"wp:featuredmedia":[{"embeddable":true,"href":"https:\/\/www.europesays.com\/fr\/wp-json\/wp\/v2\/media\/627742"}],"wp:attachment":[{"href":"https:\/\/www.europesays.com\/fr\/wp-json\/wp\/v2\/media?parent=627741"}],"wp:term":[{"taxonomy":"category","embeddable":true,"href":"https:\/\/www.europesays.com\/fr\/wp-json\/wp\/v2\/categories?post=627741"},{"taxonomy":"post_tag","embeddable":true,"href":"https:\/\/www.europesays.com\/fr\/wp-json\/wp\/v2\/tags?post=627741"}],"curies":[{"name":"wp","href":"https:\/\/api.w.org\/{rel}","templated":true}]}}