{"id":627743,"date":"2025-12-29T14:21:12","date_gmt":"2025-12-29T14:21:12","guid":{"rendered":"https:\/\/www.europesays.com\/fr\/627743\/"},"modified":"2025-12-29T14:21:12","modified_gmt":"2025-12-29T14:21:12","slug":"lintegrale-des-grandes-gueules-du-lundi-29-decembre-2025-avec-charles-consigny-barbara-lefebvre-et-abel-boyi","status":"publish","type":"post","link":"https:\/\/www.europesays.com\/fr\/627743\/","title":{"rendered":"L&rsquo;int\u00e9grale des Grandes Gueules du lundi 29 d\u00e9cembre 2025 avec Charles Consigny, Barbara Lefebvre et Abel Boyi"},"content":{"rendered":"<p><img decoding=\"async\" src=\"https:\/\/www.europesays.com\/fr\/wp-content\/uploads\/2025\/12\/principale-178_4.jpg\"  alt=\"L'int\u00e9grale des Grandes Gueules du lundi 29 d\u00e9cembre 2025 avec Charles Consigny, Barbara Lefebvre et Abel Boyi - 09h\/12h\" title=\"L'int\u00e9grale des Grandes Gueules du lundi 29 d\u00e9cembre 2025 avec Charles Consigny, Barbara Lefebvre et Abel Boyi - 09h\/12h\"\/>L&rsquo;int\u00e9grale des Grandes Gueules du lundi 29 d\u00e9cembre 2025 avec Charles Consigny, Barbara Lefebvre et Abel Boyi &#8211; 09h\/12h<\/p>\n<p>3 heures de d\u00e9bats o\u00f9 toutes les opinions sont les bienvenues. A la table des Grandes Gueules, les esprits s&rsquo;ouvrent et les points de vue s&rsquo;\u00e9largissent. Pour cette 20\u00e8me saison, Alain Marschall et Olivier Truchot, accompagn\u00e9s des GG issues de la soci\u00e9t\u00e9 civile, m\u00ealent information et divertissement. Les Grandes gueules, le show de la libert\u00e9 d&rsquo;expression. Ce lundi 29 d\u00e9cembre 2025, retrouvez Charles Consigny, avocat, Barbara Lefebvre, professeure d&rsquo;histoire-g\u00e9ographie, et Abel Boyi, \u00e9ducateur, pour des discussions enflamm\u00e9es !<\/p>\n","protected":false},"excerpt":{"rendered":"L&rsquo;int\u00e9grale des Grandes Gueules du lundi 29 d\u00e9cembre 2025 avec Charles Consigny, Barbara Lefebvre et Abel Boyi &#8211;&hellip;\n","protected":false},"author":2,"featured_media":627744,"comment_status":"","ping_status":"","sticky":false,"template":"","format":"standard","meta":{"footnotes":""},"categories":[1356],"tags":[58,59,1011,27,252,1364],"class_list":{"0":"post-627743","1":"post","2":"type-post","3":"status-publish","4":"format-standard","5":"has-post-thumbnail","7":"category-television","8":"tag-divertissement","9":"tag-entertainment","10":"tag-fr","11":"tag-france","12":"tag-television","13":"tag-tv"},"share_on_mastodon":{"url":"https:\/\/pubeurope.com\/@fr\/115803304046275848","error":""},"_links":{"self":[{"href":"https:\/\/www.europesays.com\/fr\/wp-json\/wp\/v2\/posts\/627743","targetHints":{"allow":["GET"]}}],"collection":[{"href":"https:\/\/www.europesays.com\/fr\/wp-json\/wp\/v2\/posts"}],"about":[{"href":"https:\/\/www.europesays.com\/fr\/wp-json\/wp\/v2\/types\/post"}],"author":[{"embeddable":true,"href":"https:\/\/www.europesays.com\/fr\/wp-json\/wp\/v2\/users\/2"}],"replies":[{"embeddable":true,"href":"https:\/\/www.europesays.com\/fr\/wp-json\/wp\/v2\/comments?post=627743"}],"version-history":[{"count":0,"href":"https:\/\/www.europesays.com\/fr\/wp-json\/wp\/v2\/posts\/627743\/revisions"}],"wp:featuredmedia":[{"embeddable":true,"href":"https:\/\/www.europesays.com\/fr\/wp-json\/wp\/v2\/media\/627744"}],"wp:attachment":[{"href":"https:\/\/www.europesays.com\/fr\/wp-json\/wp\/v2\/media?parent=627743"}],"wp:term":[{"taxonomy":"category","embeddable":true,"href":"https:\/\/www.europesays.com\/fr\/wp-json\/wp\/v2\/categories?post=627743"},{"taxonomy":"post_tag","embeddable":true,"href":"https:\/\/www.europesays.com\/fr\/wp-json\/wp\/v2\/tags?post=627743"}],"curies":[{"name":"wp","href":"https:\/\/api.w.org\/{rel}","templated":true}]}}