{"id":627745,"date":"2025-12-29T14:22:24","date_gmt":"2025-12-29T14:22:24","guid":{"rendered":"https:\/\/www.europesays.com\/fr\/627745\/"},"modified":"2025-12-29T14:22:24","modified_gmt":"2025-12-29T14:22:24","slug":"planete-metal-on-refait-lactu-du-22-au-28-decembre-2025","status":"publish","type":"post","link":"https:\/\/www.europesays.com\/fr\/627745\/","title":{"rendered":"PLAN\u00c8TE METAL On refait l&rsquo;actu du 22 au 28 d\u00e9cembre 2025"},"content":{"rendered":"<p>\t\t\t\t\t<img decoding=\"async\" src=\"https:\/\/www.europesays.com\/fr\/wp-content\/uploads\/2025\/12\/PM-28-12.jpg\" style=\"height: 468px; width: 850px;\"\/><\/p>\n<p>&#13;<br \/>\n<strong>Derni\u00e8re ligne droite de 2025 et petit ralentissement bien compr\u00e9hensible de l&rsquo;actualit\u00e9 musicale. Mais Plan\u00e8te Metal, votre rendez-vous dominical de fin d&rsquo;apr\u00e8s-midi depuis bient\u00f4t 4 ans, a quand m\u00eame continu\u00e9 \u00e0 traquer les infos qui sont peut-\u00eatre pass\u00e9es sous votre radar. Ou sous votre part de b\u00fbche.\u00a0A l&rsquo;ann\u00e9e prochaine\u00a0!<\/strong><br \/>&#13;<br \/>\n\u00a0<\/p>\n<p><strong>TEASING\u00a0\u00a0<\/strong><\/p>\n<p>Et vous, vous \u00eates plut\u00f4t\u2026<br \/>&#13;<br \/>\n\u2026 power metal (japonais) ?<br \/>&#13;<br \/>\nPremier extrait de \u00ab Outstanding Power \u00bb, 5e <strong>LOVEBITES<\/strong> attendu le 18 f\u00e9vrier : \u201cThe Castaway\u201d.\u00a0\u200b<\/p>\n<p style=\"text-align: center;\">\n<p>&#13;<br \/>\n\u2026 heavy metal (am\u00e9ricain) ?<br \/>&#13;<br \/>\nDisparu des radars depuis plus de 15 ans, <strong>Terry Glaze<\/strong>, pr\u00e9d\u00e9cesseur de Phil Anselmo chez PANTERA, et \u00e9galement ex-LORD TRACY, s&rsquo;est remat\u00e9rialis\u00e9 avec <strong>AXE DRAGGER<\/strong> et son nom so 80&rsquo;s. Le quartet, qui compte \u00e9galement dans ses rangs le guitariste <strong>Bob Balch <\/strong>(FU MANCHU), le bassiste <strong>Fredrik Isaksson<\/strong> (DARK FUNERAL) et le batteur <strong>Pete Campbell<\/strong> (ex-PENTAGRAM), se pr\u00e9sente avec le titre \u00e9ponyme. Qui donne \u00e9galement son nom \u00e0 la carte de visite du quartet attendue le 6 mars.<\/p>\n<p style=\"text-align: center;\">\n<p>&#13;<br \/>\n\u200b\u2026 metal oriental (tuniso-fran\u00e7ais) ?<br \/>&#13;<br \/>\nDeuxi\u00e8me single extrait de \u00ab Wilderness Of Mirrors \u00bb, 7e <strong>MYRATH<\/strong>\u00a0qui sera commercialis\u00e9 le 20 mars, \u201cThe Funeral\u201d.<\/p>\n<p style=\"text-align: center;\">\n<p>&#13;<br \/>\n\u2026 blues rock (US) ?<br \/>&#13;<br \/>\nA 74 ans, <strong>Robben Ford<\/strong> a toujours le feu sacr\u00e9, comme le prouve \u201cMake My Own Weather\u201d, tir\u00e9 de \u00ab Two Shades Of Blue \u00bb qui sera\u00a0disponible le 27 mars.\u00a0<\/p>\n<p style=\"text-align: center;\">\u200b<\/p>\n<p>&#13;<br \/>\n<strong>SORTIES<\/strong><\/p>\n<p>Apr\u00e8s 5 singles, <strong>CLOSE ENEMIES<\/strong>, groupe post-AEROSMITH form\u00e9 par <strong>Tom Hamilton<\/strong>, sortira son premier CD en mars prochain. Pas encore de date pr\u00e9cise arr\u00eat\u00e9e mais un petit rappel avec la derni\u00e8re chanson publi\u00e9e en novembre dernier, \u00a0\u201cMore Than I Could Ever Need\u201d. Le bassiste s&rsquo;est entour\u00e9 du batteur <strong>Tony Brock<\/strong> (THE BABYS), des guitaristes <strong>Peter Stroud<\/strong> (Sheryl Crow, Don Henley) et <strong>Trace Foster<\/strong> (technicien guitare de Joe Perry et d&rsquo;Angus Young) ainsi que du chanteur <strong>Chasen Hampton<\/strong>.\u00a0<\/p>\n<p style=\"text-align: center;\">\u200b<\/p>\n<p>&#13;<br \/>\n<strong>LIVE<\/strong>\u00a0<\/p>\n<p>Le 11 d\u00e9cembre dernier, <strong>VISIONS OF ATLANTIS<\/strong> \u2013 ou plus exactement <strong>Cl\u00e9mentine Delauney<\/strong> et <strong>Michele Guaitoli<\/strong> \u2013 jouaient dans une \u00e9glise \u00e0 Wacken pour le \u201cWacken Holy Night\u201d. On les retrouve tous les deux en acoustique avec \u201cAshes To The Sea\u201d\u2026<\/p>\n<p style=\"text-align: center;\">\n<p>&#13;<br \/>\n\u200b\u2026 et \u201cArmada\u201d. L&rsquo;occasion de rappeler \u00e9galement la sortie, le 6 f\u00e9vrier, de \u00ab Armada &#8211; An Orchestral Voyage \u00bb. Les pirates seront\u00a0en concert \u00e0 l&rsquo;Elys\u00e9e-Montmartre le 12 f\u00e9vrier, puis \u00e0 Lyon le 26\u00a0<a href=\"https:\/\/hardforce.com\/actu\/45819\/visions-of-atlantis-warkings-single-pirates-kings-tournee-commune-fevrier-2026\" target=\"_blank\" rel=\"noopener\">en compagnie de WARKINGS<\/a>.<\/p>\n<p style=\"text-align: center;\">\n<p>&#13;<br \/>\n<strong>LIVE EN STUDIO\u00a0<\/strong><\/p>\n<p>En juillet 2024, <strong>NORTHLANE<\/strong> enregistrait un \u00e9pisode d&rsquo;\u201cAudiotree From Nothing\u201d \u00e0 Chicago. On y voit\u00a0le groupe australien de metalcore progressif r\u00e9pondre \u00e0 une interview mais \u00e9galement jouer\u00a06 titres en studio, dont \u201cAfterimage\u201d avec <strong>Jacob Charlton <\/strong>de THORNHILL.<\/p>\n<p style=\"text-align: center;\">\n<p>&#13;<br \/>\n<strong>GRANDS \u00c9CRANS<\/strong><\/p>\n<p>Le 24 janvier, une s\u00e9lection de cin\u00e9mas dans le monde entier, et en France, projettera <strong>Megadeth<\/strong>: Behind The Mask.<\/p>\n<p style=\"text-align: center;\">\n<p>&#13;<br \/>\n<strong>DOCUMENTAIRES\u00a0<\/strong><\/p>\n<p>Un nouveau documentaire consacr\u00e9 \u00e0<strong> Courtney Love<\/strong>, frontwoman de HOLE, veuve de Kurt Cobain et m\u00e8re de leur unique enfant, Frances Bean, sera projet\u00e9 en avant-premi\u00e8re au Festival du Film de Sundance qui aura lieu fin janvier. \u00ab Chanteuse, compositrice et actrice, Courtney Love<strong>\u00a0<\/strong>a longtemps eu un impact sur la culture rock et pop. D\u00e9sormais sobre et pr\u00eate \u00e0 sortir de nouveaux morceaux pour la premi\u00e8re fois en plus de 10 ans, Courtney est pr\u00eate \u00e0 r\u00e9v\u00e9ler son histoire, sans filtre et sans excuses \u00bb r\u00e9sume le pitch d&rsquo;Antiheroine. Outre les musiciens de HOLE, on retrouve de nombreuses interventions d&rsquo;artistes qui l&rsquo;ont c\u00f4toy\u00e9e, comme Billie Joe Armstrong de GREEN DAY et Michael Stipe de REM.\u00a0<\/p>\n<blockquote class=\"instagram-media\" data-instgrm-captioned=\"\" data-instgrm-permalink=\"https:\/\/www.instagram.com\/p\/DSF9MV3Eogw\/?utm_source=ig_embed&amp;utm_campaign=loading\" data-instgrm-version=\"14\" style=\" background:#FFF; border:0; border-radius:3px; box-shadow:0 0 1px 0 rgba(0,0,0,0.5),0 1px 10px 0 rgba(0,0,0,0.15); margin: 1px; max-width:540px; min-width:326px; padding:0; width:99.375%; width:-webkit-calc(100% - 2px); width:calc(100% - 2px);\"><p>&#13;<br \/>\n&#13;\n<\/p><\/blockquote>\n<p>&#13;<br \/>\n<strong>BANDE ORIGINALE<\/strong><\/p>\n<p><strong>AMORPHIS<\/strong> a enregistr\u00e9 \u201cCrowned In Crimson\u201d, le th\u00e8me musical du film Son Of Revenge: The Story Of Kalevala. L&rsquo;histoire de Kullervo, h\u00e9ros tragique du Kalevala dans la mythologie finlandaise dont l&rsquo;histoire est la suivante : \u00ab Maltrait\u00e9 d\u00e8s l&rsquo;enfance, il devient un homme sans foi ni loi, ignorant et violent. Ayant viol\u00e9 celle qu&rsquo;il d\u00e9couvre \u00eatre sa s\u0153ur, il finit par se suicider avec son \u00e9p\u00e9e \u00bb [source : Wikipedia]. L&rsquo;occasion d&rsquo;un duo vocal pour\u00a0<strong>Tomi<\/strong> <strong>Joutsen<\/strong>\u00a0et sa fille <strong>Iida<\/strong>. Le long m\u00e9trage sortira sur les \u00e9crans finlandais le 16 janvier, mais rien n&rsquo;est annonc\u00e9 pour la France pour le moment.<\/p>\n<p style=\"text-align: center;\">\u200b<\/p>\n<p>&#13;<br \/>\n<strong>FESTIVALS\u00a0<\/strong><\/p>\n<p>Le<strong> Brutal Assault Festival<\/strong> a d\u00e9voil\u00e9 de nouveaux participants.<\/p>\n<p style=\"text-align: center;\">\n<p>&#13;<br \/>\nLe<strong> FuriosFest Open Air <\/strong>a annonc\u00e9 une premi\u00e8re salve de noms.<\/p>\n<p style=\"text-align: center;\">\n<p>&#13;<br \/>\n<strong>AVENTURES EN SOLITAIRE<\/strong><\/p>\n<p><strong>Ryan Roxie<\/strong>, guitariste d&rsquo;Alice Cooper de longue date, a mis en ligne un nouveau single, \u201cFight Another Day\u201d, sur lequel il chante aussi, comme sur \u201cBetther Than You\u201d sorti en mai dernier. Il n&rsquo;a pas pr\u00e9cis\u00e9 s&rsquo;il fallait attendre un album en bonne et due forme.<\/p>\n<p style=\"text-align: center;\">\u200b<\/p>\n<p>&#13;<br \/>\n<strong>ANNIV&rsquo;\u00a0<\/strong><\/p>\n<p>Pour c\u00e9l\u00e9brer le quart de si\u00e8cle de \u00ab Mother Earth \u00bb, son second album, <strong>WITHIN TEMPTATION <\/strong>propose une version acoustique \u201cr\u00e9imagin\u00e9e\u201d de \u201cIce Queen\u201d, second single tir\u00e9 du LP qui a marqu\u00e9 le d\u00e9but du succ\u00e8s des N\u00e9erlandais. Le groupe continuera \u00e0 revisiter le disque au fil des mois \u00e0 venir.<\/p>\n<p style=\"text-align: center;\">\u200b<\/p>\n<p>&#13;<br \/>\n<strong>SUR LA TOUCHE\u00a0<\/strong><\/p>\n<p><strong>James Johnston<\/strong>, bassiste\/chanteur de <strong>BIFFY CLYRO<\/strong>, ne participera pas \u00e0 la tourn\u00e9e \u00e0 venir du trio \u00e9cossais et ce, pendant plusieurs mois. Il a en effet d\u00e9cid\u00e9 de se prendre en main pour r\u00e9soudre ses probl\u00e8mes d&rsquo;addiction et de d\u00e9pression. C&rsquo;est <strong>Naomi Macleod<\/strong>, qui a tourn\u00e9 avec le chanteur\/guitariste <strong>Simon Neal <\/strong>au sein d&rsquo;EMPIRE STATE BASTARD, un collectif grindcore, qui prendra sa place en attendant.<\/p>\n<p style=\"text-align: center;\">\u200b<\/p>\n<p>&#13;<br \/>\n<strong>ILS NE VIEILLIRONT PAS ENSEMBLE\u00a0<\/strong><\/p>\n<p><strong>Gianni Pontillo<\/strong>, ex-chanteur de VICTORY et HERMAN FRANK LEGACY, devient le rempla\u00e7ant officiel de\u00a0Carl Sentance\u00a0au sein de <strong>NAZARETH<\/strong>. Ce dernier avait rejoint les Ecossais voil\u00e0 10 ans.<\/p>\n<p style=\"text-align: center;\">\n<p>&#13;<br \/>\n<strong>RIEN QUE POUR VOS YEUX\u2026 (ET VOS OREILLES)<\/strong><\/p>\n<p>Et une interview exclusive de <strong>LYNYRD SKYNYRD<\/strong> dans <strong>METALXS<\/strong>, une !<\/p>\n<p style=\"text-align: center;\">\u200b<\/p>\n<p>&#13;<br \/>\n<strong>SOLIDARIT\u00c9<\/strong><\/p>\n<p>En mai dernier, <strong>Lou Koller<\/strong>, frontman de <strong>SICK OF IT ALL<\/strong>, annon\u00e7ait que son cancer \u00e0 l\u2018\u0153sophage, diagnostiqu\u00e9 en juin 2024, n&rsquo;\u00e9tait plus qu&rsquo;un mauvais souvenir. Mais depuis septembre, il a fait une r\u00e9cidive et si la chimioth\u00e9rapie maintient la tumeur en l&rsquo;\u00e9tat, elle n&rsquo;est toujours pas parvenue \u00e0 l&rsquo;\u00e9radiquer et il a perdu 30 kilos\u2026 Le 1er f\u00e9vrier prochain, un concert sera organis\u00e9 \u00e0 Brooklyn et les recettes seront vers\u00e9es au Sweet Relief, une organisation caritative qui vient en aide au chanteur pour lui permettre de payer son traitement. Si vous souhaitez donner un petit coup de pouce, cliquez <a href=\"https:\/\/www.sweetrelief.org\/loukollerfund.html\" target=\"_blank\" rel=\"noopener\">ici<\/a>. On lui souhaite \u00e9norm\u00e9ment de courage.<\/p>\n<blockquote class=\"instagram-media\" data-instgrm-captioned=\"\" data-instgrm-permalink=\"https:\/\/www.instagram.com\/reel\/DSf2Q-tklN3\/?utm_source=ig_embed&amp;utm_campaign=loading\" data-instgrm-version=\"14\" style=\" background:#FFF; border:0; border-radius:3px; box-shadow:0 0 1px 0 rgba(0,0,0,0.5),0 1px 10px 0 rgba(0,0,0,0.15); margin: 1px; max-width:540px; min-width:326px; padding:0; width:99.375%; width:-webkit-calc(100% - 2px); width:calc(100% - 2px);\"><p>&#13;<br \/>\n&#13;\n<\/p><\/blockquote>\n<p>&#13;<br \/>\n<strong>REVENANTS<\/strong><\/p>\n<p>Superstars dans leur Canada natal dans les ann\u00e9es 80, les musiciens de <strong>TRIUMPH<\/strong> (le chanteur\/guitariste <strong>Rik Emmett<\/strong>, le bassiste\/clavi\u00e9riste <strong>Mike Levine <\/strong>et le batteur <strong>Gil Moore<\/strong>) ont annonc\u00e9 leur premi\u00e8re tourn\u00e9e nord-am\u00e9ricaine depuis 30 ans. Le \u201cTriumph 50th Anniversary Tour\u201d sillonnera l&rsquo;Am\u00e9rique du Nord en 2026, d&rsquo;avril \u00e0 juin, et ce sont leurs compatriotes d&rsquo;APRIL WINE qui assureront leur premi\u00e8re partie.<\/p>\n<p style=\"text-align: center;\">\n<p>&#13;<br \/>\n<strong>UNDERGROUND<\/strong><\/p>\n<p>Le 98e opus de<strong> Labels &amp; les B\u00eates<\/strong> est en ligne.<\/p>\n<p style=\"text-align: center;\">\u200b<\/p>\n<p>&#13;<br \/>\n<strong>EN CONCERT\u00a0<\/strong><\/p>\n<p><strong>Adrian Belew<\/strong>\u00a0et\u00a0<strong>Tony Levin<\/strong>, respectivement ex-guitariste\/chanteur et ex-bassiste de\u00a0KING CRIMSON, accompagn\u00e9s de\u00a0<strong>Steve Vai<\/strong>\u00a0et\u00a0<strong>Danny Carey<\/strong>, batteur de TOOL, ont form\u00e9\u00a0<strong>BEAT <\/strong>en 2024. Un supergroupe qui, sur plus de\u00a060 concerts l&rsquo;an dernier,\u00a0a repris des chansons issues de\u00a0\u00ab\u00a0Discipline \u00bb,\u00a0\u00ab\u00a0Beat \u00bb et \u00ab Three Of A Perfect Pair \u00bb,\u00a0trois des albums majeurs de la l\u00e9gende britannique du rock progressif sortis dans les ann\u00e9es 80. Le quartet se produira en Europe de juin \u00e0 juillet prochains, avec \u00e9tapes en France \u00e0 L&rsquo;Olympia le 10 juin et \u00e0 Strasbourg, Salle Erasme, le 13.<\/p>\n<p>&#13;<br \/>\n&#13;<br \/>\n&#13;<\/p>\n<p style=\"text-align: center;\"><img decoding=\"async\" src=\"https:\/\/www.europesays.com\/fr\/wp-content\/uploads\/2025\/12\/HardForce-51.jpg\" style=\"height: 625px; width: 500px;\"\/><\/p>\n<p>&#13;<br \/>\n&#13;<br \/>\n&#13;<\/p>\n<p><strong>INTERVIEWS<\/strong>&#13;<br \/>\n&#13;\n<\/p>\n<p>Retrouvez toutes les interviews en cliquant sur <a href=\"https:\/\/hardforce.com\/interviews\" target=\"_blank\" rel=\"noopener\">ce lien<\/a>.<\/p>\n<p>&#13;<br \/>\n<strong>LIVE REVIEWS<\/strong><\/p>\n<p>Retrouvez tous les comptes-rendus de concert en cliquant <a href=\"https:\/\/hardforce.com\/concerts-reviews\" target=\"_blank\" rel=\"noopener\">ici<\/a>.<\/p>\n<p>&#13;<br \/>\n<strong>PORTFOLIOS<\/strong><\/p>\n<p>Retrouvez tous les portfolios en cliquant <a href=\"https:\/\/hardforce.com\/portfolios\" target=\"_blank\" rel=\"noopener\">l\u00e0<\/a>.<\/p>\n<p>&#13;<br \/>\n<strong>WTF ?\u00a0<\/strong><\/p>\n<p>Mauvaise surprise pour les fans de <strong>Randy Blythe<\/strong> &amp; Co qui avaient achet\u00e9 sur StubHub leur place pour ce qu&rsquo;ils croyaient \u00eatre un concert de <strong>LAMB OF GOD<\/strong>, le 20 d\u00e9cembre \u00e0 Spartanburg en Caroline du Sud. Le site s&rsquo;\u00e9tait pris les pieds dans le tapis et avait confondu \u201cAndrew Peterson\u2019s Behold The Lamb Of God\u201d, concert du musicien et auteur chr\u00e9tien de \u00ab Behold The Lamb Of God: The True Tall Tale Of The Coming Of Christ \u00bb, un album de No\u00ebl parlant de l&rsquo;av\u00e8nement de J\u00e9sus Christ, avec la formation de groove metal. Qui s&rsquo;appelait auparavant BURN THE PRIEST. Ces derniers tiennent en effet leur nom de l&rsquo;agneau de Dieu sacrifi\u00e9 par Abraham \u00e0 la place de son fils innocent, comme l&rsquo;a \u00e9t\u00e9 J\u00e9sus, sacrifi\u00e9 pour racheter les p\u00e9ch\u00e9s des Hommes. Ce qui n&rsquo;est pas la m\u00eame limonade. Les fans de <strong>LOG<\/strong> ont \u00e9t\u00e9 rembours\u00e9s.<br \/>&#13;<br \/>\nPlus prosa\u00efquement, leur 12e LP, dont on a d\u00e9j\u00e0 pu appr\u00e9cier un premier extrait, \u201cSepsis\u201d, en octobre, est attendu courant 2026.<\/p>\n<p>&#13;<br \/>\n<strong>CLASSICS<\/strong><\/p>\n<p>Pour son 2e num\u00e9ro,\u00a0<strong>Classics<\/strong>, le p&rsquo;tit dernier de la fratrie HARD FORCE, s&rsquo;est pench\u00e9 sur \u00ab Theatre Of Pain \u00bb, 3e <strong>M\u00d6TLEY CR\u00dcE<\/strong> qui a f\u00eat\u00e9 ses 40 ans. Comme pour\u00a0<strong>L&rsquo;Hebdo<\/strong>, il suffit de vous inscrire <a href=\"https:\/\/hardforce.com\/register\" target=\"_blank\" rel=\"noopener\">ici<\/a> pour recevoir les prochains num\u00e9ros.\u00a0<\/p>\n<p>&#13;<\/p>\n<p style=\"text-align: center;\"><img decoding=\"async\" src=\"https:\/\/www.europesays.com\/fr\/wp-content\/uploads\/2025\/12\/605542700-10225045623046572-3710935837434400233-n.jpg\" style=\"height: 707px; width: 500px;\"\/><\/p>\n<p>&#13;<\/p>\n<p>&#13;<br \/>\n<strong>CLASSEMENTS<\/strong><\/p>\n<p>Retrouvez le <strong>Top 100 des ventes rock et metal en France<\/strong> et, tant qu&rsquo;on y est, jetez aussi un coup d&rsquo;\u0153il sur ce qui marche en Allemagne, en Belgique\/Wallonie et outre-Manche.<\/p>\n<p style=\"text-align: center;\">\u200b<\/p>\n<p>&#13;<br \/>\n<strong>TOP 20 SINGLES &#8211; HEAVY1<\/strong><\/p>\n<p style=\"text-align: center;\">\u200b<\/p>\n<p>&#13;<br \/>\n<strong>DIVERS<\/strong><\/p>\n<p>Et toujours, pour les amateurs de d\u00e9couvertes musicales : <strong>Noiseweek<\/strong> sur HEAVY1 avec la 2e partie du BEST OF 2025&#8230; (<a href=\"https:\/\/heavy1.radio\/rss\/noiseweek-le-podcast-14\" target=\"_blank\" rel=\"noopener\">Podcast<\/a>)<\/p>\n<p style=\"text-align: center;\">\u200b<\/p>\n<p>\t\t\t\t\t\t\t<script async src=\"\/\/www.instagram.com\/embed.js\"><\/script><\/p>\n","protected":false},"excerpt":{"rendered":"&#13; Derni\u00e8re ligne droite de 2025 et petit ralentissement bien compr\u00e9hensible de l&rsquo;actualit\u00e9 musicale. Mais Plan\u00e8te Metal, votre&hellip;\n","protected":false},"author":2,"featured_media":627746,"comment_status":"","ping_status":"","sticky":false,"template":"","format":"standard","meta":{"footnotes":""},"categories":[1355],"tags":[73719,73730,73728,40958,73723,8785,73729,73722,58,59,1011,27,73726,73731,73721,73727,64433,67161,73725,72674,31724,9170,73717,1361,873,64429,73724,52397,60038,9154,52385,9153,25120,73732,73720,9193,10578,72650,73718],"class_list":{"0":"post-627745","1":"post","2":"type-post","3":"status-publish","4":"format-standard","5":"has-post-thumbnail","7":"category-musique","8":"tag-amorphis","9":"tag-axe-dragger","10":"tag-beat","11":"tag-biffy-clyro","12":"tag-brutal-assault","13":"tag-classics","14":"tag-close-enemies","15":"tag-courtney-love","16":"tag-divertissement","17":"tag-entertainment","18":"tag-fr","19":"tag-france","20":"tag-furios-fest","21":"tag-jacob-charlton","22":"tag-john-bush","23":"tag-labels-les-betes","24":"tag-lamb-of-god","25":"tag-lou-koller","26":"tag-lovebites","27":"tag-lynyrd-skynyrd","28":"tag-megadeth","29":"tag-metalxs","30":"tag-motley-crue","31":"tag-music","32":"tag-musique","33":"tag-myrath","34":"tag-nazareth","35":"tag-noiseweek","36":"tag-northlane","37":"tag-on-refait-lactu","38":"tag-on-refait-lactualite","39":"tag-planete-metal","40":"tag-queen","41":"tag-robben-robben-ford","42":"tag-ryan-roxie","43":"tag-top-100-rock-metal","44":"tag-triumph","45":"tag-visions-of-atlantis","46":"tag-within-temptation"},"share_on_mastodon":{"url":"","error":"Validation failed: Text character limit of 500 exceeded"},"_links":{"self":[{"href":"https:\/\/www.europesays.com\/fr\/wp-json\/wp\/v2\/posts\/627745","targetHints":{"allow":["GET"]}}],"collection":[{"href":"https:\/\/www.europesays.com\/fr\/wp-json\/wp\/v2\/posts"}],"about":[{"href":"https:\/\/www.europesays.com\/fr\/wp-json\/wp\/v2\/types\/post"}],"author":[{"embeddable":true,"href":"https:\/\/www.europesays.com\/fr\/wp-json\/wp\/v2\/users\/2"}],"replies":[{"embeddable":true,"href":"https:\/\/www.europesays.com\/fr\/wp-json\/wp\/v2\/comments?post=627745"}],"version-history":[{"count":0,"href":"https:\/\/www.europesays.com\/fr\/wp-json\/wp\/v2\/posts\/627745\/revisions"}],"wp:featuredmedia":[{"embeddable":true,"href":"https:\/\/www.europesays.com\/fr\/wp-json\/wp\/v2\/media\/627746"}],"wp:attachment":[{"href":"https:\/\/www.europesays.com\/fr\/wp-json\/wp\/v2\/media?parent=627745"}],"wp:term":[{"taxonomy":"category","embeddable":true,"href":"https:\/\/www.europesays.com\/fr\/wp-json\/wp\/v2\/categories?post=627745"},{"taxonomy":"post_tag","embeddable":true,"href":"https:\/\/www.europesays.com\/fr\/wp-json\/wp\/v2\/tags?post=627745"}],"curies":[{"name":"wp","href":"https:\/\/api.w.org\/{rel}","templated":true}]}}