{"id":627749,"date":"2025-12-29T14:24:10","date_gmt":"2025-12-29T14:24:10","guid":{"rendered":"https:\/\/www.europesays.com\/fr\/627749\/"},"modified":"2025-12-29T14:24:10","modified_gmt":"2025-12-29T14:24:10","slug":"lile-de-france-et-le-sud-de-lhexagone-particulierement-touches","status":"publish","type":"post","link":"https:\/\/www.europesays.com\/fr\/627749\/","title":{"rendered":"l\u2019\u00cele-de-France et le sud de l\u2019Hexagone particuli\u00e8rement touch\u00e9s"},"content":{"rendered":"\n<p>\n    R\u00e9serv\u00e9 aux abonn\u00e9s\n<\/p>\n<p>    Les cas de syndrome grippal se manifestent par une fi\u00e8vre brutale d\u00e9passant 39\u00b0C, associ\u00e9e \u00e0 des douleurs musculaires et \u00e0 divers signes respiratoires.<br \/>\n                Monstar Studio \/ stock.adobe.com<\/p>\n<p class=\"fig-standfirst\">\n    <strong>INFOGRAPHIES \u2013 <\/strong>L\u2019\u00e9pid\u00e9mie de grippe a officiellement commenc\u00e9 d\u00e9but d\u00e9cembre dans l\u2019Hexagone. Si certains territoires demeurent relativement \u00e9pargn\u00e9s, d\u2019autres voient le virus circuler rapidement.<\/p>\n<p><a class=\"fig-a11y-skip\" href=\"#fig-a11y-skip-main-pave_atf_artferme\" data-module=\"a11y-skip\" data-context=\"was @visible\"><br \/>\n    Passer la publicit\u00e9<br \/>\n<\/a>            <\/p>\n<p class=\"fig-paragraph\">L\u2019\u00e9pid\u00e9mie de grippe a officiellement commenc\u00e9 d\u00e9but d\u00e9cembre.\u00a0<a href=\"http:\/\/sante.lefigaro.fr\/social\/sante-publique\/on-a-atteint-2600-passages-aux-urgences-par-jour-l-epidemie-de-grippe-met-les-hopitaux-sous-tension-20250109\" data-fig-type=\"Article\" data-gtm-custom-categorie=\"navigation\" data-gtm-custom-action=\"crossclick\" data-gtm-custom-label=\"Contextuel\" data-gtm-event=\"customEventSPE\" data-fig-domain=\"SANTE\" target=\"_blank\" rel=\"noopener\">Cette infection virale respiratoire, extr\u00eamement contagieuse,<\/a>\u00a0revient chaque ann\u00e9e sous la forme de vastes vagues \u00e9pid\u00e9miques en hiver, et peut toucher entre 2% et 8% de la population. Les cas de syndrome grippal se manifestent par une fi\u00e8vre brutale d\u00e9passant 39\u00b0C, associ\u00e9e \u00e0 des douleurs musculaires et \u00e0 divers sympt\u00f4mes respiratoires.<\/p>\n<p class=\"fig-premium-paywall__infos\">\n        Cet article est r\u00e9serv\u00e9 aux abonn\u00e9s.        Il vous reste 88% \u00e0 d\u00e9couvrir.\n    <\/p>\n<p>                <img  data- alt=\"Le Figaro\" class=\"fig-img--complete fig-img\"\/><\/p>\n<p class=\"fig-premium-paywall__title\">Vous avez envie de lire la suite ?<\/p>\n<p class=\"fig-premium-paywall__subtitle\">D\u00e9bloquez tous les articles imm\u00e9diatement.<\/p>\n<p class=\"fig-premium-paywall__connect\">\n                D\u00e9j\u00e0 abonn\u00e9\u00a0?                <a class=\"fig-premium-paywall__connect-link\" href=\"https:\/\/connect.lefigaro.fr\/login?client=sante_web&amp;type=main&amp;redirect_uri=https%3A%2F%2Fsante.lefigaro.fr%2Fsocial%2Fsante-publique%2Fgrippe-l-ile-de-france-et-le-sud-particulierement-touches-20251229\" data-js-gtm=\"{&quot;customCategorie&quot;: &quot;conversion&quot;, &quot;customAction&quot;: &quot;before_Landing_Connexion_paywall_manuel&quot;, &quot;customLabel&quot;: &quot;c2FudGUubGVmaWdhcm8uZnJfXzFmMGQ2YjM0LWY4YTMtNjg0NC1hMDlmLTFiMDllMWEwMjdlMV9fTmV3c0ZsYXNo_Grippe\u00a0: l\u2019\u00cele-de-France et le sud de l\u2019Hexagone particuli\u00e8rement touch\u00e9s_762&quot;, &quot;customIDSPE&quot;: &quot;c2FudGUubGVmaWdhcm8uZnJfXzFmMGQ2YjM0LWY4YTMtNjg0NC1hMDlmLTFiMDllMWEwMjdlMV9fTmV3c0ZsYXNo&quot;, &quot;event&quot;: &quot;customEventSPE&quot;}\" target=\"_blank\" rel=\"noopener\"><br \/>\n                    Connectez-vous<br \/>\n                <\/a>\n            <\/p>\n<p>La r\u00e9daction vous conseille<\/p>\n<p class=\"fig-headline-tabbar\">\n        Grippe\u00a0: l\u2019\u00cele-de-France et le sud de l\u2019Hexagone particuli\u00e8rement touch\u00e9s\n    <\/p>\n<p>            <a href=\"https:\/\/abonnement.lefigaro.fr\/lefigaro?app=Figaro&amp;source=sticky-mobile&amp;redirect_uri=https%3A%2F%2Fsante.lefigaro.fr%2Fsocial%2Fsante-publique%2Fgrippe-l-ile-de-france-et-le-sud-particulierement-touches-20251229\" class=\"fig-subscription-button fig-subscription-button--mobile\" data-gtm=\"{&quot;customCategorie&quot;:&quot;conversion&quot;,&quot;customAction&quot;:&quot;before_Landing_Premium_Tapbar&quot;,&quot;customLabel&quot;:&quot;c2FudGUubGVmaWdhcm8uZnJfXzFmMGQ2YjM0LWY4YTMtNjg0NC1hMDlmLTFiMDllMWEwMjdlMV9fTmV3c0ZsYXNo_grippe_l_ile_de_france_et_le_sud_de_l_hexagone_particulierement_touches&quot;,&quot;customIDSPE&quot;:&quot;c2FudGUubGVmaWdhcm8uZnJfXzFmMGQ2YjM0LWY4YTMtNjg0NC1hMDlmLTFiMDllMWEwMjdlMV9fTmV3c0ZsYXNo&quot;,&quot;event&quot;:&quot;customEventSPE&quot;}\" referrerpolicy=\"unsafe-url\" target=\"_blank\" rel=\"noopener\"><br \/>\n    S&rsquo;ABONNER<br \/>\n<\/a><\/p>\n<p>            Fermer<\/p>\n<p>            <a href=\"https:\/\/abonnement.lefigaro.fr\/lefigaro?app=Figaro&amp;source=sticky-desktop&amp;redirect_uri=https%3A%2F%2Fsante.lefigaro.fr%2Fsocial%2Fsante-publique%2Fgrippe-l-ile-de-france-et-le-sud-particulierement-touches-20251229\" class=\"fig-subscription-button fig-subscription-button--desktop\" data-gtm=\"{&quot;customCategorie&quot;:&quot;conversion&quot;,&quot;customAction&quot;:&quot;before_Landing_Premium_Tapbar&quot;,&quot;customLabel&quot;:&quot;c2FudGUubGVmaWdhcm8uZnJfXzFmMGQ2YjM0LWY4YTMtNjg0NC1hMDlmLTFiMDllMWEwMjdlMV9fTmV3c0ZsYXNo_grippe_l_ile_de_france_et_le_sud_de_l_hexagone_particulierement_touches&quot;,&quot;customIDSPE&quot;:&quot;c2FudGUubGVmaWdhcm8uZnJfXzFmMGQ2YjM0LWY4YTMtNjg0NC1hMDlmLTFiMDllMWEwMjdlMV9fTmV3c0ZsYXNo&quot;,&quot;event&quot;:&quot;customEventSPE&quot;}\" referrerpolicy=\"unsafe-url\" target=\"_blank\" rel=\"noopener\"><br \/>\n    S&rsquo;abonner<br \/>\n<\/a><\/p>\n<p>        <a class=\"fig-a11y-skip\" href=\"#fig-a11y-skip-bottom-taboola-new-site-below-article-thumbnails-premium-paywall\" data-module=\"a11y-skip\" data-context=\"was @visible\"><br \/>\n    Passer la publicit\u00e9<br \/>\n<\/a>        <\/p>\n<p>    <a class=\"fig-a11y-skip\" href=\"#fig-a11y-skip-bottom-taboola-new-site-mobile-feed-article-premium-paywall\" data-module=\"a11y-skip\" data-context=\"was @visible\"><br \/>\n    Passer la publicit\u00e9<br \/>\n<\/a>        <\/p>\n<ol class=\"fig-related-content__list\">\n<li class=\"fig-related-content__item\">\n<p>                                                                                                                                                                                                                                                            <a href=\"https:\/\/sante.lefigaro.fr\/medecine\/grippe-un-vaccin-a-arn-messager-plus-efficace-que-les-vaccins-traditionnels-20251129\" class=\"fig-ranking-profile-link\" aria-label=\"Grippe\u00a0: un vaccin \u00e0 ARN messager plus efficace que les vaccins traditionnels (article Premium)\" title=\"Grippe\u00a0: un vaccin \u00e0 ARN messager plus efficace que les vaccins traditionnels (article Premium)\" data-fig-domain=\"LEFIGARO\" target=\"_blank\" rel=\"noopener\"><\/p>\n<p>        Grippe\u00a0: un vaccin \u00e0 ARN messager plus efficace que les vaccins traditionnels<\/p>\n<p>                                                <\/a><\/p>\n<p>        <img   class=\"fig-img fig-ranking-profile-media-small-picture__photo\" alt=\"Grippe\u00a0: un vaccin \u00e0 ARN messager plus efficace que les vaccins traditionnels\" height=\"1602\" width=\"2849\"\/><\/p>\n<p class=\"fig-ranking-profile-standfirst\">\n    <strong>D\u00c9CRYPTAGE &#8211;<\/strong> Les r\u00e9sultats montrent que le vaccin Pfizer \u00e0 ARNm est 34,5\u00a0% plus efficace que son homologue. Mais il reste un long chemin avant qu\u2019il s\u2019impose&#8230;\n<\/p>\n<\/li>\n<li class=\"fig-related-content__item\">\n<p>                                                                                                                                                                                                                                                            <a href=\"https:\/\/sante.lefigaro.fr\/mieux-etre\/rhume-toux-etat-grippal-ces-medicaments-dont-vous-feriez-mieux-de-vous-abstenir-20251115\" class=\"fig-ranking-profile-link\" aria-label=\"Rhume, toux, \u00e9tat grippal... Ces m\u00e9dicaments que vous feriez mieux d\u2019\u00e9viter de consommer (article Premium)\" title=\"Rhume, toux, \u00e9tat grippal... Ces m\u00e9dicaments que vous feriez mieux d\u2019\u00e9viter de consommer (article Premium)\" data-fig-domain=\"LEFIGARO\" target=\"_blank\" rel=\"noopener\"><\/p>\n<p>        Rhume, toux, \u00e9tat grippal&#8230; Ces m\u00e9dicaments que vous feriez mieux d\u2019\u00e9viter de consommer<\/p>\n<p>                                                <\/a><\/p>\n<p>        <img   class=\"fig-img fig-ranking-profile-media-small-picture__photo\" alt=\"Rhume, toux, \u00e9tat grippal... Ces m\u00e9dicaments que vous feriez mieux d\u2019\u00e9viter de consommer\" height=\"1688\" width=\"3000\"\/><\/p>\n<p class=\"fig-ranking-profile-standfirst\">\n    <strong>NOS CONSEILS &#8211; <\/strong>Avant de remplir votre panier \u00e0 la pharmacie, d\u00e9couvrez ce qui soulage vraiment&#8230; et ce qui all\u00e8ge surtout votre portefeuille.\n<\/p>\n<\/li>\n<li class=\"fig-related-content__item\">\n<p>                                                                                                                                                                                                                                                            <a href=\"https:\/\/sante.lefigaro.fr\/medecine\/pourquoi-certaines-personnes-sont-elles-systematiquement-enrhumees-en-hiver-20251102\" class=\"fig-ranking-profile-link\" aria-label=\"Pourquoi certaines personnes sont-elles syst\u00e9matiquement enrhum\u00e9es en hiver\u00a0? (article Premium)\" title=\"Pourquoi certaines personnes sont-elles syst\u00e9matiquement enrhum\u00e9es en hiver\u00a0? (article Premium)\" data-fig-domain=\"LEFIGARO\" target=\"_blank\" rel=\"noopener\"><\/p>\n<p>        Pourquoi certaines personnes sont-elles syst\u00e9matiquement enrhum\u00e9es en hiver\u00a0?<\/p>\n<p>                                                <\/a><\/p>\n<p>        <img   class=\"fig-img fig-ranking-profile-media-small-picture__photo\" alt=\"Pourquoi certaines personnes sont-elles syst\u00e9matiquement enrhum\u00e9es en hiver\u00a0?\" height=\"1687\" width=\"3000\"\/><\/p>\n<p class=\"fig-ranking-profile-standfirst\">\n    Chaque ann\u00e9e, c\u2019est la m\u00eame chose\u00a0: certains passent l\u2019hiver indemnes, quand d\u2019autres encha\u00eenent les infections respiratoires. Quels facteurs expliquent cette in\u00e9galit\u00e9 face aux virus de l\u2019hiver\u00a0?\n<\/p>\n<\/li>\n<li class=\"fig-related-content__item\">\n<p>                                                                                                                                                                                                                                                            <a href=\"https:\/\/sante.lefigaro.fr\/social\/sante-publique\/covid-grippe-les-enjeux-cruciaux-de-la-campagne-vaccinale-qui-debute-ce-mardi-20251013\" class=\"fig-ranking-profile-link\" data-fig-domain=\"LEFIGARO\" target=\"_blank\" rel=\"noopener\"><\/p>\n<p>        Covid, grippe\u00a0: les enjeux cruciaux de la campagne vaccinale qui vient de d\u00e9marrer<\/p>\n<p>                                                <\/a><\/p>\n<p>        <img   class=\"fig-img fig-ranking-profile-media-small-picture__photo\" alt=\"Covid, grippe\u00a0: les enjeux cruciaux de la campagne vaccinale qui vient de d\u00e9marrer\" height=\"2000\" width=\"3000\"\/><\/p>\n<p class=\"fig-ranking-profile-standfirst\">\n    <strong>D\u00c9CRYPTAGE &#8211; <\/strong>Les autorit\u00e9s de sant\u00e9 misent sur une strat\u00e9gie simplifi\u00e9e et des vaccins plus performants pour renforcer la protection des personnes \u00e2g\u00e9es et vuln\u00e9rables. L\u2019hiver dernier, la grippe avait fait plus de 17.000\u00a0morts.\n<\/p>\n<\/li>\n<li class=\"fig-related-content__item\">\n<p>                                                                                                                                                                                                                                                            <a href=\"https:\/\/sante.lefigaro.fr\/medecine\/grippe-une-biotech-francaise-tente-de-mettre-au-point-un-vaccin-universel-20251013\" class=\"fig-ranking-profile-link\" aria-label=\"Grippe\u00a0: une biotech fran\u00e7aise tente de mettre au point un vaccin universel (article Premium)\" title=\"Grippe\u00a0: une biotech fran\u00e7aise tente de mettre au point un vaccin universel (article Premium)\" data-fig-domain=\"LEFIGARO\" target=\"_blank\" rel=\"noopener\"><\/p>\n<p>        Grippe\u00a0: une biotech fran\u00e7aise tente de mettre au point un vaccin universel<\/p>\n<p>                                                <\/a><\/p>\n<p>        <img   class=\"fig-img fig-ranking-profile-media-small-picture__photo\" alt=\"Grippe\u00a0: une biotech fran\u00e7aise tente de mettre au point un vaccin universel\" height=\"1687\" width=\"3000\"\/><\/p>\n<p class=\"fig-ranking-profile-standfirst\">\n    <strong>D\u00c9CRYPTAGE &#8211; <\/strong>Des chercheurs tentent de mettre au point un vaccin efficace contre presque toutes les souches de grippe, pour mieux prot\u00e9ger la population contre la maladie saisonni\u00e8re mais aussi en cas de pand\u00e9mie.\n<\/p>\n<\/li>\n<li class=\"fig-related-content__item\">\n<p>                                                                                                                                                                                                                                                            <a href=\"https:\/\/sante.lefigaro.fr\/social\/sante-publique\/au-coeur-du-plus-grand-centre-de-fabrication-de-vaccin-antigrippe-du-monde-a-val-de-reuil-20251012\" class=\"fig-ranking-profile-link\" aria-label=\"Au c\u0153ur du plus grand centre de fabrication de vaccin antigrippal du monde, \u00e0 Val-de-Reuil (article Premium)\" title=\"Au c\u0153ur du plus grand centre de fabrication de vaccin antigrippal du monde, \u00e0 Val-de-Reuil (article Premium)\" data-fig-domain=\"LEFIGARO\" target=\"_blank\" rel=\"noopener\"><\/p>\n<p>        Au c\u0153ur du plus grand centre de fabrication de vaccin antigrippal du monde, \u00e0 Val-de-Reuil<\/p>\n<p>                                                <\/a><\/p>\n<p>        <img   class=\"fig-img fig-ranking-profile-media-small-picture__photo\" alt=\"Au c\u0153ur du plus grand centre de fabrication de vaccin antigrippal du monde, \u00e0 Val-de-Reuil\" height=\"2000\" width=\"3000\"\/><\/p>\n<p class=\"fig-ranking-profile-standfirst\">\n    <strong>REPORTAGE &#8211; <\/strong>Le Figaro a suivi les derni\u00e8res grandes \u00e9tapes de fabrication du vaccin contre la grippe au centre de Sanofi \u00e0 Val-de-Reuil (Eure), premier producteur mondial de vaccins antigrippal.\n<\/p>\n<\/li>\n<li class=\"fig-related-content__item\">\n<p>                                                                                                                                                                                                                                                            <a href=\"https:\/\/sante.lefigaro.fr\/medecine\/grippe-pourquoi-devient-elle-si-dangereuse-apres-65-ans-20250914\" class=\"fig-ranking-profile-link\" aria-label=\"Grippe\u00a0: pourquoi devient-elle si dangereuse apr\u00e8s 65\u00a0ans\u00a0? (article Premium)\" title=\"Grippe\u00a0: pourquoi devient-elle si dangereuse apr\u00e8s 65\u00a0ans\u00a0? (article Premium)\" data-fig-domain=\"LEFIGARO\" target=\"_blank\" rel=\"noopener\"><\/p>\n<p>        Grippe\u00a0: pourquoi devient-elle si dangereuse apr\u00e8s 65\u00a0ans\u00a0?<\/p>\n<p>                                                <\/a><\/p>\n<p>        <img   class=\"fig-img fig-ranking-profile-media-small-picture__photo\" alt=\"Grippe\u00a0: pourquoi devient-elle si dangereuse apr\u00e8s 65\u00a0ans\u00a0?\" height=\"1687\" width=\"3000\"\/><\/p>\n<p class=\"fig-ranking-profile-standfirst\">\n    <strong>D\u00c9CRYPTAGE &#8211; <\/strong>Une \u00e9tude r\u00e9v\u00e8le le r\u00f4le inattendu d\u2019une prot\u00e9ine, dont la concentration augmente dans les poumons avec l\u2019\u00e2ge et qui affaiblit la premi\u00e8re ligne de d\u00e9fense du syst\u00e8me immunitaire.\n<\/p>\n<\/li>\n<li class=\"fig-related-content__item\">\n<p>                                                                                                                                                                                                                                                            <a href=\"https:\/\/sante.lefigaro.fr\/medecine\/la-campagne-de-vaccination-contre-la-grippe-et-le-covid-commencera-le-14-octobre-prochain-20250910\" class=\"fig-ranking-profile-link\" data-fig-domain=\"LEFIGARO\" target=\"_blank\" rel=\"noopener\"><\/p>\n<p>        La campagne de vaccination contre la grippe et le Covid commencera le 14 octobre prochain<\/p>\n<p>                                                <\/a><\/p>\n<p>        <img   class=\"fig-img fig-ranking-profile-media-small-picture__photo\" alt=\"La campagne de vaccination contre la grippe et le Covid commencera le 14 octobre prochain\" height=\"2000\" width=\"3000\"\/><\/p>\n<p class=\"fig-ranking-profile-standfirst\">\n    Les deux vaccins peuvent \u00eatre inject\u00e9s au m\u00eame moment, mais ne sont pas combin\u00e9s dans une m\u00eame dose.\n<\/p>\n<\/li>\n<li class=\"fig-related-content__item\">\n<p>                                                                                                                                                                                                                                                            <a href=\"https:\/\/sante.lefigaro.fr\/medecine\/la-grippe-ou-le-covid-peuvent-reveiller-des-cellules-cancereuses-dormantes-et-favoriser-les-metastases-20250731\" class=\"fig-ranking-profile-link\" aria-label=\"La grippe ou le Covid peuvent r\u00e9veiller des cellules canc\u00e9reuses dormantes et favoriser les m\u00e9tastases (article Premium)\" title=\"La grippe ou le Covid peuvent r\u00e9veiller des cellules canc\u00e9reuses dormantes et favoriser les m\u00e9tastases (article Premium)\" data-fig-domain=\"LEFIGARO\" target=\"_blank\" rel=\"noopener\"><\/p>\n<p>        La grippe ou le Covid peuvent r\u00e9veiller des cellules canc\u00e9reuses dormantes et favoriser les m\u00e9tastases<\/p>\n<p>                                                <\/a><\/p>\n<p>        <img   class=\"fig-img fig-ranking-profile-media-small-picture__photo\" alt=\"La grippe ou le Covid peuvent r\u00e9veiller des cellules canc\u00e9reuses dormantes et favoriser les m\u00e9tastases\" height=\"1997\" width=\"3000\"\/><\/p>\n<p class=\"fig-ranking-profile-standfirst\">\n    <strong>D\u00c9CRYPTAGE &#8211;<\/strong> Si les infections respiratoires sont responsables de plusieurs milliers de d\u00e9c\u00e8s en France chaque ann\u00e9e, il se pourrait qu\u2019elles aient aussi des effets d\u00e9l\u00e9t\u00e8res plus sournois, diff\u00e9r\u00e9s dans le temps.\n<\/p>\n<\/li>\n<li class=\"fig-related-content__item\">\n<p>                                                                                                                                                                                                                                                            <a href=\"https:\/\/sante.lefigaro.fr\/medecine\/grippe-le-vaccin-nasal-recommande-pour-les-enfants-mais-toujours-indisponible-en-france-20250517\" class=\"fig-ranking-profile-link\" aria-label=\"Grippe\u00a0: le vaccin nasal, recommand\u00e9 pour les enfants mais toujours indisponible en France (article Premium)\" title=\"Grippe\u00a0: le vaccin nasal, recommand\u00e9 pour les enfants mais toujours indisponible en France (article Premium)\" data-fig-domain=\"LEFIGARO\" target=\"_blank\" rel=\"noopener\"><\/p>\n<p>        Grippe\u00a0: le vaccin nasal, recommand\u00e9 pour les enfants mais toujours indisponible en France<\/p>\n<p>                                                <\/a><\/p>\n<p>        <img   class=\"fig-img fig-ranking-profile-media-small-picture__photo\" alt=\"Grippe\u00a0: le vaccin nasal, recommand\u00e9 pour les enfants mais toujours indisponible en France\" height=\"1687\" width=\"3000\"\/><\/p>\n<p class=\"fig-ranking-profile-standfirst\">\n    Facile \u00e0 administrer, mieux accept\u00e9 et possiblement plus efficace, le vaccin nasal contre la grippe est recommand\u00e9 d\u00e8s 2\u00a0ans par les autorit\u00e9s de sant\u00e9. Mais il n\u2019est toujours pas commercialis\u00e9 en pharmacie.\n<\/p>\n<\/li>\n<\/ol>\n","protected":false},"excerpt":{"rendered":"R\u00e9serv\u00e9 aux abonn\u00e9s Les cas de syndrome grippal se manifestent par une fi\u00e8vre brutale d\u00e9passant 39\u00b0C, associ\u00e9e \u00e0&hellip;\n","protected":false},"author":2,"featured_media":602449,"comment_status":"","ping_status":"","sticky":false,"template":"","format":"standard","meta":{"footnotes":""},"categories":[10],"tags":[1011,27,29786,66902,72,71,58210],"class_list":{"0":"post-627749","1":"post","2":"type-post","3":"status-publish","4":"format-standard","5":"has-post-thumbnail","7":"category-sante","8":"tag-fr","9":"tag-france","10":"tag-grippe","11":"tag-grippe-a","12":"tag-health","13":"tag-sante","14":"tag-vaccination-contre-la-grippe"},"share_on_mastodon":{"url":"https:\/\/pubeurope.com\/@fr\/115803315731395416","error":""},"_links":{"self":[{"href":"https:\/\/www.europesays.com\/fr\/wp-json\/wp\/v2\/posts\/627749","targetHints":{"allow":["GET"]}}],"collection":[{"href":"https:\/\/www.europesays.com\/fr\/wp-json\/wp\/v2\/posts"}],"about":[{"href":"https:\/\/www.europesays.com\/fr\/wp-json\/wp\/v2\/types\/post"}],"author":[{"embeddable":true,"href":"https:\/\/www.europesays.com\/fr\/wp-json\/wp\/v2\/users\/2"}],"replies":[{"embeddable":true,"href":"https:\/\/www.europesays.com\/fr\/wp-json\/wp\/v2\/comments?post=627749"}],"version-history":[{"count":0,"href":"https:\/\/www.europesays.com\/fr\/wp-json\/wp\/v2\/posts\/627749\/revisions"}],"wp:featuredmedia":[{"embeddable":true,"href":"https:\/\/www.europesays.com\/fr\/wp-json\/wp\/v2\/media\/602449"}],"wp:attachment":[{"href":"https:\/\/www.europesays.com\/fr\/wp-json\/wp\/v2\/media?parent=627749"}],"wp:term":[{"taxonomy":"category","embeddable":true,"href":"https:\/\/www.europesays.com\/fr\/wp-json\/wp\/v2\/categories?post=627749"},{"taxonomy":"post_tag","embeddable":true,"href":"https:\/\/www.europesays.com\/fr\/wp-json\/wp\/v2\/tags?post=627749"}],"curies":[{"name":"wp","href":"https:\/\/api.w.org\/{rel}","templated":true}]}}