{"id":627750,"date":"2025-12-29T14:25:10","date_gmt":"2025-12-29T14:25:10","guid":{"rendered":"https:\/\/www.europesays.com\/fr\/627750\/"},"modified":"2025-12-29T14:25:10","modified_gmt":"2025-12-29T14:25:10","slug":"exclu-midol-top-14-prive-dadrea-cocagi-pour-plusieurs-mois-le-castres-olympique-engage-un-joueur-de-pro-d2-comme-joker-medical","status":"publish","type":"post","link":"https:\/\/www.europesays.com\/fr\/627750\/","title":{"rendered":"Exclu Midol. Top 14 \u2013 Priv\u00e9 d\u2019Adrea Cocagi pour plusieurs mois, le Castres olympique engage un joueur de Pro D2 comme joker m\u00e9dical"},"content":{"rendered":"<p>\n                Apr\u00e8s le d\u00e9part d\u2019Adrien S\u00e9guret \u00e0 La\u00a0Rochelle et la grave blessure d\u2019Adrea Cocagi la semaine derni\u00e8re, le Castres olympique avait besoin de renfort au poste de centre. Selon nos informations, le club tarnais a trouv\u00e9 son bonheur en la personne d\u2019Atu Manu. Le Tongien de 27 ans, qui \u00e9volue \u00e0 Nevers depuis 2024, arrive en qualit\u00e9 de joker m\u00e9dical pour plusieurs mois.\n            <\/p>\n<p>Le poste de centre donne de gros maux de t\u00eate au staff castrais cette saison. Adrien S\u00e9guret a quitt\u00e9\u00a0le CO voil\u00e0 quelques semaines pour rejoindre La\u00a0Rochelle et le 20\u00a0d\u00e9cembre dernier, Adrea Cocagi s\u2019est fractur\u00e9 un bras sur la pelouse de Montpellier. Le Fidjien va \u00eatre absent au moins trois mois. De ce fait, le staff tarnais avait besoin de renfort puisque seuls Jack Goodhue, Vilimoni Botitu et Vuate Karawalevu \u00e9taient\u00a0disponibles pour couvrir les postes de premier et second centre lors de la r\u00e9ception de Lyon.<\/p>\n<p>Six matchs cette saison avec Nevers<\/p>\n<p>Selon nos informations, un joker m\u00e9dical a pos\u00e9 ses valises dans le Tarn cette semaine\u00a0: Atu Manu (27 ans). Ce dernier s\u2019est engag\u00e9 pour plusieurs mois avec le CO. Le Tongien (deux s\u00e9lections) \u00e9voluait \u00e0 Nevers en ce d\u00e9but de saison, o\u00f9 il est arriv\u00e9 en 2024 apr\u00e8s des passages \u00e0 Grenoble, au Stade fran\u00e7ais, \u00e0 Carcassonne ou encore \u00e0 Massy. Cette saison, Manu a disput\u00e9 six matchs avec l\u2019Uson, dont trois dans la peau d\u2019un titulaire. Il\u00a0postule d\u2019ores et d\u00e9j\u00e0 et pourrait faire ses d\u00e9buts avec Castres ce samedi apr\u00e8s-midi sur la pelouse du Stade fran\u00e7ais.<\/p>\n","protected":false},"excerpt":{"rendered":"Apr\u00e8s le d\u00e9part d\u2019Adrien S\u00e9guret \u00e0 La\u00a0Rochelle et la grave blessure d\u2019Adrea Cocagi la semaine derni\u00e8re, le Castres&hellip;\n","protected":false},"author":2,"featured_media":627751,"comment_status":"","ping_status":"","sticky":false,"template":"","format":"standard","meta":{"footnotes":""},"categories":[9],"tags":[1011,27,60,10662],"class_list":{"0":"post-627750","1":"post","2":"type-post","3":"status-publish","4":"format-standard","5":"has-post-thumbnail","7":"category-sports","8":"tag-fr","9":"tag-france","10":"tag-sports","11":"tag-transferts"},"share_on_mastodon":{"url":"https:\/\/pubeurope.com\/@fr\/115803319633671303","error":""},"_links":{"self":[{"href":"https:\/\/www.europesays.com\/fr\/wp-json\/wp\/v2\/posts\/627750","targetHints":{"allow":["GET"]}}],"collection":[{"href":"https:\/\/www.europesays.com\/fr\/wp-json\/wp\/v2\/posts"}],"about":[{"href":"https:\/\/www.europesays.com\/fr\/wp-json\/wp\/v2\/types\/post"}],"author":[{"embeddable":true,"href":"https:\/\/www.europesays.com\/fr\/wp-json\/wp\/v2\/users\/2"}],"replies":[{"embeddable":true,"href":"https:\/\/www.europesays.com\/fr\/wp-json\/wp\/v2\/comments?post=627750"}],"version-history":[{"count":0,"href":"https:\/\/www.europesays.com\/fr\/wp-json\/wp\/v2\/posts\/627750\/revisions"}],"wp:featuredmedia":[{"embeddable":true,"href":"https:\/\/www.europesays.com\/fr\/wp-json\/wp\/v2\/media\/627751"}],"wp:attachment":[{"href":"https:\/\/www.europesays.com\/fr\/wp-json\/wp\/v2\/media?parent=627750"}],"wp:term":[{"taxonomy":"category","embeddable":true,"href":"https:\/\/www.europesays.com\/fr\/wp-json\/wp\/v2\/categories?post=627750"},{"taxonomy":"post_tag","embeddable":true,"href":"https:\/\/www.europesays.com\/fr\/wp-json\/wp\/v2\/tags?post=627750"}],"curies":[{"name":"wp","href":"https:\/\/api.w.org\/{rel}","templated":true}]}}