{"id":627758,"date":"2025-12-29T14:29:10","date_gmt":"2025-12-29T14:29:10","guid":{"rendered":"https:\/\/www.europesays.com\/fr\/627758\/"},"modified":"2025-12-29T14:29:10","modified_gmt":"2025-12-29T14:29:10","slug":"bardot-les-grands-exces-de-vitesse-en-delit-et-pourparlers-sur-lukraine","status":"publish","type":"post","link":"https:\/\/www.europesays.com\/fr\/627758\/","title":{"rendered":"Bardot, les grands exc\u00e8s de vitesse en d\u00e9lit, et pourparlers sur l\u2019Ukraine"},"content":{"rendered":"<p>Vous avez manqu\u00e9 les infos de ce d\u00e9but de matin\u00e9e\u00a0? On vous a concoct\u00e9 un r\u00e9cap pour vous aider \u00e0 y voir plus clair, et briller chez vous ou \u00e0 la machine \u00e0 caf\u00e9.<\/p>\n<p>Ic\u00f4ne fran\u00e7aise, <a href=\"https:\/\/www.20minutes.fr\/arts-stars\/cinema\/4193388-20251228-mort-brigitte-bardot-mepris-verite-carriere-b-b-cinq-films\" class=\"c-link c-link--is-underlined\" target=\"_blank\" rel=\"noopener\">Brigitte Bardot<\/a> \u00e9tait \u00e9galement une star internationale. Les m\u00e9dias du monde entier ont \u00e9voqu\u00e9, ce lundi, la disparition de l\u2019artiste fran\u00e7aise, entre hommages et commentaires critiques. En Italie, c\u2019est un \u00ab\u00a0mythe national fran\u00e7ais\u00a0\u00bb qui dispara\u00eet, selon l\u2019agence de presse nationale Ansa, pendant que La Repubblica \u00e9voque \u00ab\u00a0une diva rebelle\u00a0\u00bb qui \u00ab\u00a0a choisi la libert\u00e9 jusqu\u2019au bout\u00a0\u00bb. Alors que le El Mundo, journal espagnol, compare Brigitte Bardot \u00e0 Marilyn Monroe, le New York Times titre sans \u00e9quivoque\u00a0: \u00ab\u00a0Du sex-appeal \u00e0 l\u2019extr\u00eame droite\u00a0\u00bb. Le quotidien am\u00e9ricain estime que, loin d\u2019\u00eatre \u00ab\u00a0une figure consensuelle\u00a0\u00bb, Bardot a repr\u00e9sent\u00e9 \u00ab\u00a0l\u2019une des premi\u00e8res stars probl\u00e9matiques de l\u2019\u00e9poque moderne\u00a0\u00bb.<\/p>\n<\/p>\n<p>Alors que le nombre de tr\u00e8s grands exc\u00e8s de vitesse a explos\u00e9 depuis une petite dizaine d\u2019ann\u00e9es, les exc\u00e8s de plus de 50\u00a0km\/h seront plus lourdement sanctionn\u00e9s \u00e0 compter de ce lundi 29\u00a0d\u00e9cembre. Les contrevenants s\u2019exposent \u00e0 une peine de trois mois d\u2019emprisonnement et jusqu\u2019\u00e0 3.750 euros d\u2019amende. Le chauffard fera \u00e9galement l\u2019objet d\u2019une inscription de la condamnation sur son <a href=\"https:\/\/www.20minutes.fr\/economie\/2521795-20190520-le-casier-judiciaire-se-dematerialise\" class=\"c-link c-link--is-underlined\" target=\"_blank\" rel=\"noopener\">casier judiciaire<\/a>, r\u00e9v\u00e8le le d\u00e9cret publi\u00e9 mercredi au Journal officiel. Les automobilistes roulant trop vite verront aussi leur v\u00e9hicule confisqu\u00e9 et leur permis suspendu pendant trois ans. La S\u00e9curit\u00e9 routi\u00e8re a salu\u00e9, la semaine derni\u00e8re, une \u00ab\u00a0r\u00e9ponse judiciaire plus ferme\u00a0\u00bb face aux grands exc\u00e8s de vitesse.<\/p>\n<p>Au lendemain de la rencontre Trump-Zelensky en Floride, le pr\u00e9sident am\u00e9ricain et le Kremlin se <a href=\"https:\/\/www.20minutes.fr\/monde\/ukraine\/4193406-20251229-guerre-ukraine-paix-donbass-trump-tres-optimiste-accord-entre-poutine-zelensky\" class=\"c-link c-link--is-underlined\" target=\"_blank\" rel=\"noopener\">montrent optimistes.<\/a> Tous deux estiment que les pourparlers visant \u00e0 mettre fin \u00e0 la guerre en Ukraine en sont \u00e0 leur phase finale. \u00ab\u00a0Je ne veux pas dire quand, mais je pense que nous allons y arriver\u00a0\u00bb, consid\u00e8re Donald Trump, lequel propose aussi de venir s\u2019exprimer devant le Parlement ukrainien pour faire avancer son plan de paix.<\/p>\n<p><a href=\"https:\/\/www.20minutes.fr\/monde\/ukraine\/\" class=\"c-link c-btn c-btn--primary\" target=\"_blank\" rel=\"noopener\">Le dossier Guerre en Ukraine<\/a><\/p>\n<p>Volodymyr Zelensky se montre plus mesur\u00e9. Il explique ce lundi que les Etats-Unis ont propos\u00e9 \u00e0 l\u2019Ukraine des garanties de s\u00e9curit\u00e9 \u00ab\u00a0solides\u00a0\u00bb pour une p\u00e9riode de 15 ans prolongeable. Mais affirme que tout plan pour mettre fin \u00e0 la guerre devra \u00eatre sign\u00e9 par Kiev, Moscou, Washington et les Europ\u00e9ens. Une r\u00e9union des alli\u00e9s de Kiev est annonc\u00e9e d\u00e9but janvier \u00e0 Paris.<\/p>\n","protected":false},"excerpt":{"rendered":"Vous avez manqu\u00e9 les infos de ce d\u00e9but de matin\u00e9e\u00a0? On vous a concoct\u00e9 un r\u00e9cap pour vous&hellip;\n","protected":false},"author":2,"featured_media":627759,"comment_status":"","ping_status":"","sticky":false,"template":"","format":"standard","meta":{"footnotes":""},"categories":[5],"tags":[47,11,20224,5915,1011,27,131,14,12,104,4804,28],"class_list":{"0":"post-627758","1":"post","2":"type-post","3":"status-publish","4":"format-standard","5":"has-post-thumbnail","7":"category-international","8":"tag-actualite","9":"tag-actualites","10":"tag-brigitte-bardot","11":"tag-exces-de-vitesse","12":"tag-fr","13":"tag-france","14":"tag-guerre-en-ukraine","15":"tag-international","16":"tag-news","17":"tag-societe","18":"tag-toute-linfo-en-2-minutes","19":"tag-world"},"share_on_mastodon":{"url":"https:\/\/pubeurope.com\/@fr\/115803335389287270","error":""},"_links":{"self":[{"href":"https:\/\/www.europesays.com\/fr\/wp-json\/wp\/v2\/posts\/627758","targetHints":{"allow":["GET"]}}],"collection":[{"href":"https:\/\/www.europesays.com\/fr\/wp-json\/wp\/v2\/posts"}],"about":[{"href":"https:\/\/www.europesays.com\/fr\/wp-json\/wp\/v2\/types\/post"}],"author":[{"embeddable":true,"href":"https:\/\/www.europesays.com\/fr\/wp-json\/wp\/v2\/users\/2"}],"replies":[{"embeddable":true,"href":"https:\/\/www.europesays.com\/fr\/wp-json\/wp\/v2\/comments?post=627758"}],"version-history":[{"count":0,"href":"https:\/\/www.europesays.com\/fr\/wp-json\/wp\/v2\/posts\/627758\/revisions"}],"wp:featuredmedia":[{"embeddable":true,"href":"https:\/\/www.europesays.com\/fr\/wp-json\/wp\/v2\/media\/627759"}],"wp:attachment":[{"href":"https:\/\/www.europesays.com\/fr\/wp-json\/wp\/v2\/media?parent=627758"}],"wp:term":[{"taxonomy":"category","embeddable":true,"href":"https:\/\/www.europesays.com\/fr\/wp-json\/wp\/v2\/categories?post=627758"},{"taxonomy":"post_tag","embeddable":true,"href":"https:\/\/www.europesays.com\/fr\/wp-json\/wp\/v2\/tags?post=627758"}],"curies":[{"name":"wp","href":"https:\/\/api.w.org\/{rel}","templated":true}]}}