{"id":627762,"date":"2025-12-29T14:32:12","date_gmt":"2025-12-29T14:32:12","guid":{"rendered":"https:\/\/www.europesays.com\/fr\/627762\/"},"modified":"2025-12-29T14:32:12","modified_gmt":"2025-12-29T14:32:12","slug":"entre-roman-et-enquete-ce-livre-qui-interroge-les-fractures","status":"publish","type":"post","link":"https:\/\/www.europesays.com\/fr\/627762\/","title":{"rendered":"entre roman et enqu\u00eate, ce livre qui interroge les fractures"},"content":{"rendered":"<p>Journaliste m\u00e9diatique notamment pass\u00e9 par Quotidien o\u00f9 il \u00e9tait chroniqueur, Paul Gasnier s\u2019est lanc\u00e9 dans l\u2019\u00e9criture avec La Collision, son premier roman paru en ao\u00fbt\u00a02025 aux \u00e9ditions Gallimard. Il y d\u00e9voile une part de son histoire dans ce qu\u2019elle a de plus intime.<\/p>\n<p>La Collision  est un r\u00e9cit autobiographique et une enqu\u00eate litt\u00e9raire\u00a0: Paul Gasnier y relate des faits d\u00e9roul\u00e9s \u00e0 Lyon 12 ans auparavant. Sa m\u00e8re, professeur de yoga, se rendait \u00e0 v\u00e9lo sur son lieu de travail\u00a0: elle est percut\u00e9e en route par un jeune sans permis \u00e0 moto en plein \u00ab\u00a0rod\u00e9o urbain\u00a0\u00bb. Sa m\u00e8re d\u00e9c\u00e8de une semaine apr\u00e8s l\u2019accident.<\/p>\n<p>  Un r\u00e9cit intime et cathartique<\/p>\n<p>\u00ab\u00a0Paul Gasnier revient sur l\u2019accident et l\u2019analyse d\u2019une certaine fa\u00e7on\u00a0: bien qu\u2019il se renseigne sur le jeune motard, il refuse de basculer dans la facilit\u00e9 de la haine\u00a0\u00bb, observe Nathalie Rodriguez. \u00ab\u00a0Avec humilit\u00e9 et retenue, Paul Gasnier s\u2019int\u00e9resse \u00e0 la vie de ce jeune des quartiers de la Croix Rousse, rencontre certains acteurs du drame, la s\u0153ur du motard, des juges, des policiers, des encadreurs sociaux\u00a0\u00bb. Ce r\u00e9cit intime et cathartique \u00ab\u00a0va l\u2019aider \u00e0 faire son deuil et lui conf\u00e8re une forme de r\u00e9silience\u00a0\u00bb.<\/p>\n<p>\u00c0 travers l\u2019\u00e9motion d\u2019un traumatisme v\u00e9cu et auscult\u00e9, Paul Gasnier interroge les fractures qui parcourent notre soci\u00e9t\u00e9. \u00ab\u00a0Le mot\u00a0\u00bb collision \u00ab\u00a0prend alors un double sens\u00a0: c\u2019est \u00e9videmment l\u2019accident mais aussi la rencontre entre deux classes sociales, celle de la famille de Paul Gasnier et celle du motard\u00a0\u00bb, une rencontre accidentelle r\u00e9v\u00e9latrice des fragmentations sociales fran\u00e7aises.<\/p>\n","protected":false},"excerpt":{"rendered":"Journaliste m\u00e9diatique notamment pass\u00e9 par Quotidien o\u00f9 il \u00e9tait chroniqueur, Paul Gasnier s\u2019est lanc\u00e9 dans l\u2019\u00e9criture avec La&hellip;\n","protected":false},"author":2,"featured_media":627763,"comment_status":"","ping_status":"","sticky":false,"template":"","format":"standard","meta":{"footnotes":""},"categories":[9653],"tags":[1111,11,2430,1687,7539,1777,674,1011,27,2410,3367,12,25,12490,12491,4001],"class_list":{"0":"post-627762","1":"post","2":"type-post","3":"status-publish","4":"format-standard","5":"has-post-thumbnail","7":"category-saint-etienne","8":"tag-actu","9":"tag-actualites","10":"tag-auvergne-rhone-alpes","11":"tag-culture-loisirs","12":"tag-edition-loire-sud","13":"tag-eu","14":"tag-europe","15":"tag-fr","16":"tag-france","17":"tag-livres-bd","18":"tag-loire","19":"tag-news","20":"tag-republique-francaise","21":"tag-roche-la-moliere","22":"tag-roche-la-moliere-bassin","23":"tag-saint-etienne"},"share_on_mastodon":{"url":"https:\/\/pubeurope.com\/@fr\/115803347270451812","error":""},"_links":{"self":[{"href":"https:\/\/www.europesays.com\/fr\/wp-json\/wp\/v2\/posts\/627762","targetHints":{"allow":["GET"]}}],"collection":[{"href":"https:\/\/www.europesays.com\/fr\/wp-json\/wp\/v2\/posts"}],"about":[{"href":"https:\/\/www.europesays.com\/fr\/wp-json\/wp\/v2\/types\/post"}],"author":[{"embeddable":true,"href":"https:\/\/www.europesays.com\/fr\/wp-json\/wp\/v2\/users\/2"}],"replies":[{"embeddable":true,"href":"https:\/\/www.europesays.com\/fr\/wp-json\/wp\/v2\/comments?post=627762"}],"version-history":[{"count":0,"href":"https:\/\/www.europesays.com\/fr\/wp-json\/wp\/v2\/posts\/627762\/revisions"}],"wp:featuredmedia":[{"embeddable":true,"href":"https:\/\/www.europesays.com\/fr\/wp-json\/wp\/v2\/media\/627763"}],"wp:attachment":[{"href":"https:\/\/www.europesays.com\/fr\/wp-json\/wp\/v2\/media?parent=627762"}],"wp:term":[{"taxonomy":"category","embeddable":true,"href":"https:\/\/www.europesays.com\/fr\/wp-json\/wp\/v2\/categories?post=627762"},{"taxonomy":"post_tag","embeddable":true,"href":"https:\/\/www.europesays.com\/fr\/wp-json\/wp\/v2\/tags?post=627762"}],"curies":[{"name":"wp","href":"https:\/\/api.w.org\/{rel}","templated":true}]}}