{"id":627766,"date":"2025-12-29T14:34:09","date_gmt":"2025-12-29T14:34:09","guid":{"rendered":"https:\/\/www.europesays.com\/fr\/627766\/"},"modified":"2025-12-29T14:34:09","modified_gmt":"2025-12-29T14:34:09","slug":"quels-magasins-seront-ouverts-a-nancy-ou-a-metz-2","status":"publish","type":"post","link":"https:\/\/www.europesays.com\/fr\/627766\/","title":{"rendered":"quels magasins seront ouverts \u00e0 Nancy ou \u00e0 Metz\u00a0?"},"content":{"rendered":"<p>                    Par<br \/>\n        <strong><br \/>\n            <a href=\"https:\/\/actu.fr\/auteur\/amandine-mehl\" title=\"Consulter tous les articles de Amandine Mehl\" target=\"_blank\" rel=\"noopener\">Amandine Mehl<\/a><br \/>\n                    <\/strong><\/p>\n<p>        Publi\u00e9 le<\/p>\n<p>            29 d\u00e9c. 2025 \u00e0 12h21        <\/p>\n<p>Jeudi 1\u1d49\u02b3 janvier 2026, la plupart des <a href=\"https:\/\/actu.fr\/tag\/commerce\" target=\"_blank\" rel=\"noopener\">commerces<\/a> garderont leurs <strong>portes closes<\/strong> \u00e0 Metz comme \u00e0 Nancy. Toutefois, s\u2019il vous manque un petit quelque chose pour bien commencer la nouvelle ann\u00e9e, il vous sera possible de vous rabattre sur des <strong>commerces de proximit\u00e9<\/strong>.<br \/>Voici une <strong>liste non exhaustive<\/strong> des magasins ouverts et ferm\u00e9s.<\/p>\n<p>Aucun commerce recens\u00e9 ne sera ouvert \u00e0 Metz le 1er janvier 2026<\/p>\n<p class=\" wall-content\">\u00c0 Metz, aucun commerce recens\u00e9 ne sera ouvert le 1\u1d49\u02b3 janvier 2026.<\/p>\n<ul class=\" wall-content\">\n<li>Centre commercial Muse : ferm\u00e9<\/li>\n<li>Auchan Metz XXe Corps : ferm\u00e9\u00a0<\/li>\n<li>Auchan Sem\u00e9court : ferm\u00e9\u00a0<\/li>\n<li>Auchan Metz-Patrotte : ferm\u00e9<\/li>\n<li>Auchan Metz-Planti\u00e8res : ferm\u00e9<\/li>\n<li>Carrefour City, Metz Clercs : ferm\u00e9<\/li>\n<li>Carrefour City, Metz Saint-Simplice : ferm\u00e9<\/li>\n<li>Carrefour, Metz-Technop\u00f4le : ferm\u00e9<\/li>\n<li>Carrefour, Moulins-l\u00e8s-Metz : ferm\u00e9<\/li>\n<li>Carrefour Express, Metz Arsenal : ferm\u00e9<\/li>\n<li>Carrefour Express, Metz Gambetta : ferm\u00e9<\/li>\n<li>Carrefour Express, Metz Coislin : ferm\u00e9<\/li>\n<li>Carrefour Express, Metz Robert : ferm\u00e9<\/li>\n<li>Carrefour Express, Moulins-l\u00e8s-Metz : ferm\u00e9<\/li>\n<li>Carrefour City, Metz Saint-Maximin : ferm\u00e9<\/li>\n<li>Carrefour City, Metz avenue de Nancy : ferm\u00e9<\/li>\n<li>Ikea, La Maxe : ferm\u00e9<\/li>\n<li>Cultura, centre commercial Waves Actisud : ferm\u00e9<\/li>\n<li>Alinea, centre commercial Waves Actisud : ferm\u00e9<\/li>\n<li>Decathlon, Metz-Augny : ferm\u00e9.<\/li>\n<\/ul>\n<p>Les commerces ouverts et ferm\u00e9s \u00e0 Nancy le 1er janvier 2026<\/p>\n<p class=\" wall-content\">Contrairement \u00e0 la capitale mosellane, des <strong>commerces de proximit\u00e9<\/strong> seront <strong>ouverts<\/strong> \u00e0 Nancy.<\/p>\n<ul class=\" wall-content\">\n<li>Centre commercial Saint-S\u00e9bastien, Nancy : ferm\u00e9<\/li>\n<li>E.Leclerc, Vand\u0153uvre-l\u00e8s-Nancy : ferm\u00e9<\/li>\n<li>E.Leclerc, Nancy 2 Rives : ferm\u00e9<\/li>\n<li>E.Leclerc, Frouard : ferm\u00e9<\/li>\n<li>Auchan, Nancy-Lobau : ferm\u00e9<\/li>\n<li>Auchan, Tomblaine : ferm\u00e9<\/li>\n<li>Carrefour, Nancy-Houdemont : ferm\u00e9<\/li>\n<li>Carrefour, Essey-l\u00e8s-Nancy : ferm\u00e9<\/li>\n<li>Carrefour Contact, Nancy Keller : ferm\u00e9<\/li>\n<li>Carrefour Contact, Nancy Jeanne d\u2019Arc : ferm\u00e9<\/li>\n<li><strong>Carrefour City, Nancy (rue Saint-Nicolas) : ouvert de 9h \u00e0 22h<\/strong><\/li>\n<li>Carrefour City, Nancy Vieux Gourmet : ferm\u00e9<\/li>\n<li><strong>Carrefour City, Nancy Strasbourg : ouvert de 9h \u00e0 13h<\/strong><\/li>\n<li>Carrefour Express, Nancy St Dizier : ferm\u00e9<\/li>\n<li><strong>Carrefour Express, Nancy Saint-Epvre : ouvert de 9h \u00e0 20h<\/strong><\/li>\n<li>Carrefour Express, Nancy Jaur\u00e8s : ferm\u00e9<\/li>\n<li>Carrefour Express, Nancy Commanderie : ferm\u00e9<\/li>\n<li><strong>Carrefour Express, Nancy Craffe : ouvert de 9h \u00e0 13h<\/strong><\/li>\n<li><strong>Carrefour Express, Nancy Foch : ouvert de 9h \u00e0 22h<\/strong><\/li>\n<li><strong>Carrefour Express, Nancy L\u00e9opold : ouvert de 9h \u00e0 13h<\/strong><\/li>\n<li>Decathlon, Houdemont : ferm\u00e9.<\/li>\n<\/ul>\n<p class=\" wall-content\">Les commerces rouvriront leurs portes \u00e0 partir du 2 janvier.<\/p>\n<p class=\" wall-content\">Personnalisez votre actualit\u00e9 en ajoutant vos villes et m\u00e9dias en favori avec <a href=\"https:\/\/moncompte.actu.fr\" title=\"D\u00e9couvez Mon Actu\" rel=\"nofollow noopener\" data-trk=\"{&quot;cta&quot;:{&quot;action&quot;:&quot;https:\\\/\\\/moncompte.actu.fr&quot;,&quot;category&quot;:&quot;mon compte&quot;,&quot;from&quot;:&quot;article footer&quot;,&quot;name&quot;:&quot;Mon actu&quot;,&quot;type&quot;:&quot;cta&quot;}}\" target=\"_blank\">Mon Actu<\/a>.<\/p>\n","protected":false},"excerpt":{"rendered":"Par Amandine Mehl Publi\u00e9 le 29 d\u00e9c. 2025 \u00e0 12h21 Jeudi 1\u1d49\u02b3 janvier 2026, la plupart des commerces&hellip;\n","protected":false},"author":2,"featured_media":627767,"comment_status":"","ping_status":"","sticky":false,"template":"","format":"standard","meta":{"footnotes":""},"categories":[9635],"tags":[1111,11,215,1777,674,1011,27,775,1702,12,25,104],"class_list":{"0":"post-627766","1":"post","2":"type-post","3":"status-publish","4":"format-standard","5":"has-post-thumbnail","7":"category-nancy","8":"tag-actu","9":"tag-actualites","10":"tag-commerce","11":"tag-eu","12":"tag-europe","13":"tag-fr","14":"tag-france","15":"tag-grand-est","16":"tag-nancy","17":"tag-news","18":"tag-republique-francaise","19":"tag-societe"},"share_on_mastodon":{"url":"https:\/\/pubeurope.com\/@fr\/115803355261376102","error":""},"_links":{"self":[{"href":"https:\/\/www.europesays.com\/fr\/wp-json\/wp\/v2\/posts\/627766","targetHints":{"allow":["GET"]}}],"collection":[{"href":"https:\/\/www.europesays.com\/fr\/wp-json\/wp\/v2\/posts"}],"about":[{"href":"https:\/\/www.europesays.com\/fr\/wp-json\/wp\/v2\/types\/post"}],"author":[{"embeddable":true,"href":"https:\/\/www.europesays.com\/fr\/wp-json\/wp\/v2\/users\/2"}],"replies":[{"embeddable":true,"href":"https:\/\/www.europesays.com\/fr\/wp-json\/wp\/v2\/comments?post=627766"}],"version-history":[{"count":0,"href":"https:\/\/www.europesays.com\/fr\/wp-json\/wp\/v2\/posts\/627766\/revisions"}],"wp:featuredmedia":[{"embeddable":true,"href":"https:\/\/www.europesays.com\/fr\/wp-json\/wp\/v2\/media\/627767"}],"wp:attachment":[{"href":"https:\/\/www.europesays.com\/fr\/wp-json\/wp\/v2\/media?parent=627766"}],"wp:term":[{"taxonomy":"category","embeddable":true,"href":"https:\/\/www.europesays.com\/fr\/wp-json\/wp\/v2\/categories?post=627766"},{"taxonomy":"post_tag","embeddable":true,"href":"https:\/\/www.europesays.com\/fr\/wp-json\/wp\/v2\/tags?post=627766"}],"curies":[{"name":"wp","href":"https:\/\/api.w.org\/{rel}","templated":true}]}}