{"id":627781,"date":"2025-12-29T14:44:20","date_gmt":"2025-12-29T14:44:20","guid":{"rendered":"https:\/\/www.europesays.com\/fr\/627781\/"},"modified":"2025-12-29T14:44:20","modified_gmt":"2025-12-29T14:44:20","slug":"les-utopistes-affirmes-invites-a-presenter-leurs-projets-a-saint-sulpice-la-foret-pres-de","status":"publish","type":"post","link":"https:\/\/www.europesays.com\/fr\/627781\/","title":{"rendered":"Les\u00a0utopistes affirm\u00e9s, invit\u00e9s \u00e0 pr\u00e9senter leurs projets \u00e0 Saint-Sulpice-la-For\u00eat, pr\u00e8s de"},"content":{"rendered":"<p>Porteurs de projet innovant, d\u2019une initiative sociale, artisan avec une d\u00e9marche \u00e9coresponsable sont les bienvenus \u00e0 Saint-Sulpice-la-For\u00eat, pr\u00e8s de Rennes. \u00ab\u00a0Mais aussi des emp\u00eacheurs de tourner en rond et utopistes affirm\u00e9s pr\u00eats \u00e0 impacter positivement la vie locale\u00a0\u00bb, invite\u00a0la municipalit\u00e9. La commune est laur\u00e9ate d\u2019un concours national qui lui permet de financer ses projets structurants. D\u00e9velopper l\u2019\u00e9conomie sociale et solidaire en faire partie.<\/p>\n<p><strong>Lire aussi\u00a0:<\/strong> <a href=\"https:\/\/rennes.maville.com\/actu\/actudet_-comment-cette-petite-commune-pres-de-rennes-a-decroche-plus-de-3-millions-d-euros-de-subventions-_52674-6989296_actu.Htm\" target=\"_blank\" rel=\"noopener\">Comment cette petite commune pr\u00e8s de Rennes a d\u00e9croch\u00e9 plus de 3\u00a0millions d\u2019euros de subventions<\/a><\/p>\n<p>Elle invite les candidats \u00e0 <a href=\"https:\/\/saint-sulpice-la-foret.fr\/la-fabrik-appel-a-porteurs-de-projets\/\" target=\"_blank\" rel=\"noopener\">pr\u00e9senter leur projet<\/a>. L\u2019objectif est d\u2019installer de nouvelles activit\u00e9s dans\u00a0La Fabrik. Situ\u00e9e au c\u0153ur du bourg, c\u2019est une ancienne maison transform\u00e9e en tiers-lieu, une sorte de p\u00e9pini\u00e8re de microentreprises qui sont log\u00e9es contre un loyer tr\u00e8s modique pour ainsi tester leur activit\u00e9 et voir si elles peuvent se p\u00e9renniser sur une p\u00e9riode d\u2019incubation de 3 \u00e0 6\u00a0mois.<\/p>\n<p>Jusqu\u2019au 31\u00a0janvier 2026, il faut d\u00e9poser un dossier synth\u00e9tique de deux\u00a0pages sur\u00a0: secretariat.mairie@saint-sulpice-la-foret.fr.<\/p>\n<p>\u00a0<\/p>\n","protected":false},"excerpt":{"rendered":"Porteurs de projet innovant, d\u2019une initiative sociale, artisan avec une d\u00e9marche \u00e9coresponsable sont les bienvenus \u00e0 Saint-Sulpice-la-For\u00eat, pr\u00e8s&hellip;\n","protected":false},"author":2,"featured_media":627782,"comment_status":"","ping_status":"","sticky":false,"template":"","format":"standard","meta":{"footnotes":""},"categories":[2821],"tags":[1111,11,73734,829,1777,674,1011,27,12363,12,3762,5032,4916,584,25,73735,73733],"class_list":{"0":"post-627781","1":"post","2":"type-post","3":"status-publish","4":"format-standard","5":"has-post-thumbnail","7":"category-rennes","8":"tag-actu","9":"tag-actualites","10":"tag-affirmes","11":"tag-bretagne","12":"tag-eu","13":"tag-europe","14":"tag-fr","15":"tag-france","16":"tag-invites","17":"tag-news","18":"tag-pres","19":"tag-presenter","20":"tag-projets","21":"tag-rennes","22":"tag-republique-francaise","23":"tag-saint-sulpice-la-foret","24":"tag-utopistes"},"share_on_mastodon":{"url":"https:\/\/pubeurope.com\/@fr\/115803394184912906","error":""},"_links":{"self":[{"href":"https:\/\/www.europesays.com\/fr\/wp-json\/wp\/v2\/posts\/627781","targetHints":{"allow":["GET"]}}],"collection":[{"href":"https:\/\/www.europesays.com\/fr\/wp-json\/wp\/v2\/posts"}],"about":[{"href":"https:\/\/www.europesays.com\/fr\/wp-json\/wp\/v2\/types\/post"}],"author":[{"embeddable":true,"href":"https:\/\/www.europesays.com\/fr\/wp-json\/wp\/v2\/users\/2"}],"replies":[{"embeddable":true,"href":"https:\/\/www.europesays.com\/fr\/wp-json\/wp\/v2\/comments?post=627781"}],"version-history":[{"count":0,"href":"https:\/\/www.europesays.com\/fr\/wp-json\/wp\/v2\/posts\/627781\/revisions"}],"wp:featuredmedia":[{"embeddable":true,"href":"https:\/\/www.europesays.com\/fr\/wp-json\/wp\/v2\/media\/627782"}],"wp:attachment":[{"href":"https:\/\/www.europesays.com\/fr\/wp-json\/wp\/v2\/media?parent=627781"}],"wp:term":[{"taxonomy":"category","embeddable":true,"href":"https:\/\/www.europesays.com\/fr\/wp-json\/wp\/v2\/categories?post=627781"},{"taxonomy":"post_tag","embeddable":true,"href":"https:\/\/www.europesays.com\/fr\/wp-json\/wp\/v2\/tags?post=627781"}],"curies":[{"name":"wp","href":"https:\/\/api.w.org\/{rel}","templated":true}]}}