{"id":627783,"date":"2025-12-29T14:45:14","date_gmt":"2025-12-29T14:45:14","guid":{"rendered":"https:\/\/www.europesays.com\/fr\/627783\/"},"modified":"2025-12-29T14:45:14","modified_gmt":"2025-12-29T14:45:14","slug":"une-pluie-de-ventes-accompagnee-dun-pactole-pour-les-rouge-et-noir","status":"publish","type":"post","link":"https:\/\/www.europesays.com\/fr\/627783\/","title":{"rendered":"Une pluie de ventes accompagn\u00e9e d&rsquo;un pactole pour les Rouge et Noir ?"},"content":{"rendered":"<p>                                            Publi\u00e9 le 29\/12\/2025 \u00e0 13h18<br \/>\n                                                                                3 minutes de lecture\n                                                                    <\/p>\n<p>F\u00e9ru de sport et plus particuli\u00e8rement de ballon rond depuis ma plus tendre enfance.<\/p>\n<p>                                            Lire la suite<\/p>\n<p>Le Stade Rennais vit actuellement une v\u00e9ritable m\u00e9tamorphose sous la houlette d\u00a0\u00bb<strong>Habib Beye<\/strong>, qui a r\u00e9ussi l&rsquo;exploit de transformer radicalement l&rsquo;image et les performances du club breton en l&rsquo;espace de quelques semaines seulement. Celui qui \u00e9tait auparavant per\u00e7u comme \u00ab\u00a0responsable de tous les maux ou presque du SRFC\u00a0\u00bb s&rsquo;est mu\u00e9 en v\u00e9ritable architecte du renouveau rennais, propulsant son \u00e9quipe \u00e0 une prometteuse <strong>sixi\u00e8me place au classement<\/strong> lors de la tr\u00eave hivernale. Cette ascension fulgurante t\u00e9moigne d&rsquo;un travail de fond remarquable, o\u00f9 les co\u00e9quipiers d&rsquo;<strong>Esteban Lepaul et Valentin Rongier<\/strong> ont retrouv\u00e9 confiance et efficacit\u00e9. Le changement de perception autour de l&rsquo;entra\u00eeneur illustre parfaitement la capacit\u00e9 du football \u00e0 renverser les situations les plus d\u00e9licates, transformant les critiques en \u00e9loges m\u00e9rit\u00e9s.<\/p>\n<p>                                <img decoding=\"async\" src=\"https:\/\/www.europesays.com\/fr\/wp-content\/uploads\/2025\/04\/1744123449_543_logo.png\" alt=\"Logo\"\/><\/p>\n<p>100\u20ac offerts sur ton 1er pari !<\/p>\n<p>                            <a href=\"https:\/\/www.score.fr\/redirection\/1\/\" class=\"headband-button\" target=\"_blank\" rel=\"noopener\">J&rsquo;en profite<\/a><\/p>\n<p>                                                                <img loading=\"lazy\" decoding=\"async\" src=\"https:\/\/www.europesays.com\/fr\/wp-content\/uploads\/2025\/12\/mercato-rennes-une-pluie-de-ventes-accompagnee-d-un-pactole-pour-les-rouge-et-noir.jpg\" alt=\"Illustration : &quot;Mercato Rennes : Une pluie de ventes accompagn\u00e9e d'un pactole pour les Rouge et Noir ?&quot;\" class=\"figure-img img-fluid\" width=\"780\" height=\"478\"\/><\/p>\n<p>                                    \u00a9 Site officiel du Stade Rennais                                <\/p>\n<p>Une strat\u00e9gie mercato r\u00e9fl\u00e9chie en perspective<\/p>\n<p>L&rsquo;approche du mercato hivernal suscite de nombreuses interrogations au sein du Roazhon Park, d&rsquo;autant plus que le club a l&rsquo;habitude de proc\u00e9der \u00e0 des mouvements significatifs lors des fen\u00eatres de transfert. Les pr\u00e9c\u00e9dentes sessions dirig\u00e9es par <strong>Frederic Massara<\/strong> ou <strong>Arnaud Pouille<\/strong> avaient d\u00e9j\u00e0 d\u00e9montr\u00e9 la volont\u00e9 rennaise de faire \u00e9voluer constamment son effectif. Cette fois-ci, l&rsquo;\u00e9tat-major breton ne serait pas oppos\u00e9 \u00e0 l&rsquo;id\u00e9e de proc\u00e9der \u00e0 quelques r\u00e9ajustements strat\u00e9giques pour optimiser encore davantage les performances de l&rsquo;\u00e9quipe. Les situations particuli\u00e8res de certains joueurs comme l&rsquo;<strong>ex-lensois Seko Fofana<\/strong> et l&rsquo;<strong>ancien nantais Ludovic Blas<\/strong> alimentent d\u00e9j\u00e0 les sp\u00e9culations et t\u00e9moignent de la complexit\u00e9 des enjeux \u00e0 venir. Cette approche mesur\u00e9e du mercato s&rsquo;inscrit parfaitement dans la philosophie de d\u00e9veloppement durable que semble vouloir instaurer Habib Beye.<\/p>\n<p>L&rsquo;\u00e9closion exceptionnelle des jeunes talents<\/p>\n<p>La v\u00e9ritable r\u00e9volution orchestr\u00e9e par Habib Beye se mat\u00e9rialise surtout par sa capacit\u00e9 \u00e0 faire \u00e9merger les p\u00e9pites du centre de formation rennais, redonnant ainsi ses lettres de noblesse \u00e0 une acad\u00e9mie qui avait vu partir ses plus beaux fleurons. Apr\u00e8s les d\u00e9parts retentissants d&rsquo;<strong>Eduardo Camavinga, D\u00e9sir\u00e9 Dou\u00e9, Mathys Tel et Jean\u00fcel Belocian<\/strong>, beaucoup s&rsquo;inqui\u00e9taient de voir le vivier de talents se tarir. Pourtant, l&rsquo;entra\u00eeneur a su identifier et lancer dans le grand bain plusieurs jeunes joueurs prometteurs, \u00e0 commencer par <strong>J\u00e9r\u00e9my Jacquet<\/strong>, dont les performances ont d\u00e9j\u00e0 attir\u00e9 l&rsquo;attention du Real Madrid et de Chelsea, avec une valorisation estim\u00e9e \u00e0 <strong>40 millions d&rsquo;euros<\/strong>. Cette capacit\u00e9 \u00e0 r\u00e9v\u00e9ler les talents t\u00e9moigne d&rsquo;un \u0153il expert et d&rsquo;une m\u00e9thode de travail particuli\u00e8rement efficace pour faire progresser la jeunesse rennaise.<\/p>\n<p>Un patrimoine sportif valoris\u00e9 \u00e0 120 millions d&rsquo;euros<\/p>\n<p>Au-del\u00e0 de J\u00e9r\u00e9my Jacquet, Habib Beye a \u00e9galement su mettre en lumi\u00e8re d&rsquo;autres p\u00e9pites du centre de formation, cr\u00e9ant ainsi un v\u00e9ritable tr\u00e9sor de guerre pour le club breton. <strong>Abdelhamid A\u00eft-Boudlal et Djaoui Ciss\u00e9<\/strong> sont d\u00e9sormais \u00e9valu\u00e9s \u00e0 <strong>25 millions d&rsquo;euros chacun<\/strong>, tandis que <strong>Kader Me\u00eft\u00e9<\/strong> suscite d\u00e9j\u00e0 les convoitises des plus grands clubs europ\u00e9ens avec une valorisation proche des <strong>30 millions d&rsquo;euros<\/strong>. Sans oublier le tr\u00e8s prometteur <strong>Elias Legendre-Quinonez<\/strong>, qui compl\u00e8te cette nouvelle g\u00e9n\u00e9ration dor\u00e9e. Cette valorisation globale de 120 millions d&rsquo;euros repr\u00e9sente bien plus qu&rsquo;un simple succ\u00e8s financier : elle symbolise la renaissance d&rsquo;un projet sportif ambitieux et la promesse d&rsquo;un avenir radieux pour le Stade Rennais sous l&rsquo;impulsion de son entra\u00eeneur visionnaire.<\/p>\n<p><strong>Ce samedi 3 janvier, le Stade Rennais se d\u00e9place \u00e0 Lille pour lancer son ann\u00e9e 2026 en Ligue 1. \u00c0 cette occasion, profitez de 100\u20ac offerts pour votre premi\u00e8re inscription sur Parions Sport en Ligne. <\/strong><a href=\"https:\/\/www.score.fr\/redirection\/1\/\" target=\"_blank\" rel=\"noopener\"><strong>Les Rouge et Noir cr\u00e9ent la sensation dans le Nord ? Pariez sur une victoire du Stade Rennais face au LOSC vous rapporte jusqu\u2019\u00e0 375 \u20ac !<\/strong><\/a><\/p>\n<p><strong>Pour en profiter, c\u2019est tr\u00e8s simple :<\/strong><\/p>\n<p><strong>&#8211; Cr\u00e9ez votre compte joueur en seulement 2 \u00e9tapes <\/strong><a href=\"https:\/\/www.score.fr\/redirection\/1\/\" target=\"_blank\" rel=\"noopener\"><strong>ici<\/strong><\/a><\/p>\n<p><strong>&#8211; R\u00e9alisez votre 1er d\u00e9p\u00f4t puis placez votre 1er pari (Minimum 5\u20ac)<\/strong><\/p>\n<p><strong>&#8211; Une fois votre 1er d\u00e9p\u00f4t et votre 1er pari r\u00e9alis\u00e9s, l\u2019int\u00e9gralit\u00e9 du montant de ce 1er pari sera cr\u00e9dit\u00e9e sur votre compte joueur dans la limite de 100\u20ac maximum et sous la forme de cr\u00e9dits de jeu non retirables. Le cr\u00e9dit s\u2019effectuera alors en une seule \u00e9tape et sous 3 jours<\/strong><\/p>\n<p><strong>Jouer comporte des risques : endettement, d\u00e9pendance\u2026 Appelez le 09 74 75 13 13 (appel non surtax\u00e9)<\/strong><\/p>\n","protected":false},"excerpt":{"rendered":"Publi\u00e9 le 29\/12\/2025 \u00e0 13h18 3 minutes de lecture F\u00e9ru de sport et plus particuli\u00e8rement de ballon rond&hellip;\n","protected":false},"author":2,"featured_media":627784,"comment_status":"","ping_status":"","sticky":false,"template":"","format":"standard","meta":{"footnotes":""},"categories":[2821],"tags":[1111,11,829,1777,674,1011,27,12,584,25],"class_list":{"0":"post-627783","1":"post","2":"type-post","3":"status-publish","4":"format-standard","5":"has-post-thumbnail","7":"category-rennes","8":"tag-actu","9":"tag-actualites","10":"tag-bretagne","11":"tag-eu","12":"tag-europe","13":"tag-fr","14":"tag-france","15":"tag-news","16":"tag-rennes","17":"tag-republique-francaise"},"share_on_mastodon":{"url":"https:\/\/pubeurope.com\/@fr\/115803398303504424","error":""},"_links":{"self":[{"href":"https:\/\/www.europesays.com\/fr\/wp-json\/wp\/v2\/posts\/627783","targetHints":{"allow":["GET"]}}],"collection":[{"href":"https:\/\/www.europesays.com\/fr\/wp-json\/wp\/v2\/posts"}],"about":[{"href":"https:\/\/www.europesays.com\/fr\/wp-json\/wp\/v2\/types\/post"}],"author":[{"embeddable":true,"href":"https:\/\/www.europesays.com\/fr\/wp-json\/wp\/v2\/users\/2"}],"replies":[{"embeddable":true,"href":"https:\/\/www.europesays.com\/fr\/wp-json\/wp\/v2\/comments?post=627783"}],"version-history":[{"count":0,"href":"https:\/\/www.europesays.com\/fr\/wp-json\/wp\/v2\/posts\/627783\/revisions"}],"wp:featuredmedia":[{"embeddable":true,"href":"https:\/\/www.europesays.com\/fr\/wp-json\/wp\/v2\/media\/627784"}],"wp:attachment":[{"href":"https:\/\/www.europesays.com\/fr\/wp-json\/wp\/v2\/media?parent=627783"}],"wp:term":[{"taxonomy":"category","embeddable":true,"href":"https:\/\/www.europesays.com\/fr\/wp-json\/wp\/v2\/categories?post=627783"},{"taxonomy":"post_tag","embeddable":true,"href":"https:\/\/www.europesays.com\/fr\/wp-json\/wp\/v2\/tags?post=627783"}],"curies":[{"name":"wp","href":"https:\/\/api.w.org\/{rel}","templated":true}]}}