{"id":627785,"date":"2025-12-29T14:46:23","date_gmt":"2025-12-29T14:46:23","guid":{"rendered":"https:\/\/www.europesays.com\/fr\/627785\/"},"modified":"2025-12-29T14:46:23","modified_gmt":"2025-12-29T14:46:23","slug":"ou-garer-gratuitement-sa-voiture-pour-la-soiree-du-nouvel-an","status":"publish","type":"post","link":"https:\/\/www.europesays.com\/fr\/627785\/","title":{"rendered":"o\u00f9 garer gratuitement sa voiture pour la soir\u00e9e du Nouvel An ?"},"content":{"rendered":"<p>    <img loading=\"lazy\" width=\"1800\" height=\"900\" src=\"https:\/\/www.europesays.com\/fr\/wp-content\/uploads\/2025\/11\/jeanne-callthepolice.jpg\" class=\"attachment-full size-full\" alt=\"\" id=\"imageLove\" decoding=\"async\"  \/><\/p>\n<p id=\"breadcrumbs\"><a href=\"https:\/\/pokaa.fr\/\" target=\"_blank\" rel=\"noopener\">Accueil<\/a> \/ <a href=\"https:\/\/pokaa.fr\/categories\/actu\/\" target=\"_blank\" rel=\"noopener\">Info locale<\/a> \/ Strasbourg bon plan : o\u00f9 garer gratuitement sa voiture pour la soir\u00e9e du Nouvel An ?<\/p>\n<p>                    Info locale<\/p>\n<p><b>Pour la soir\u00e9e du Nouvel An, la Ville et l\u2019Eurom\u00e9tropole de Strasbourg proposent comme chaque ann\u00e9e diff\u00e9rentes solutions pour garer gratuitement sa voiture dans des parkings surveill\u00e9s et s\u00e9curis\u00e9s. Alors voici un petit guide pour savoir comment se d\u00e9brouiller le 31 d\u00e9cembre !<\/b><\/p>\n<p class=\"p1\">Le Nouvel An repr\u00e9sente un des points les plus chauds de l\u2019hiver strasbourgeois, notamment pour les voitures. Chaque ann\u00e9e, les m\u00e9dias locaux et cha\u00eenes d\u2019info en continu montrent \u00e0 l\u2019image ces automobiles calcin\u00e9es le lendemain du passage \u00e0 la nouvelle ann\u00e9e. <b>L\u2019an dernier, c\u2019\u00e9tait un peu plus de 60 voitures qui avaient br\u00fbl\u00e9 \u00e0 Strasbourg\u2026<\/b><\/p>\n<p class=\"p1\">Le 17 d\u00e9cembre dernier,<b> la Ville de Strasbourg a annonc\u00e9 que certaines rues seraient interdites au stationnement du 31 d\u00e9cembre 6h au 1er janvier 6h<\/b>, \u00ab\u00a0afin de limiter les risques de violences urbaines li\u00e9s \u00e0 des incendies de v\u00e9hicules, mais aussi pour faciliter l\u2019intervention des services de secours \u00bb. On y retrouve diff\u00e9rentes rues situ\u00e9es dans les quartiers prioritaires, <a href=\"https:\/\/www.strasbourg.eu\/documents\/d\/strasbourg.eu\/cartestrasbourg-1-pdf\" target=\"_blank\" rel=\"noopener\">au sein d\u2019une liste \u00e0 retrouver ici<\/a>.<\/p>\n<p class=\"p1\">En \u00ab\u00a0compensation\u00a0\u00bb, comme la Ville l\u2019explique sur son site web, <b>elle met en place des zones de stationnement gratuites et surveill\u00e9es, accessibles du 31 d\u00e9cembre 2025 \u00e0 6h au 1er janvier 2026 \u00e0 15h<\/b>. \u00c0 ce moment-l\u00e0, selon votre lieu d\u2019habitation ou de soir\u00e9e du Nouvel An, trois options s\u2019offrent \u00e0 vous.<\/p>\n<p>    <img width=\"800\" height=\"600\" src=\"https:\/\/www.europesays.com\/fr\/wp-content\/uploads\/2025\/12\/img-1424-800x600.jpeg\" class=\"attachment-image-size-L size-image-size-L\" alt=\"Voiture br\u00fbl\u00e9e Meinau\" decoding=\"async\" loading=\"lazy\"  \/>         \u00a9 C\u00e9lia Van Haaren \/ Pokaa <\/p>\n<p>Solution n\u00b01 : garer sa voiture dans un parking-relais<\/p>\n<p class=\"p1\">Solution de plus en plus mise en avant par la Ville pour garer sa voiture dans la vie de tous les jours, <b>les parkings-relais seront une nouvelle fois la solution la plus simple pour y d\u00e9poser son v\u00e9hicule avant sa soir\u00e9e<\/b>. Sur les 12 disponibles habituellement, 7 seront accessibles le 31 d\u00e9cembre. Dans le d\u00e9tail :<\/p>\n<ul class=\"ul1\">\n<li class=\"li1\"><b\/><b>Le P+R Baggersee<\/b>, 10 rue de Cannes, Illkirch-Graffenstaden, si la f\u00eate se tient c\u00f4t\u00e9 Meinau.<\/li>\n<li class=\"li1\"><b\/><b>Le P+R Ducs d\u2019Alsace<\/b>, rue des Ducs, si vous passez le Nouvel An pr\u00e8s de Cronenbourg et Hautepierre.<\/li>\n<li class=\"li1\"><b\/><b>Le P+R Elsau<\/b>, 22 rue Eug\u00e8ne-Delacroix, si c\u2019est plut\u00f4t pr\u00e8s de l\u2019Elsau.<\/li>\n<li class=\"li1\"><b\/><b>Le P+R Kibitzenau<\/b>, 23 avenue du Neuhof, si vous \u00eates dans le secteur du Neuhof.<\/li>\n<li class=\"li1\"><b\/><b>Le P+R Poteries<\/b>, avenue Francois-Mitterrand, si les festivit\u00e9s s\u2019organisent dans le quartier Poteries ou celui de l\u2019Hohberg.<\/li>\n<li class=\"li1\"><b\/><b>Le P+R Parc des Romains<\/b>, 2 route des Romains, pour un secteur qui va de la gare \u00e0 Koenigshoffen, en passant par la Montagne Verte.<\/li>\n<\/ul>\n<p class=\"p1\">Enfin, si vous souhaitez passer la nouvelle ann\u00e9e hors de Strasbourg et vers le nord, le <b>P+R H\u0153nheim Gare<\/b>, situ\u00e9 route de La Wantzenau \u00e0 H\u0153nheim, est tout indiqu\u00e9. On remarquera par ailleurs que le tout nouveau parking-relais de Wolfisheim ne sera pas ouvert pour la nuit de la Saint-Sylvestre.<\/p>\n<p>    <img width=\"800\" height=\"600\" src=\"https:\/\/www.europesays.com\/fr\/wp-content\/uploads\/2025\/07\/img-0130-copie-2-800x600.jpg\" class=\"attachment-image-size-L size-image-size-L\" alt=\"parking relais baggersee\" decoding=\"async\" loading=\"lazy\"  \/>         \u00a9 Coraline Lafon \/ Pokaa <\/p>\n<p>Solution n\u00b02 : trouver un parking s\u00e9curis\u00e9 pr\u00e8s de chez vous<\/p>\n<p class=\"p5\">Si vous vous sentez d\u2019humeur aventureuse pour essayer une autre solution que les parkings-relais, <b>5 autres parkings s\u00e9curis\u00e9s sont \u00e0 votre disposition d\u00e8s 6h du matin le 31 d\u00e9cembre, selon votre lieu de festivit\u00e9s<\/b>. Dans le d\u00e9tail :<\/p>\n<ul class=\"ul1\">\n<li class=\"li1\"><b\/><b>Parking de l\u2019\u00e9cole JB Schwilgu\u00e9, 14 rue de la Liepvrette<\/b>, pour une soir\u00e9e \u00e0 la Cit\u00e9 de l\u2019Ill.<\/li>\n<li class=\"li1\"><b\/><b>Parking du parc de la Citadelle<\/b>, rue de Boston, pour faire la fiesta c\u00f4t\u00e9 Esplanade ou Conseil des XV.<\/li>\n<li class=\"li1\"><b\/><b>Stade de la Canardi\u00e8re<\/b>, rue du Baggersee, pour la Meinau.<\/li>\n<li class=\"li1\"><b\/><b>Parking du centre de formation de conduite<\/b>, rue Guynemer, pour un Nouvel An \u00e0 la Musau.<\/li>\n<li class=\"li1\"><b\/><b>Parking du jardin des Deux Rives<\/b>, rue des Cavaliers, pour une f\u00eate franco-allemande au Port-du-Rhin.<\/li>\n<\/ul>\n<p>    <img width=\"510\" height=\"600\" src=\"https:\/\/www.europesays.com\/fr\/wp-content\/uploads\/2025\/12\/capture-decran-2025-12-22-a-135054-510x600.png\" class=\"attachment-image-size-M size-image-size-M\" alt=\"stationnement nouvel an\" decoding=\"async\" loading=\"lazy\"  \/>         \u00a9\u00a0Ville de Strasbourg \/ Capture d&rsquo;\u00e9cran <\/p>\n<p>Solution n\u00b03 : aller au-del\u00e0 de Strasbourg dans l\u2019Eurom\u00e9tropole<\/p>\n<p class=\"p5\">Il sera \u00e9galement possible d\u2019aller d\u00e9poser sa voiture en dehors de Strasbourg, dans plusieurs communes de l\u2019Eurom\u00e9tropole. <b>Toujours du 31 d\u00e9cembre \u00e0 6h jusqu\u2019au 1er janvier \u00e0 6h<\/b>, vous pourrez d\u00e9poser votre voiture au parking de l\u2019\u00e9cole des Prunelliers, 82 avenue de P\u00e9rigueux pour des f\u00eates \u00e0 Bischheim. \u00c0\u00a0<b>H\u0153nheim<\/b>, comme \u00e9voqu\u00e9 plus haut, le parking-relais H\u0153nheim Gare sera the place to be.<\/p>\n<p class=\"p5\">C\u00f4t\u00e9\u00a0<b>Illkirch<\/b>, deux solutions : le parking du complexe sportif du Lixenbuhl, rue Lixenbuhl ou le P+R Baggersee, 10 rue de Cannes. C\u00f4t\u00e9 fiesta \u00e0\u00a0<b>Lingolsheim<\/b>, il faudra aller au stade Joffre-Lefebvre, rue de Graffenstaden\u2026 Tandis qu\u2019\u00e0 <b>Ostwald<\/b>, la solution n\u2019est pas id\u00e9ale, car le parking le plus proche est celui du P+R Elsau, un peu plus loin.<\/p>\n<p class=\"p5\">Enfin, pour\u00a0<b>Schiltigheim<\/b>, ce sera au parking de la piscine, 9 rue de Turenne.\u00a0<b>Pour le reste des infos,\u00a0<\/b><a href=\"https:\/\/www.strasbourg.eu\/-\/mesures-stationnement-31-decembre\" target=\"_blank\" rel=\"noopener\"><b>vous pouvez vous rendre sur cette page !\u00a0<\/b><\/a><\/p>\n","protected":false},"excerpt":{"rendered":"Accueil \/ Info locale \/ Strasbourg bon plan : o\u00f9 garer gratuitement sa voiture pour la soir\u00e9e du&hellip;\n","protected":false},"author":2,"featured_media":627786,"comment_status":"","ping_status":"","sticky":false,"template":"","format":"standard","meta":{"footnotes":""},"categories":[2820],"tags":[1111,917,11,1777,674,1011,27,775,12,39117,73736,40414,25,656,6173,640],"class_list":{"0":"post-627785","1":"post","2":"type-post","3":"status-publish","4":"format-standard","5":"has-post-thumbnail","7":"category-strasbourg","8":"tag-actu","9":"tag-actu-locale","10":"tag-actualites","11":"tag-eu","12":"tag-europe","13":"tag-fr","14":"tag-france","15":"tag-grand-est","16":"tag-news","17":"tag-nouvel-an","18":"tag-ou-se-garer-a-nouvel-an","19":"tag-parking-relais","20":"tag-republique-francaise","21":"tag-securite","22":"tag-stationnement","23":"tag-strasbourg"},"share_on_mastodon":{"url":"https:\/\/pubeurope.com\/@fr\/115803402246945892","error":""},"_links":{"self":[{"href":"https:\/\/www.europesays.com\/fr\/wp-json\/wp\/v2\/posts\/627785","targetHints":{"allow":["GET"]}}],"collection":[{"href":"https:\/\/www.europesays.com\/fr\/wp-json\/wp\/v2\/posts"}],"about":[{"href":"https:\/\/www.europesays.com\/fr\/wp-json\/wp\/v2\/types\/post"}],"author":[{"embeddable":true,"href":"https:\/\/www.europesays.com\/fr\/wp-json\/wp\/v2\/users\/2"}],"replies":[{"embeddable":true,"href":"https:\/\/www.europesays.com\/fr\/wp-json\/wp\/v2\/comments?post=627785"}],"version-history":[{"count":0,"href":"https:\/\/www.europesays.com\/fr\/wp-json\/wp\/v2\/posts\/627785\/revisions"}],"wp:featuredmedia":[{"embeddable":true,"href":"https:\/\/www.europesays.com\/fr\/wp-json\/wp\/v2\/media\/627786"}],"wp:attachment":[{"href":"https:\/\/www.europesays.com\/fr\/wp-json\/wp\/v2\/media?parent=627785"}],"wp:term":[{"taxonomy":"category","embeddable":true,"href":"https:\/\/www.europesays.com\/fr\/wp-json\/wp\/v2\/categories?post=627785"},{"taxonomy":"post_tag","embeddable":true,"href":"https:\/\/www.europesays.com\/fr\/wp-json\/wp\/v2\/tags?post=627785"}],"curies":[{"name":"wp","href":"https:\/\/api.w.org\/{rel}","templated":true}]}}